{"id":12572,"date":"2019-09-17T11:09:40","date_gmt":"2019-09-17T09:09:40","guid":{"rendered":"https:\/\/www.sitem.fr\/?p=12572"},"modified":"2019-09-18T12:15:58","modified_gmt":"2019-09-18T10:15:58","slug":"ducaroy-grange-realise-un-decor-sculpte-pour-lexposition-azur-la-riviera","status":"publish","type":"post","link":"https:\/\/www.sitem.fr\/en\/ducaroy-grange-realise-un-decor-sculpte-pour-lexposition-azur-la-riviera\/","title":{"rendered":"Ducaroy-Grange r\u00e9alise un d\u00e9cor sculpt\u00e9 pour l\u2019exposition \u00ab\u00a0AZUR, La Riviera\u00a0\u00bb"},"content":{"rendered":"<p>Notre client, l\u2019agence de coordination artistique Studio Art in Situ, a fait r\u00e9aliser par Ducaroy-Grange un d\u00e9cor sculpt\u00e9 en r\u00e9sine de plus de 2m de haut \u00e0 partir des dessins de l\u2019artiste peintre et illustratrice Perrine Honor\u00e9. L\u2019exposition \u00ab\u00a0AZUR, La Riviera\u00a0\u00bb, consacr\u00e9e \u00e0 l\u2019artiste ni\u00e7oise, est install\u00e9e au sein du centre commercial Nicetoile (Nice) depuis le 3 juillet jusqu\u2019au 15 septembre 2019.<\/p>\n<p>&nbsp;<\/p>\n<div id=\"attachment_12575\" style=\"width: 810px\" class=\"wp-caption alignright\"><a href=\"https:\/\/www.sitem.fr\/wp-content\/uploads\/2019\/09\/Sculpture_Ducaroy-Grange\u00a9Arnaud-SZALAI.jpg\"><img loading=\"lazy\" decoding=\"async\" aria-describedby=\"caption-attachment-12575\" class=\"wp-image-12575 size-full\" src=\"https:\/\/www.sitem.fr\/wp-content\/uploads\/2019\/09\/Sculpture_Ducaroy-Grange\u00a9Arnaud-SZALAI.jpg\" alt=\"\" width=\"800\" height=\"534\" srcset=\"https:\/\/www.sitem.fr\/wp-content\/uploads\/2019\/09\/Sculpture_Ducaroy-Grange\u00a9Arnaud-SZALAI.jpg 800w, https:\/\/www.sitem.fr\/wp-content\/uploads\/2019\/09\/Sculpture_Ducaroy-Grange\u00a9Arnaud-SZALAI-600x401.jpg 600w, https:\/\/www.sitem.fr\/wp-content\/uploads\/2019\/09\/Sculpture_Ducaroy-Grange\u00a9Arnaud-SZALAI-300x200.jpg 300w, https:\/\/www.sitem.fr\/wp-content\/uploads\/2019\/09\/Sculpture_Ducaroy-Grange\u00a9Arnaud-SZALAI-768x513.jpg 768w\" sizes=\"auto, (max-width: 800px) 100vw, 800px\" \/><\/a><p id=\"caption-attachment-12575\" class=\"wp-caption-text\">D\u00e9cor sculpt\u00e9 1 &#8211; Exposition &#8220;Azur, La Riviera&#8221;<\/p><\/div>\n<p>Cette exposition compte diverses \u0153uvres, dont les \u00ab\u00a0brochettes de coquillages\u00a0\u00bb et les \u00ab\u00a0cornets de glaces\u00a0\u00bb r\u00e9alis\u00e9s par Ducaroy-Grange, mais aussi des brochettes de fruits gonflables et une fresque murale peinte par l\u2019artiste.<\/p>\n<p>&nbsp;<\/p>\n<p>Ducaroy-Grange a interpr\u00e9t\u00e9 en volume les dessins de l\u2019artiste en veillant \u00e0 respecter le cahier des charges, notamment le choix des couleurs, la texture et le rendu mat. Selon l\u2019artiste, les couleurs choisies \u00e9voquent la ville de Nice\u00a0: le ciel, la mer, les b\u00e2timents aux couleurs chaudes \u2026<\/p>\n<p>Une belle collaboration pour les sculpteurs de Ducaroy-Grange, orchestr\u00e9e par Clara Copin de Studio art in situ.<\/p>\n<div id=\"attachment_12573\" style=\"width: 810px\" class=\"wp-caption alignright\"><a href=\"https:\/\/www.sitem.fr\/wp-content\/uploads\/2019\/09\/Sculpture_Ducaroy-Grange\u00a9Arnaud-SZALAI_.jpg\"><img loading=\"lazy\" decoding=\"async\" aria-describedby=\"caption-attachment-12573\" class=\"wp-image-12573 size-full\" src=\"https:\/\/www.sitem.fr\/wp-content\/uploads\/2019\/09\/Sculpture_Ducaroy-Grange\u00a9Arnaud-SZALAI_.jpg\" alt=\"\" width=\"800\" height=\"1198\" srcset=\"https:\/\/www.sitem.fr\/wp-content\/uploads\/2019\/09\/Sculpture_Ducaroy-Grange\u00a9Arnaud-SZALAI_.jpg 800w, https:\/\/www.sitem.fr\/wp-content\/uploads\/2019\/09\/Sculpture_Ducaroy-Grange\u00a9Arnaud-SZALAI_-600x899.jpg 600w, https:\/\/www.sitem.fr\/wp-content\/uploads\/2019\/09\/Sculpture_Ducaroy-Grange\u00a9Arnaud-SZALAI_-294x440.jpg 294w, https:\/\/www.sitem.fr\/wp-content\/uploads\/2019\/09\/Sculpture_Ducaroy-Grange\u00a9Arnaud-SZALAI_-684x1024.jpg 684w, https:\/\/www.sitem.fr\/wp-content\/uploads\/2019\/09\/Sculpture_Ducaroy-Grange\u00a9Arnaud-SZALAI_-768x1150.jpg 768w, https:\/\/www.sitem.fr\/wp-content\/uploads\/2019\/09\/Sculpture_Ducaroy-Grange\u00a9Arnaud-SZALAI_-200x300.jpg 200w\" sizes=\"auto, (max-width: 800px) 100vw, 800px\" \/><\/a><p id=\"caption-attachment-12573\" class=\"wp-caption-text\">D\u00e9cor sculpt\u00e9 2 &#8211; Exposition &#8220;AZUR, La Riviera&#8221;<\/p><\/div>\n<div id=\"attachment_12574\" style=\"width: 810px\" class=\"wp-caption alignright\"><a href=\"https:\/\/www.sitem.fr\/wp-content\/uploads\/2019\/09\/Sculpture_Ducaroy-Grange\u00a9Arnaud-SZALAI_1.jpg\"><img loading=\"lazy\" decoding=\"async\" aria-describedby=\"caption-attachment-12574\" class=\"wp-image-12574 size-full\" src=\"https:\/\/www.sitem.fr\/wp-content\/uploads\/2019\/09\/Sculpture_Ducaroy-Grange\u00a9Arnaud-SZALAI_1.jpg\" alt=\"\" width=\"800\" height=\"534\" srcset=\"https:\/\/www.sitem.fr\/wp-content\/uploads\/2019\/09\/Sculpture_Ducaroy-Grange\u00a9Arnaud-SZALAI_1.jpg 800w, https:\/\/www.sitem.fr\/wp-content\/uploads\/2019\/09\/Sculpture_Ducaroy-Grange\u00a9Arnaud-SZALAI_1-600x401.jpg 600w, https:\/\/www.sitem.fr\/wp-content\/uploads\/2019\/09\/Sculpture_Ducaroy-Grange\u00a9Arnaud-SZALAI_1-300x200.jpg 300w, https:\/\/www.sitem.fr\/wp-content\/uploads\/2019\/09\/Sculpture_Ducaroy-Grange\u00a9Arnaud-SZALAI_1-768x513.jpg 768w\" sizes=\"auto, (max-width: 800px) 100vw, 800px\" \/><\/a><p id=\"caption-attachment-12574\" class=\"wp-caption-text\">Vue d&#8217;ensemble &#8211; Exposition &#8220;AZUR, La Riviera&#8221;<\/p><\/div>\n<p>&nbsp;<\/p>\n<p>En savoir plus :<a href=\"https:\/\/www.fabrication-maquette-dg.com\/actualite-maquette-exposition\/des-sculptures-realisees-par-ducaroy-grange-exposees-jusqu-au-15-septembre-2019.html\"> www.fabrication-maquette-dg.com<\/a><\/p>\n","protected":false},"excerpt":{"rendered":"Notre client, l\u2019agence de coordination artistique Studio Art in Situ, a fait r\u00e9aliser par Ducaroy-Grange un d\u00e9cor sculpt\u00e9 en r\u00e9sine de plus de 2m de haut \u00e0 partir des dessins de l\u2019artiste peintre et illustratrice Perrine Honor\u00e9. L\u2019exposition \u00ab\u00a0AZUR, La Riviera\u00a0\u00bb, consacr\u00e9e \u00e0 l\u2019artiste ni\u00e7oise, est install\u00e9e au sein du centre commercial Nicetoile (Nice) depuis&#8230; <br><a class=\"readm\" href=\"https:\/\/www.sitem.fr\/en\/ducaroy-grange-realise-un-decor-sculpte-pour-lexposition-azur-la-riviera\/\">Read more<\/a>","protected":false},"author":2,"featured_media":12573,"comment_status":"open","ping_status":"open","sticky":false,"template":"","format":"standard","meta":{"_acf_changed":false,"footnotes":""},"categories":[830],"tags":[833,831,75,53,834,835,223,832],"class_list":["post-12572","post","type-post","status-publish","format-standard","has-post-thumbnail","hentry","category-decor","tag-collaboration","tag-decor","tag-ducaroy-grange","tag-exposition","tag-nice","tag-perrine-honore","tag-sculpture","tag-studio-art-in-situ"],"acf":[],"_links":{"self":[{"href":"https:\/\/www.sitem.fr\/en\/wp-json\/wp\/v2\/posts\/12572","targetHints":{"allow":["GET"]}}],"collection":[{"href":"https:\/\/www.sitem.fr\/en\/wp-json\/wp\/v2\/posts"}],"about":[{"href":"https:\/\/www.sitem.fr\/en\/wp-json\/wp\/v2\/types\/post"}],"author":[{"embeddable":true,"href":"https:\/\/www.sitem.fr\/en\/wp-json\/wp\/v2\/users\/2"}],"replies":[{"embeddable":true,"href":"https:\/\/www.sitem.fr\/en\/wp-json\/wp\/v2\/comments?post=12572"}],"version-history":[{"count":3,"href":"https:\/\/www.sitem.fr\/en\/wp-json\/wp\/v2\/posts\/12572\/revisions"}],"predecessor-version":[{"id":12682,"href":"https:\/\/www.sitem.fr\/en\/wp-json\/wp\/v2\/posts\/12572\/revisions\/12682"}],"wp:featuredmedia":[{"embeddable":true,"href":"https:\/\/www.sitem.fr\/en\/wp-json\/wp\/v2\/media\/12573"}],"wp:attachment":[{"href":"https:\/\/www.sitem.fr\/en\/wp-json\/wp\/v2\/media?parent=12572"}],"wp:term":[{"taxonomy":"category","embeddable":true,"href":"https:\/\/www.sitem.fr\/en\/wp-json\/wp\/v2\/categories?post=12572"},{"taxonomy":"post_tag","embeddable":true,"href":"https:\/\/www.sitem.fr\/en\/wp-json\/wp\/v2\/tags?post=12572"}],"curies":[{"name":"wp","href":"https:\/\/api.w.org\/{rel}","templated":true}]}}