{"id":12586,"date":"2019-09-17T11:46:03","date_gmt":"2019-09-17T09:46:03","guid":{"rendered":"https:\/\/www.sitem.fr\/?p=12586"},"modified":"2019-09-18T12:15:11","modified_gmt":"2019-09-18T10:15:11","slug":"inauguration-dune-table-dinformation-connectee-dans-le-premier-village-libere-de-provence","status":"publish","type":"post","link":"https:\/\/www.sitem.fr\/en\/inauguration-dune-table-dinformation-connectee-dans-le-premier-village-libere-de-provence\/","title":{"rendered":"Inauguration d&#8217;une Table d\u2019Information Connect\u00e9e dans le premier village lib\u00e9r\u00e9 de Provence"},"content":{"rendered":"<p>La Secr\u00e9taire d\u2019Etat aux Arm\u00e9es Genevi\u00e8ve Darrieussecq a inaugur\u00e9 mercredi la premi\u00e8re Table d\u2019Information Connect\u00e9e Agoracom du m\u00e9morial du d\u00e9barquement de La Motte, premier village lib\u00e9r\u00e9 de \u00a0Provence.<\/p>\n<p>Cette TIC s\u2019inscrit dans un projet de valorisation des routes du d\u00e9barquement de Provence qui sera d\u00e9ploy\u00e9 dans plusieurs lieux s\u00e9lectionn\u00e9s par la commission scientifique.<\/p>\n<div id=\"attachment_12587\" style=\"width: 810px\" class=\"wp-caption alignleft\"><a href=\"https:\/\/www.sitem.fr\/wp-content\/uploads\/2019\/09\/AGORACOM-image-museum.jpg\"><img loading=\"lazy\" decoding=\"async\" aria-describedby=\"caption-attachment-12587\" class=\"wp-image-12587 size-full\" src=\"https:\/\/www.sitem.fr\/wp-content\/uploads\/2019\/09\/AGORACOM-image-museum.jpg\" alt=\"\" width=\"800\" height=\"798\" srcset=\"https:\/\/www.sitem.fr\/wp-content\/uploads\/2019\/09\/AGORACOM-image-museum.jpg 800w, https:\/\/www.sitem.fr\/wp-content\/uploads\/2019\/09\/AGORACOM-image-museum-300x300.jpg 300w, https:\/\/www.sitem.fr\/wp-content\/uploads\/2019\/09\/AGORACOM-image-museum-100x100.jpg 100w, https:\/\/www.sitem.fr\/wp-content\/uploads\/2019\/09\/AGORACOM-image-museum-600x599.jpg 600w, https:\/\/www.sitem.fr\/wp-content\/uploads\/2019\/09\/AGORACOM-image-museum-150x150.jpg 150w, https:\/\/www.sitem.fr\/wp-content\/uploads\/2019\/09\/AGORACOM-image-museum-768x766.jpg 768w\" sizes=\"auto, (max-width: 800px) 100vw, 800px\" \/><\/a><p id=\"caption-attachment-12587\" class=\"wp-caption-text\">TIC AGORACOM<\/p><\/div>\n<p>Constitu\u00e9e des responsablesdes mus\u00e9es de l\u2019Artillerie de Draguignan, du mont Faron de Toulon, des Troupes de Marines de Fr\u00e9jus, du Professeur Guillon de l\u2019Universit\u00e9 Aix-Marseille, de responsables de l\u2019Universit\u00e9 de Toulon et de plusieurs sp\u00e9cialistes de l\u2019histoire, de la r\u00e9alisation et de la communication, elle est charg\u00e9e de concevoir et valider les contenus. L\u2019objectif est de fournir des informations attractives et p\u00e9dagogiques dans le fond et la forme.<\/p>\n<p>Nous nous appuyons comme toujours sur notre process (360SmartConnect) qui ne n\u00e9cessite aucune application, aucun branchement \u00e9lectrique et dont le contenu peut \u00eatre g\u00e9r\u00e9 \u00e0 distance sur notre plateforme d\u2019interm\u00e9diation.<\/p>\n<div id=\"attachment_12588\" style=\"width: 810px\" class=\"wp-caption alignleft\"><a href=\"https:\/\/www.sitem.fr\/wp-content\/uploads\/2019\/09\/AGORACOM-NL-0919-pour-museump.jpg\"><img loading=\"lazy\" decoding=\"async\" aria-describedby=\"caption-attachment-12588\" class=\"wp-image-12588 size-full\" src=\"https:\/\/www.sitem.fr\/wp-content\/uploads\/2019\/09\/AGORACOM-NL-0919-pour-museump.jpg\" alt=\"\" width=\"800\" height=\"393\" srcset=\"https:\/\/www.sitem.fr\/wp-content\/uploads\/2019\/09\/AGORACOM-NL-0919-pour-museump.jpg 800w, https:\/\/www.sitem.fr\/wp-content\/uploads\/2019\/09\/AGORACOM-NL-0919-pour-museump-600x295.jpg 600w, https:\/\/www.sitem.fr\/wp-content\/uploads\/2019\/09\/AGORACOM-NL-0919-pour-museump-300x147.jpg 300w, https:\/\/www.sitem.fr\/wp-content\/uploads\/2019\/09\/AGORACOM-NL-0919-pour-museump-768x377.jpg 768w\" sizes=\"auto, (max-width: 800px) 100vw, 800px\" \/><\/a><p id=\"caption-attachment-12588\" class=\"wp-caption-text\">Inauguration TIC<\/p><\/div>\n<p><a href=\"https:\/\/www.sitem.fr\/wp-content\/uploads\/2019\/09\/AGORACOM-NL-0919-sitem-image.jpg\"><img loading=\"lazy\" decoding=\"async\" class=\"alignright size-full wp-image-12589\" src=\"https:\/\/www.sitem.fr\/wp-content\/uploads\/2019\/09\/AGORACOM-NL-0919-sitem-image.jpg\" alt=\"\" width=\"800\" height=\"600\" srcset=\"https:\/\/www.sitem.fr\/wp-content\/uploads\/2019\/09\/AGORACOM-NL-0919-sitem-image.jpg 800w, https:\/\/www.sitem.fr\/wp-content\/uploads\/2019\/09\/AGORACOM-NL-0919-sitem-image-600x450.jpg 600w, https:\/\/www.sitem.fr\/wp-content\/uploads\/2019\/09\/AGORACOM-NL-0919-sitem-image-587x440.jpg 587w, https:\/\/www.sitem.fr\/wp-content\/uploads\/2019\/09\/AGORACOM-NL-0919-sitem-image-768x576.jpg 768w, https:\/\/www.sitem.fr\/wp-content\/uploads\/2019\/09\/AGORACOM-NL-0919-sitem-image-300x225.jpg 300w, https:\/\/www.sitem.fr\/wp-content\/uploads\/2019\/09\/AGORACOM-NL-0919-sitem-image-80x60.jpg 80w\" sizes=\"auto, (max-width: 800px) 100vw, 800px\" \/><\/a><\/p>\n<p>&nbsp;<\/p>\n<p>Agoracom et LC2R, initiateurs du projet, remercient la Maire de La Motte, Mme Marcy et l\u2019ensemble des partenaires de cette premi\u00e8re r\u00e9alisation.<\/p>\n<p><em>T\u00e9l. 09 77 33 52 08 \/ contact@agoracom.io<\/em><\/p>\n<p><em>Porte de l&#8217;Ar\u00e9na, 455 Promenade des Anglais 06299 Nice cedex 3<\/em><\/p>\n<p><a href=\"http:\/\/agoracom.io\">www.agoracom.io<\/a><\/p>\n<p><em>Sarl au capital de 32 000\u20ac \/ APE : 7213Z \/ N\u00b0 de Siret : 51158786700017 \/ N\u00b0Tva intra : FR28511587867<\/em><\/p>\n","protected":false},"excerpt":{"rendered":"La Secr\u00e9taire d\u2019Etat aux Arm\u00e9es Genevi\u00e8ve Darrieussecq a inaugur\u00e9 mercredi la premi\u00e8re Table d\u2019Information Connect\u00e9e Agoracom du m\u00e9morial du d\u00e9barquement de La Motte, premier village lib\u00e9r\u00e9 de \u00a0Provence. Cette TIC s\u2019inscrit dans un projet de valorisation des routes du d\u00e9barquement de Provence qui sera d\u00e9ploy\u00e9 dans plusieurs lieux s\u00e9lectionn\u00e9s par la commission scientifique. Constitu\u00e9e des&#8230; <br><a class=\"readm\" href=\"https:\/\/www.sitem.fr\/en\/inauguration-dune-table-dinformation-connectee-dans-le-premier-village-libere-de-provence\/\">Read more<\/a>","protected":false},"author":2,"featured_media":12589,"comment_status":"open","ping_status":"open","sticky":false,"template":"","format":"standard","meta":{"_acf_changed":false,"footnotes":""},"categories":[149],"tags":[844,483,842,780,843,840,839,841],"class_list":["post-12586","post","type-post","status-publish","format-standard","has-post-thumbnail","hentry","category-interactivite-2","tag-360smartconnect","tag-agoracom","tag-information","tag-patrimoine-historique","tag-pedagogie","tag-provence","tag-tic","tag-valorisation"],"acf":[],"_links":{"self":[{"href":"https:\/\/www.sitem.fr\/en\/wp-json\/wp\/v2\/posts\/12586","targetHints":{"allow":["GET"]}}],"collection":[{"href":"https:\/\/www.sitem.fr\/en\/wp-json\/wp\/v2\/posts"}],"about":[{"href":"https:\/\/www.sitem.fr\/en\/wp-json\/wp\/v2\/types\/post"}],"author":[{"embeddable":true,"href":"https:\/\/www.sitem.fr\/en\/wp-json\/wp\/v2\/users\/2"}],"replies":[{"embeddable":true,"href":"https:\/\/www.sitem.fr\/en\/wp-json\/wp\/v2\/comments?post=12586"}],"version-history":[{"count":2,"href":"https:\/\/www.sitem.fr\/en\/wp-json\/wp\/v2\/posts\/12586\/revisions"}],"predecessor-version":[{"id":12680,"href":"https:\/\/www.sitem.fr\/en\/wp-json\/wp\/v2\/posts\/12586\/revisions\/12680"}],"wp:featuredmedia":[{"embeddable":true,"href":"https:\/\/www.sitem.fr\/en\/wp-json\/wp\/v2\/media\/12589"}],"wp:attachment":[{"href":"https:\/\/www.sitem.fr\/en\/wp-json\/wp\/v2\/media?parent=12586"}],"wp:term":[{"taxonomy":"category","embeddable":true,"href":"https:\/\/www.sitem.fr\/en\/wp-json\/wp\/v2\/categories?post=12586"},{"taxonomy":"post_tag","embeddable":true,"href":"https:\/\/www.sitem.fr\/en\/wp-json\/wp\/v2\/tags?post=12586"}],"curies":[{"name":"wp","href":"https:\/\/api.w.org\/{rel}","templated":true}]}}