{"id":12591,"date":"2019-09-17T11:54:28","date_gmt":"2019-09-17T09:54:28","guid":{"rendered":"https:\/\/www.sitem.fr\/?p=12591"},"modified":"2019-09-18T12:14:52","modified_gmt":"2019-09-18T10:14:52","slug":"la-maritime-balade-sonore-en-ombrelle-geolocalisee","status":"publish","type":"post","link":"https:\/\/www.sitem.fr\/en\/la-maritime-balade-sonore-en-ombrelle-geolocalisee\/","title":{"rendered":"\u00ab\u00a0La Maritime\u00a0\u00bb, balade sonore en ombrelle g\u00e9olocalis\u00e9e"},"content":{"rendered":"<p>La petite derni\u00e8re de chez Akken est sortie\u00a0!<\/p>\n<p>A compter du 20 septembre, et pour trois ans, la Ville de Saint Gilles Croix de Vie se verra \u00e0 son tour arpent\u00e9e par des promeneurs contemplatifs sous ombrelle connect\u00e9e.<\/p>\n<div id=\"attachment_12592\" style=\"width: 1290px\" class=\"wp-caption alignleft\"><a href=\"https:\/\/www.sitem.fr\/wp-content\/uploads\/2019\/09\/Photo-Balade-sonore.jpeg\"><img loading=\"lazy\" decoding=\"async\" aria-describedby=\"caption-attachment-12592\" class=\"wp-image-12592 size-full\" src=\"https:\/\/www.sitem.fr\/wp-content\/uploads\/2019\/09\/Photo-Balade-sonore.jpeg\" alt=\"\" width=\"1280\" height=\"854\" srcset=\"https:\/\/www.sitem.fr\/wp-content\/uploads\/2019\/09\/Photo-Balade-sonore.jpeg 1280w, https:\/\/www.sitem.fr\/wp-content\/uploads\/2019\/09\/Photo-Balade-sonore-600x400.jpeg 600w, https:\/\/www.sitem.fr\/wp-content\/uploads\/2019\/09\/Photo-Balade-sonore-659x440.jpeg 659w, https:\/\/www.sitem.fr\/wp-content\/uploads\/2019\/09\/Photo-Balade-sonore-1024x683.jpeg 1024w, https:\/\/www.sitem.fr\/wp-content\/uploads\/2019\/09\/Photo-Balade-sonore-768x512.jpeg 768w, https:\/\/www.sitem.fr\/wp-content\/uploads\/2019\/09\/Photo-Balade-sonore-300x200.jpeg 300w\" sizes=\"auto, (max-width: 1280px) 100vw, 1280px\" \/><\/a><p id=\"caption-attachment-12592\" class=\"wp-caption-text\">Ombrelle connect\u00e9e &#8211; Akken<\/p><\/div>\n<p>&nbsp;<\/p>\n<p>La Cit\u00e9 Maritime de Saint Gilles Croix de Vie r\u00e9v\u00e8lera ses secrets, au gr\u00e9 d&#8217;une d\u00e9ambulation po\u00e9tique, au c\u0153ur de son port mythique et des ruelles du Quartier du Maroc. Au centre de la balade, le pont qui lie les histoires de ces communes r\u00e9cemment unifi\u00e9es\u00a0: oui, \u00e0 l&#8217;\u00e9chelle de l&#8217;Histoire, cinquante ans c&#8217;est tr\u00e8s court&#8230; Sous les pas des visiteurs, se nichent des souvenirs, des savoir-faire uniques, des personnalit\u00e9s d&#8217;hier et d&#8217;aujourd&#8217;hui. Les t\u00e9moignages des habitants et des personnes-ressources, m\u00e2tin\u00e9s d&#8217;ambiances sonores et de compositions musicales offriront aux visiteurs une immersion sonore sous forme de r\u00e9alit\u00e9 augment\u00e9e auditive.<\/p>\n<p><a href=\"http:\/\/www.akken.fr\/\">www.akken.fr<\/a><\/p>\n<p><a href=\"https:\/\/www.sitem.fr\/wp-content\/uploads\/2019\/09\/StG_LAMBO-web_cover-RS-standard_Banni\u00e8re-Web.jpeg\"><img loading=\"lazy\" decoding=\"async\" class=\"alignright size-full wp-image-12593\" src=\"https:\/\/www.sitem.fr\/wp-content\/uploads\/2019\/09\/StG_LAMBO-web_cover-RS-standard_Banni\u00e8re-Web.jpeg\" alt=\"\" width=\"1280\" height=\"478\" srcset=\"https:\/\/www.sitem.fr\/wp-content\/uploads\/2019\/09\/StG_LAMBO-web_cover-RS-standard_Banni\u00e8re-Web.jpeg 1280w, https:\/\/www.sitem.fr\/wp-content\/uploads\/2019\/09\/StG_LAMBO-web_cover-RS-standard_Banni\u00e8re-Web-600x224.jpeg 600w, https:\/\/www.sitem.fr\/wp-content\/uploads\/2019\/09\/StG_LAMBO-web_cover-RS-standard_Banni\u00e8re-Web-300x112.jpeg 300w, https:\/\/www.sitem.fr\/wp-content\/uploads\/2019\/09\/StG_LAMBO-web_cover-RS-standard_Banni\u00e8re-Web-768x287.jpeg 768w, https:\/\/www.sitem.fr\/wp-content\/uploads\/2019\/09\/StG_LAMBO-web_cover-RS-standard_Banni\u00e8re-Web-1024x382.jpeg 1024w\" sizes=\"auto, (max-width: 1280px) 100vw, 1280px\" \/><\/a><\/p>\n<p>&nbsp;<\/p>\n","protected":false},"excerpt":{"rendered":"La petite derni\u00e8re de chez Akken est sortie\u00a0! A compter du 20 septembre, et pour trois ans, la Ville de Saint Gilles Croix de Vie se verra \u00e0 son tour arpent\u00e9e par des promeneurs contemplatifs sous ombrelle connect\u00e9e. &nbsp; La Cit\u00e9 Maritime de Saint Gilles Croix de Vie r\u00e9v\u00e8lera ses secrets, au gr\u00e9 d&#8217;une d\u00e9ambulation&#8230; <br><a class=\"readm\" href=\"https:\/\/www.sitem.fr\/en\/la-maritime-balade-sonore-en-ombrelle-geolocalisee\/\">Read more<\/a>","protected":false},"author":2,"featured_media":12592,"comment_status":"open","ping_status":"open","sticky":false,"template":"","format":"standard","meta":{"_acf_changed":false,"footnotes":""},"categories":[149,845,154],"tags":[491,707,634,712,89,846,847],"class_list":["post-12591","post","type-post","status-publish","format-standard","has-post-thumbnail","hentry","category-interactivite-2","category-realite-augmentee","category-son-2","tag-akken","tag-balade-sonore","tag-immersion","tag-ombrelles-connectees","tag-realite-augmentee","tag-saint-gilles-croix-de-vie","tag-temoignages"],"acf":[],"_links":{"self":[{"href":"https:\/\/www.sitem.fr\/en\/wp-json\/wp\/v2\/posts\/12591","targetHints":{"allow":["GET"]}}],"collection":[{"href":"https:\/\/www.sitem.fr\/en\/wp-json\/wp\/v2\/posts"}],"about":[{"href":"https:\/\/www.sitem.fr\/en\/wp-json\/wp\/v2\/types\/post"}],"author":[{"embeddable":true,"href":"https:\/\/www.sitem.fr\/en\/wp-json\/wp\/v2\/users\/2"}],"replies":[{"embeddable":true,"href":"https:\/\/www.sitem.fr\/en\/wp-json\/wp\/v2\/comments?post=12591"}],"version-history":[{"count":2,"href":"https:\/\/www.sitem.fr\/en\/wp-json\/wp\/v2\/posts\/12591\/revisions"}],"predecessor-version":[{"id":12679,"href":"https:\/\/www.sitem.fr\/en\/wp-json\/wp\/v2\/posts\/12591\/revisions\/12679"}],"wp:featuredmedia":[{"embeddable":true,"href":"https:\/\/www.sitem.fr\/en\/wp-json\/wp\/v2\/media\/12592"}],"wp:attachment":[{"href":"https:\/\/www.sitem.fr\/en\/wp-json\/wp\/v2\/media?parent=12591"}],"wp:term":[{"taxonomy":"category","embeddable":true,"href":"https:\/\/www.sitem.fr\/en\/wp-json\/wp\/v2\/categories?post=12591"},{"taxonomy":"post_tag","embeddable":true,"href":"https:\/\/www.sitem.fr\/en\/wp-json\/wp\/v2\/tags?post=12591"}],"curies":[{"name":"wp","href":"https:\/\/api.w.org\/{rel}","templated":true}]}}