{"id":12641,"date":"2019-09-17T15:41:24","date_gmt":"2019-09-17T13:41:24","guid":{"rendered":"https:\/\/www.sitem.fr\/?p=12641"},"modified":"2019-09-18T12:09:22","modified_gmt":"2019-09-18T10:09:22","slug":"flora-musees-equipe-le-musee-de-la-faience-et-de-la-ceramique-de-malicorne-sur-sarthe","status":"publish","type":"post","link":"https:\/\/www.sitem.fr\/en\/flora-musees-equipe-le-musee-de-la-faience-et-de-la-ceramique-de-malicorne-sur-sarthe\/","title":{"rendered":"Flora Mus\u00e9es \u00e9quipe le Mus\u00e9e de la fa\u00efence et de la c\u00e9ramique de Malicorne-sur-Sarthe"},"content":{"rendered":"<p>Situ\u00e9 entre Le Mans et Angers en plein c\u0153ur de la campagne sarthoise, le Mus\u00e9e de la fa\u00efence et de la c\u00e9ramique, acteur culturel et mus\u00e9e vivant, est un lieu de m\u00e9moire o\u00f9 pr\u00e8s de 5 000 pi\u00e8ces valorisent l\u2019histoire de la c\u00e9ramique, les productions de Malicorne et du Maine. Install\u00e9 sur un ancien site de production de fa\u00efence, le mus\u00e9e est labellis\u00e9 Mus\u00e9e de France depuis 2009.<\/p>\n<p>L\u2019installation de Flora dans une petite structure comme un mus\u00e9e municipal ou intercommunal permet aux professionnels de mettre en \u0153uvre facilement un inventaire normalis\u00e9 de leurs collections. L\u2019inventaire pr\u00e9existant, cr\u00e9\u00e9 sur FileMaker, est en phase de migration vers la nouvelle base de donn\u00e9es Flora du mus\u00e9e. Cette migration est op\u00e9r\u00e9e main dans la main par les \u00e9quipes du mus\u00e9e et celle de Decalog. La formation au logiciel et l\u2019accompagnement au changement permettront ensuite au responsable des collections de r\u00e9aliser l\u2019inventaire des biens sereinement.<\/p>\n<div id=\"attachment_12642\" style=\"width: 810px\" class=\"wp-caption alignleft\"><a href=\"https:\/\/www.sitem.fr\/wp-content\/uploads\/2019\/09\/Musee_Malicorne.-DECALOGNL-0919-jpg.jpg\"><img loading=\"lazy\" decoding=\"async\" aria-describedby=\"caption-attachment-12642\" class=\"wp-image-12642 size-full\" src=\"https:\/\/www.sitem.fr\/wp-content\/uploads\/2019\/09\/Musee_Malicorne.-DECALOGNL-0919-jpg.jpg\" alt=\"\" width=\"800\" height=\"800\" srcset=\"https:\/\/www.sitem.fr\/wp-content\/uploads\/2019\/09\/Musee_Malicorne.-DECALOGNL-0919-jpg.jpg 800w, https:\/\/www.sitem.fr\/wp-content\/uploads\/2019\/09\/Musee_Malicorne.-DECALOGNL-0919-jpg-300x300.jpg 300w, https:\/\/www.sitem.fr\/wp-content\/uploads\/2019\/09\/Musee_Malicorne.-DECALOGNL-0919-jpg-100x100.jpg 100w, https:\/\/www.sitem.fr\/wp-content\/uploads\/2019\/09\/Musee_Malicorne.-DECALOGNL-0919-jpg-600x600.jpg 600w, https:\/\/www.sitem.fr\/wp-content\/uploads\/2019\/09\/Musee_Malicorne.-DECALOGNL-0919-jpg-440x440.jpg 440w, https:\/\/www.sitem.fr\/wp-content\/uploads\/2019\/09\/Musee_Malicorne.-DECALOGNL-0919-jpg-150x150.jpg 150w, https:\/\/www.sitem.fr\/wp-content\/uploads\/2019\/09\/Musee_Malicorne.-DECALOGNL-0919-jpg-768x768.jpg 768w\" sizes=\"auto, (max-width: 800px) 100vw, 800px\" \/><\/a><p id=\"caption-attachment-12642\" class=\"wp-caption-text\">\u00a9Musee_Malicorne<\/p><\/div>\n<p>Flora r\u00e9pond aux attentes de petites et moyennes structures qui trouvent dans le logiciel l\u2019ensemble des outils d\u2019accompagnement n\u00e9cessaires \u00e0 leurs missions de conservation et de partage.<strong>\u00a0<\/strong><\/p>\n<p><strong>Lien<\/strong>\u00a0: <a href=\"http:\/\/www.decalog.net\/fr\/flora-musees\/\">http:\/\/www.decalog.net\/fr\/flora-musees\/<\/a><\/p>\n","protected":false},"excerpt":{"rendered":"Situ\u00e9 entre Le Mans et Angers en plein c\u0153ur de la campagne sarthoise, le Mus\u00e9e de la fa\u00efence et de la c\u00e9ramique, acteur culturel et mus\u00e9e vivant, est un lieu de m\u00e9moire o\u00f9 pr\u00e8s de 5 000 pi\u00e8ces valorisent l\u2019histoire de la c\u00e9ramique, les productions de Malicorne et du Maine. Install\u00e9 sur un ancien site&#8230; <br><a class=\"readm\" href=\"https:\/\/www.sitem.fr\/en\/flora-musees-equipe-le-musee-de-la-faience-et-de-la-ceramique-de-malicorne-sur-sarthe\/\">Read more<\/a>","protected":false},"author":2,"featured_media":12642,"comment_status":"open","ping_status":"open","sticky":false,"template":"","format":"standard","meta":{"_acf_changed":false,"footnotes":""},"categories":[147],"tags":[633,459,770,895,894],"class_list":["post-12641","post","type-post","status-publish","format-standard","has-post-thumbnail","hentry","category-gestion-informatisee-des-collections-2","tag-collections","tag-decalog","tag-flora","tag-inventaire","tag-musee-de-la-faience-et-de-la-ceramique-malicorne"],"acf":[],"_links":{"self":[{"href":"https:\/\/www.sitem.fr\/en\/wp-json\/wp\/v2\/posts\/12641","targetHints":{"allow":["GET"]}}],"collection":[{"href":"https:\/\/www.sitem.fr\/en\/wp-json\/wp\/v2\/posts"}],"about":[{"href":"https:\/\/www.sitem.fr\/en\/wp-json\/wp\/v2\/types\/post"}],"author":[{"embeddable":true,"href":"https:\/\/www.sitem.fr\/en\/wp-json\/wp\/v2\/users\/2"}],"replies":[{"embeddable":true,"href":"https:\/\/www.sitem.fr\/en\/wp-json\/wp\/v2\/comments?post=12641"}],"version-history":[{"count":2,"href":"https:\/\/www.sitem.fr\/en\/wp-json\/wp\/v2\/posts\/12641\/revisions"}],"predecessor-version":[{"id":12670,"href":"https:\/\/www.sitem.fr\/en\/wp-json\/wp\/v2\/posts\/12641\/revisions\/12670"}],"wp:featuredmedia":[{"embeddable":true,"href":"https:\/\/www.sitem.fr\/en\/wp-json\/wp\/v2\/media\/12642"}],"wp:attachment":[{"href":"https:\/\/www.sitem.fr\/en\/wp-json\/wp\/v2\/media?parent=12641"}],"wp:term":[{"taxonomy":"category","embeddable":true,"href":"https:\/\/www.sitem.fr\/en\/wp-json\/wp\/v2\/categories?post=12641"},{"taxonomy":"post_tag","embeddable":true,"href":"https:\/\/www.sitem.fr\/en\/wp-json\/wp\/v2\/tags?post=12641"}],"curies":[{"name":"wp","href":"https:\/\/api.w.org\/{rel}","templated":true}]}}