{"id":12644,"date":"2019-09-17T16:03:15","date_gmt":"2019-09-17T14:03:15","guid":{"rendered":"https:\/\/www.sitem.fr\/?p=12644"},"modified":"2019-09-18T12:08:50","modified_gmt":"2019-09-18T10:08:50","slug":"olivier-de-serres-un-homme-de-la-renaissance-%e2%80%a2-1539-1619","status":"publish","type":"post","link":"https:\/\/www.sitem.fr\/en\/olivier-de-serres-un-homme-de-la-renaissance-%e2%80%a2-1539-1619\/","title":{"rendered":"\u00ab OLIVIER-DE-SERRES : Un homme de la Renaissance \u00bb \u2022 1539 &#8211; 1619"},"content":{"rendered":"<p>A l&#8217;occasion de la comm\u00e9moration des 400 ans de la disparition du p\u00e8re de l&#8217;agronomie fran\u00e7aise : L\u2019atelier-TILDE habille 150m2 au 1er \u00e9tage du Mus\u00e9e des Tissus de Lyon. Ouvert jusque automne.<\/p>\n<div id=\"attachment_12647\" style=\"width: 394px\" class=\"wp-caption aligncenter\"><img loading=\"lazy\" decoding=\"async\" aria-describedby=\"caption-attachment-12647\" class=\"wp-image-12647 size-full\" src=\"https:\/\/www.sitem.fr\/wp-content\/uploads\/2019\/09\/800B_expoODS_vue.jpg\" alt=\"\" width=\"384\" height=\"202\" srcset=\"https:\/\/www.sitem.fr\/wp-content\/uploads\/2019\/09\/800B_expoODS_vue.jpg 384w, https:\/\/www.sitem.fr\/wp-content\/uploads\/2019\/09\/800B_expoODS_vue-300x158.jpg 300w\" sizes=\"auto, (max-width: 384px) 100vw, 384px\" \/><p id=\"caption-attachment-12647\" class=\"wp-caption-text\">2019 \u00a9 Mathilde Marguerite Bardel<\/p><\/div>\n<p>Avec la publication en 1600 du livre Th\u00e9\u00e2tre de l\u2019Agriculture et\u00a0Mesnage des champs, OdS contribua aussi \u00e0 la diffusion de la culture des m\u00fbriers et \u00e0 l\u2019\u00e9levage des vers \u00e0 soie. Sa longue vie reste mal connue. GENTILHOMME et SEIGNEUR. HUMANISTE PROTESTANT MODERE, mais aussi VICTIME DES GUERRES DE RELIGION (&#8230;)<\/p>\n<p>Les d\u00e9cors de vitrines pr\u00e9sentent : \u0153uvres textiles et objets contextualisant la vie de l&#8217;\u00e9poque, entre la fin de Moyen-Age et d\u00e9but du si\u00e8cle des Lumi\u00e8res.<\/p>\n<p>&nbsp;<\/p>\n<p><img loading=\"lazy\" decoding=\"async\" class=\"size-full wp-image-12648 aligncenter\" src=\"https:\/\/www.sitem.fr\/wp-content\/uploads\/2019\/09\/800Moquettedetail.jpg\" alt=\"\" width=\"384\" height=\"288\" srcset=\"https:\/\/www.sitem.fr\/wp-content\/uploads\/2019\/09\/800Moquettedetail.jpg 384w, https:\/\/www.sitem.fr\/wp-content\/uploads\/2019\/09\/800Moquettedetail-300x225.jpg 300w, https:\/\/www.sitem.fr\/wp-content\/uploads\/2019\/09\/800Moquettedetail-80x60.jpg 80w\" sizes=\"auto, (max-width: 384px) 100vw, 384px\" \/><\/p>\n<p>A VOIR EN PARTICULIER :<\/p>\n<p>\u2022 Une impression moquette au sol 100m2 repr\u00e9sentant le jardin mod\u00e8le du Domaine du Pradel, dans lequel fl\u00e2ner ;<\/p>\n<p>\u2022 Un mobilier pergola \u00ab lilas \u00bb au centre de l&#8217;espace, sous lequel contempler les visages des t\u00eates courronn\u00e9es de France.<\/p>\n<p>\u2022 Du velours double face, pi\u00e8ce rare, d&#8217;une technique de tissage exceptionnellement complexe.<\/p>\n<p><a href=\"https:\/\/www.sitem.fr\/wp-content\/uploads\/2019\/09\/800_expoODS_reperes.jpg\"><img loading=\"lazy\" decoding=\"async\" class=\"size-full wp-image-12645 aligncenter\" src=\"https:\/\/www.sitem.fr\/wp-content\/uploads\/2019\/09\/800_expoODS_reperes.jpg\" alt=\"\" width=\"384\" height=\"202\" srcset=\"https:\/\/www.sitem.fr\/wp-content\/uploads\/2019\/09\/800_expoODS_reperes.jpg 384w, https:\/\/www.sitem.fr\/wp-content\/uploads\/2019\/09\/800_expoODS_reperes-300x158.jpg 300w\" sizes=\"auto, (max-width: 384px) 100vw, 384px\" \/><\/a><\/p>\n<p><a href=\"https:\/\/www.sitem.fr\/wp-content\/uploads\/2019\/09\/TILDE-600_A4_lettreODS.jpg\"><img loading=\"lazy\" decoding=\"async\" class=\"size-full wp-image-12649 aligncenter\" src=\"https:\/\/www.sitem.fr\/wp-content\/uploads\/2019\/09\/TILDE-600_A4_lettreODS.jpg\" alt=\"\" width=\"600\" height=\"449\" srcset=\"https:\/\/www.sitem.fr\/wp-content\/uploads\/2019\/09\/TILDE-600_A4_lettreODS.jpg 600w, https:\/\/www.sitem.fr\/wp-content\/uploads\/2019\/09\/TILDE-600_A4_lettreODS-300x225.jpg 300w, https:\/\/www.sitem.fr\/wp-content\/uploads\/2019\/09\/TILDE-600_A4_lettreODS-80x60.jpg 80w\" sizes=\"auto, (max-width: 600px) 100vw, 600px\" \/><\/a><\/p>\n<p>Cr\u00e9ation sc\u00e9nographique &amp; graphique : 2019 \u00a9 atelier-tilde.fr<\/p>\n<p>Commissariat : Esclarmonde Monteil, Directrice g\u00e9n\u00e9rale et scientifique des mus\u00e9es des Tissus et des Arts d\u00e9coratifs, assist\u00e9e de Pascale Steimetz-Le Cacheux, et de mesdames les restauratrices textile.<\/p>\n<p><a href=\"http:\/\/www.mtmad.fr\/fr\/Pages\/TopNavigation\/EXPOSITION_ET_ACTUALITES\/MT-EXPOSITIONS_TEMPORAIRES\/expos\/exposition-13.aspx\">http:\/\/www.mtmad.fr\/fr\/Pages\/TopNavigation\/EXPOSITION_ET_ACTUALITES\/MT-EXPOSITIONS_TEMPORAIRES\/expos\/exposition-13.aspx https:\/\/atelier-tilde.fr\/2019\/06\/17\/olivier-de-serres-%e2%80%a2-un-homme-de-la-renaissance<\/a><\/p>\n","protected":false},"excerpt":{"rendered":"A l&#8217;occasion de la comm\u00e9moration des 400 ans de la disparition du p\u00e8re de l&#8217;agronomie fran\u00e7aise : L\u2019atelier-TILDE habille 150m2 au 1er \u00e9tage du Mus\u00e9e des Tissus de Lyon. Ouvert jusque automne. Avec la publication en 1600 du livre Th\u00e9\u00e2tre de l\u2019Agriculture et\u00a0Mesnage des champs, OdS contribua aussi \u00e0 la diffusion de la culture des&#8230; <br><a class=\"readm\" href=\"https:\/\/www.sitem.fr\/en\/olivier-de-serres-un-homme-de-la-renaissance-%e2%80%a2-1539-1619\/\">Read more<\/a>","protected":false},"author":2,"featured_media":12646,"comment_status":"open","ping_status":"open","sticky":false,"template":"","format":"standard","meta":{"_acf_changed":false,"footnotes":""},"categories":[830,220,144],"tags":[508,896,898,899,897,632,900],"class_list":["post-12644","post","type-post","status-publish","format-standard","has-post-thumbnail","hentry","category-decor","category-impression","category-mobilier","tag-atelier-tilde","tag-decors","tag-impression-moquette","tag-mobilier","tag-oeuvres-textiles","tag-scenographie","tag-velours"],"acf":[],"_links":{"self":[{"href":"https:\/\/www.sitem.fr\/en\/wp-json\/wp\/v2\/posts\/12644","targetHints":{"allow":["GET"]}}],"collection":[{"href":"https:\/\/www.sitem.fr\/en\/wp-json\/wp\/v2\/posts"}],"about":[{"href":"https:\/\/www.sitem.fr\/en\/wp-json\/wp\/v2\/types\/post"}],"author":[{"embeddable":true,"href":"https:\/\/www.sitem.fr\/en\/wp-json\/wp\/v2\/users\/2"}],"replies":[{"embeddable":true,"href":"https:\/\/www.sitem.fr\/en\/wp-json\/wp\/v2\/comments?post=12644"}],"version-history":[{"count":5,"href":"https:\/\/www.sitem.fr\/en\/wp-json\/wp\/v2\/posts\/12644\/revisions"}],"predecessor-version":[{"id":12669,"href":"https:\/\/www.sitem.fr\/en\/wp-json\/wp\/v2\/posts\/12644\/revisions\/12669"}],"wp:featuredmedia":[{"embeddable":true,"href":"https:\/\/www.sitem.fr\/en\/wp-json\/wp\/v2\/media\/12646"}],"wp:attachment":[{"href":"https:\/\/www.sitem.fr\/en\/wp-json\/wp\/v2\/media?parent=12644"}],"wp:term":[{"taxonomy":"category","embeddable":true,"href":"https:\/\/www.sitem.fr\/en\/wp-json\/wp\/v2\/categories?post=12644"},{"taxonomy":"post_tag","embeddable":true,"href":"https:\/\/www.sitem.fr\/en\/wp-json\/wp\/v2\/tags?post=12644"}],"curies":[{"name":"wp","href":"https:\/\/api.w.org\/{rel}","templated":true}]}}