{"id":12654,"date":"2019-09-17T16:14:52","date_gmt":"2019-09-17T14:14:52","guid":{"rendered":"https:\/\/www.sitem.fr\/?p=12654"},"modified":"2019-09-18T16:22:09","modified_gmt":"2019-09-18T14:22:09","slug":"le-chainon-manquant-a-negocie-les-droits-des-oeuvres-audiovisuelles-pour-lexposition-le-reve-detre-artiste","status":"publish","type":"post","link":"https:\/\/www.sitem.fr\/en\/le-chainon-manquant-a-negocie-les-droits-des-oeuvres-audiovisuelles-pour-lexposition-le-reve-detre-artiste\/","title":{"rendered":"Le Cha\u00eenon Manquant a n\u00e9goci\u00e9 les droits des \u0153uvres audiovisuelles pour l\u2019exposition \u00ab Le R\u00eave d\u2019\u00eatre artiste \u00bb."},"content":{"rendered":"<p>Le 20 septembre 2019, \u00e0 Lille, sera inaugur\u00e9e l\u2019exposition \u00ab Le r\u00eave d\u2019\u00eatre artiste \u00bb.<\/p>\n<p>Cette exposition, organis\u00e9e par le Palais des Beaux-Arts de Lille, en co-production avec la R\u00e9union des Mus\u00e9es Nationaux, tente de montrer le cheminement qui a amen\u00e9 des artistes \u00e0 le devenir.<\/p>\n<p>L\u2019exposition montre des peintures, des sculptures, mais aussi des extraits d\u2019\u0153uvres audiovisuelles.<\/p>\n<p><strong>Le Cha\u00eenon Manquant<\/strong> a accompagn\u00e9 la RMN pour la n\u00e9gociation de ces extraits.<\/p>\n<p><a href=\"https:\/\/www.sitem.fr\/wp-content\/uploads\/2019\/09\/NL-0919-CHAINON-MANQUANT-Artistes-8m-031.jpg\"><img loading=\"lazy\" decoding=\"async\" class=\"alignright size-full wp-image-12656\" src=\"https:\/\/www.sitem.fr\/wp-content\/uploads\/2019\/09\/NL-0919-CHAINON-MANQUANT-Artistes-8m-031.jpg\" alt=\"\" width=\"1866\" height=\"1375\" srcset=\"https:\/\/www.sitem.fr\/wp-content\/uploads\/2019\/09\/NL-0919-CHAINON-MANQUANT-Artistes-8m-031.jpg 1866w, https:\/\/www.sitem.fr\/wp-content\/uploads\/2019\/09\/NL-0919-CHAINON-MANQUANT-Artistes-8m-031-600x442.jpg 600w, https:\/\/www.sitem.fr\/wp-content\/uploads\/2019\/09\/NL-0919-CHAINON-MANQUANT-Artistes-8m-031-597x440.jpg 597w, https:\/\/www.sitem.fr\/wp-content\/uploads\/2019\/09\/NL-0919-CHAINON-MANQUANT-Artistes-8m-031-1024x755.jpg 1024w, https:\/\/www.sitem.fr\/wp-content\/uploads\/2019\/09\/NL-0919-CHAINON-MANQUANT-Artistes-8m-031-768x566.jpg 768w, https:\/\/www.sitem.fr\/wp-content\/uploads\/2019\/09\/NL-0919-CHAINON-MANQUANT-Artistes-8m-031-1536x1132.jpg 1536w, https:\/\/www.sitem.fr\/wp-content\/uploads\/2019\/09\/NL-0919-CHAINON-MANQUANT-Artistes-8m-031-300x221.jpg 300w, https:\/\/www.sitem.fr\/wp-content\/uploads\/2019\/09\/NL-0919-CHAINON-MANQUANT-Artistes-8m-031-80x60.jpg 80w\" sizes=\"auto, (max-width: 1866px) 100vw, 1866px\" \/><\/a><\/p>\n<p>Ces extraits montrent l\u2019artiste \u00e0 l\u2019\u0153uvre, comme dans <em>Le Myst\u00e8re Picasso<\/em> de Clouzot ; en performance comme dans <em>Andy Warhol eating a hamburger<\/em>, ou l\u2019invisible Banksy dont une \u0153uvre s\u2019auto-d\u00e9truit en salle des ventes. Ce sont encore des extraits de fiction, comme <em>Mr Turner<\/em> de Mike Leigh. Ce sont enfin des \u0153uvres elles-m\u00eames, comme les <em>Morphings<\/em> des auto-portraits d\u2019Edvard Munch et Vincent Van Gogh par Kaare K. Johnsen.<\/p>\n<p><strong>Le Cha\u00eenon Manquant<\/strong> a n\u00e9goci\u00e9 les droits pour l\u2019exploitation de ces vid\u00e9os dans l\u2019exposition, dans la communication qui est faite pour la promouvoir, et dans le catalogue.<\/p>\n<p>L\u2019exposition se tient du 20 septembre 2019 au 06 janvier 2020.<\/p>\n<div class=\"wp-playlist wp-video-playlist wp-playlist-light\">\n\t\t<video controls=\"controls\" preload=\"none\" width=\"878\"\n\t\t height=\"494\"\t><\/video>\n\t<div class=\"wp-playlist-next\"><\/div>\n\t<div class=\"wp-playlist-prev\"><\/div>\n\t<noscript>\n\t<ol>\n\t\t<li><a href='https:\/\/www.sitem.fr\/wp-content\/uploads\/2019\/09\/NL-0919-CHAINON-MANQUANT-TEASER-ARTISTE-3.09.2019-1.mp4'>TEASER ARTISTE 3.09.2019 (1)<\/a><\/li>\t<\/ol>\n\t<\/noscript>\n\t<script type=\"application\/json\" class=\"wp-playlist-script\">{\"type\":\"video\",\"tracklist\":true,\"tracknumbers\":true,\"images\":true,\"artists\":true,\"tracks\":[{\"src\":\"https:\/\/www.sitem.fr\/wp-content\/uploads\/2019\/09\/NL-0919-CHAINON-MANQUANT-TEASER-ARTISTE-3.09.2019-1.mp4\",\"type\":\"video\/mp4\",\"title\":\"TEASER ARTISTE 3.09.2019 (1)\",\"caption\":\"\",\"description\":\"\",\"meta\":{\"length_formatted\":\"0:40\"},\"dimensions\":{\"original\":{\"width\":1920,\"height\":1080},\"resized\":{\"width\":878,\"height\":494}},\"image\":{\"src\":\"https:\/\/www.sitem.fr\/wp-includes\/images\/media\/video.svg\",\"width\":48,\"height\":64},\"thumb\":{\"src\":\"https:\/\/www.sitem.fr\/wp-includes\/images\/media\/video.svg\",\"width\":48,\"height\":64}}]}<\/script>\n<\/div>\n\t\n<p>Consultez la fiche prestataire le chainon manquant <a href=\"http:\/\/www.museumexperts.com\/nos_services\/annuaire\/prestataire\/5050\">ici<\/a><\/p>\n","protected":false},"excerpt":{"rendered":"Le 20 septembre 2019, \u00e0 Lille, sera inaugur\u00e9e l\u2019exposition \u00ab Le r\u00eave d\u2019\u00eatre artiste \u00bb. Cette exposition, organis\u00e9e par le Palais des Beaux-Arts de Lille, en co-production avec la R\u00e9union des Mus\u00e9es Nationaux, tente de montrer le cheminement qui a amen\u00e9 des artistes \u00e0 le devenir. L\u2019exposition montre des peintures, des sculptures, mais aussi des&#8230; <br><a class=\"readm\" href=\"https:\/\/www.sitem.fr\/en\/le-chainon-manquant-a-negocie-les-droits-des-oeuvres-audiovisuelles-pour-lexposition-le-reve-detre-artiste\/\">Read more<\/a>","protected":false},"author":2,"featured_media":12656,"comment_status":"open","ping_status":"open","sticky":false,"template":"","format":"standard","meta":{"_acf_changed":false,"footnotes":""},"categories":[137,140,901,363],"tags":[536,902,903,537,904],"class_list":["post-12654","post","type-post","status-publish","format-standard","has-post-thumbnail","hentry","category-audiovisuel-multimedia","category-communication","category-droits-des-oeuvres","category-reserves","tag-le-chainon-manquant","tag-le-reve-dartiste","tag-lille","tag-palais-des-beaux-arts-de-lille","tag-videos"],"acf":[],"_links":{"self":[{"href":"https:\/\/www.sitem.fr\/en\/wp-json\/wp\/v2\/posts\/12654","targetHints":{"allow":["GET"]}}],"collection":[{"href":"https:\/\/www.sitem.fr\/en\/wp-json\/wp\/v2\/posts"}],"about":[{"href":"https:\/\/www.sitem.fr\/en\/wp-json\/wp\/v2\/types\/post"}],"author":[{"embeddable":true,"href":"https:\/\/www.sitem.fr\/en\/wp-json\/wp\/v2\/users\/2"}],"replies":[{"embeddable":true,"href":"https:\/\/www.sitem.fr\/en\/wp-json\/wp\/v2\/comments?post=12654"}],"version-history":[{"count":4,"href":"https:\/\/www.sitem.fr\/en\/wp-json\/wp\/v2\/posts\/12654\/revisions"}],"predecessor-version":[{"id":12687,"href":"https:\/\/www.sitem.fr\/en\/wp-json\/wp\/v2\/posts\/12654\/revisions\/12687"}],"wp:featuredmedia":[{"embeddable":true,"href":"https:\/\/www.sitem.fr\/en\/wp-json\/wp\/v2\/media\/12656"}],"wp:attachment":[{"href":"https:\/\/www.sitem.fr\/en\/wp-json\/wp\/v2\/media?parent=12654"}],"wp:term":[{"taxonomy":"category","embeddable":true,"href":"https:\/\/www.sitem.fr\/en\/wp-json\/wp\/v2\/categories?post=12654"},{"taxonomy":"post_tag","embeddable":true,"href":"https:\/\/www.sitem.fr\/en\/wp-json\/wp\/v2\/tags?post=12654"}],"curies":[{"name":"wp","href":"https:\/\/api.w.org\/{rel}","templated":true}]}}