{"id":12701,"date":"2019-10-18T09:30:20","date_gmt":"2019-10-18T07:30:20","guid":{"rendered":"https:\/\/www.sitem.fr\/?p=12701"},"modified":"2019-11-04T14:47:27","modified_gmt":"2019-11-04T13:47:27","slug":"choisir-le-sitem-2020","status":"publish","type":"post","link":"https:\/\/www.sitem.fr\/en\/choisir-le-sitem-2020\/","title":{"rendered":"Choisir le SITEM 2020\u2026"},"content":{"rendered":"<p><a href=\"https:\/\/www.sitem.fr\/wp-content\/uploads\/2019\/10\/Capture-d\u2019e\u0301cran-2019-10-16-a\u0300-09.46.23.png\"><img loading=\"lazy\" decoding=\"async\" class=\"wp-image-12714 size-full alignleft\" src=\"https:\/\/www.sitem.fr\/wp-content\/uploads\/2019\/10\/Capture-d\u2019e\u0301cran-2019-10-16-a\u0300-09.46.23.png\" alt=\"\" width=\"744\" height=\"187\" srcset=\"https:\/\/www.sitem.fr\/wp-content\/uploads\/2019\/10\/Capture-d\u2019e\u0301cran-2019-10-16-a\u0300-09.46.23.png 744w, https:\/\/www.sitem.fr\/wp-content\/uploads\/2019\/10\/Capture-d\u2019e\u0301cran-2019-10-16-a\u0300-09.46.23-600x151.png 600w, https:\/\/www.sitem.fr\/wp-content\/uploads\/2019\/10\/Capture-d\u2019e\u0301cran-2019-10-16-a\u0300-09.46.23-680x171.png 680w, https:\/\/www.sitem.fr\/wp-content\/uploads\/2019\/10\/Capture-d\u2019e\u0301cran-2019-10-16-a\u0300-09.46.23-300x75.png 300w\" sizes=\"auto, (max-width: 744px) 100vw, 744px\" \/><\/a><\/p>\n<p><span style=\"color: #800000;\"><strong>Comme<\/strong><\/span> <a href=\"https:\/\/www.meyvaertmuseum.com\/fr\"><strong>Meyvaert<\/strong><\/a> (B), <a href=\"http:\/\/www.reier.de\/accueil.html?lang=3\"><strong>Reier<\/strong><\/a> (All), <a href=\"https:\/\/museumevolution.com\/\"><strong>Museum\u00a0Evolution<\/strong><\/a> (Gr) <a href=\"http:\/\/www.goppion.com\/\"><strong>Goppion<\/strong><\/a> (It), <a href=\"https:\/\/www.erco.com\/fr\/\"><strong>Erco<\/strong><\/a>, <a href=\"https:\/\/bruynzeel.fr\/\"><strong>Bruynzeel<\/strong><\/a> (PB), <a href=\"https:\/\/www.tonwelt.fr\/\"><strong>Tonwelt<\/strong><\/a> (All), <a href=\"https:\/\/fr.absoluteproduct.com\/\"><strong>Absolute<\/strong><strong>Museum<\/strong><\/a> (GB), <a href=\"https:\/\/www.axiell.com\/\"><strong>Axiell<\/strong><\/a> (GB), <a href=\"https:\/\/www.epson.fr\/\"><strong>Epson<\/strong><\/a>, <a href=\"https:\/\/tru-vue.com\/\"><strong>Tru Vue<\/strong><\/a> (USA), <a href=\"https:\/\/www.iguzzini.com\/fr\/\"><strong>Iguzzini<\/strong><\/a> (It), <strong>acteurs mondiaux de l\u2019\u00e9quipement des mus\u00e9es<\/strong>, ou <a href=\"http:\/\/www.promuseum.fr\/\"><strong>Promuseum<\/strong><\/a> (F), <a href=\"http:\/\/www.editag.eu\/\"><strong>Editag<\/strong><\/a> (F), <a href=\"https:\/\/www.mazedia.fr\/\"><strong>Mazedia<\/strong><\/a> (F), <a href=\"https:\/\/www.rsf-europe.com\/\"><strong>RSF<\/strong> <\/a>(F), <a href=\"https:\/\/www.hygiene-office.fr\/\"><strong>Hygi\u00e8ne Office<\/strong><\/a>(F), <a href=\"https:\/\/www.exhibitgroup.fr\/fr\/\"><strong>Exhibit Group<\/strong><\/a> (F), <a href=\"https:\/\/smartapps.fr\/\"><strong>Smartapps<\/strong><\/a> (F), et tant d\u2019autres encore.<\/p>\n<p><strong><span style=\"color: #800000;\">Comme<\/span><\/strong> la <a href=\"https:\/\/www.wallonie.be\/fr\"><strong>Wallonie\u00a0<\/strong><\/a>et la <a href=\"https:\/\/www.lacharente.fr\/\"><strong>Charente<\/strong><\/a> pour mieux faire conna\u00eetre leurs <strong>sp\u00e9cialistes de l\u2019\u00e9quipement<\/strong> et des <strong>services<\/strong> <strong>mus\u00e9ographiques<\/strong>\u00a0?<\/p>\n<p><span style=\"color: #800000;\"><strong>Comme<\/strong><\/span> le <a href=\"http:\/\/www.cnrs.fr\/fr\/page-daccueil\"><strong>Centre<span style=\"color: #333333;\"> National de la Recherche Scientifique (CNRS) <\/span><\/strong><\/a>pour pr\u00e9senter ses derni\u00e8res <strong>innovations<\/strong> mus\u00e9ales, ou le <strong>C<a href=\"https:\/\/www.monuments-nationaux.fr\/\">entre des Monuments Nationaux<\/a>\u00a0<\/strong>avec l&#8217;<strong>incubateur du patrimoine<\/strong> ?<\/p>\n<p><span style=\"color: #800000;\"><strong>Comme<\/strong><\/span> les <strong>startups<\/strong> si nombreuses \u00e0 concourir pour le <strong>Startup contest<\/strong> face \u00e0 son jury exceptionnel\u00a0?<\/p>\n<p><span style=\"color: #800000;\"><strong>Comme<\/strong><\/span> les <strong>\u00e9l\u00e8ves<\/strong> des \u00e9coles et les <strong>\u00e9tudiants<\/strong> des universit\u00e9s qui participent au festival <strong>mus\u00e9es (em)portables<\/strong> en proposant leurs vid\u00e9os inventives et drolatiques sur les mus\u00e9es<\/p>\n<p><span style=\"color: #800000;\"><strong>Comme<\/strong><\/span> l\u2019<strong>Association G\u00e9n\u00e9rale des Conservateurs des Collections Publiques de France (<a href=\"https:\/\/www.agccpf.com\/\">AGCCPF)<\/a><\/strong> pour tenir son Assembl\u00e9e G\u00e9n\u00e9rale annuelle\u00a0?<\/p>\n<p><span style=\"color: #800000;\"><strong>Comme<\/strong><\/span> <a href=\"https:\/\/www.facebook.com\/xpofederation\/?__xts__[0]=68.ARDG7DJ5t6U1Vx-Yz8fRUWuV33-Mb8ctMGdHXaI0-7BZPZryig1zfMQ-uTonp1M8xTrVtsIQVMvgkYQfXHfkztivk8_oyOgVpsjRfSsh0GaVCXocX_E-EtKR1dYFBrasf5TDzl5PXG7QarwRRvq3nxkANk_SvsIqLXErhX1Hxygpsk8R8H1L6xO2NJGmq7IUmvCdJhbwxhCySzCu\"><strong>XPO<\/strong><\/a>, la toute nouvelle F\u00e9d\u00e9ration des Concepteurs d\u2019Expositions, qui r\u00e9unit, <strong>mus\u00e9ographes<\/strong>, <strong>sc\u00e9nographes<\/strong>, <strong>concepteurs<\/strong> <strong>lumi\u00e8re<\/strong>, <strong>graphistes<\/strong>, <strong>designers<\/strong>, <strong>producteurs audiovisuel<\/strong>, <strong>multim\u00e9dia<\/strong> et <strong>num\u00e9rique<\/strong>, <strong>conservateurs<\/strong>, <strong>m\u00e9diateurs<\/strong>, <strong>manipeurs<\/strong>, pour sa premi\u00e8re expression officielle\u00a0?<\/p>\n<p><span style=\"color: #800000;\"><strong>Comme<\/strong><\/span> les <strong>conf\u00e9renciers<\/strong> du <strong>Quartier des Spectacles de Montr\u00e9al<\/strong>, de l\u2019<strong>Institut Paris R\u00e9gion<\/strong>, de la <strong>C<\/strong><strong>our des Comptes<\/strong>, du <strong>Minist\u00e8re de la Culture espagnole<\/strong>, du <strong>Louvre<\/strong>, des <strong>mus\u00e9es Humboldt, Br\u00fccke<\/strong>, <strong>Bode<\/strong> \u00e0 Berlin, du <strong>Depot<\/strong> \u00e0 Rotterdam (<strong>mus\u00e9e Boijmans van Beuningen<\/strong>) et de l\u2019<strong>AFXR<\/strong> (Association Fran\u00e7aise X Reality)\u00a0?<\/p>\n<p><strong><span style=\"color: #800000;\">Comme<\/span><\/strong> ses plus de <strong>3000 visiteurs<\/strong>, hautement qualifi\u00e9s <a href=\"http:\/\/www.museumexperts.com\/sitem\/visiter\/infospratiques\">ICI<\/a><\/p>\n<p><strong>\u2026 Parce que depuis 25 ans, le SITEM est partie prenante dans la r\u00e9volution des mus\u00e9es, devenus h\u00e9ros culturels admir\u00e9s, acteurs \u00e9conomiques respect\u00e9s, partenaires sociaux recherch\u00e9s.<\/strong><\/p>\n<p><a href=\"http:\/\/www.museumexperts.com\/sitem\/visiter\/presentation\"><img loading=\"lazy\" decoding=\"async\" class=\"alignleft wp-image-12702 size-full\" src=\"https:\/\/www.sitem.fr\/wp-content\/uploads\/2019\/10\/ME_POST-SITEM-1200X630_V2.jpg\" alt=\"\" width=\"1200\" height=\"630\" srcset=\"https:\/\/www.sitem.fr\/wp-content\/uploads\/2019\/10\/ME_POST-SITEM-1200X630_V2.jpg 1200w, https:\/\/www.sitem.fr\/wp-content\/uploads\/2019\/10\/ME_POST-SITEM-1200X630_V2-600x315.jpg 600w, https:\/\/www.sitem.fr\/wp-content\/uploads\/2019\/10\/ME_POST-SITEM-1200X630_V2-300x158.jpg 300w, https:\/\/www.sitem.fr\/wp-content\/uploads\/2019\/10\/ME_POST-SITEM-1200X630_V2-768x403.jpg 768w, https:\/\/www.sitem.fr\/wp-content\/uploads\/2019\/10\/ME_POST-SITEM-1200X630_V2-1024x538.jpg 1024w\" sizes=\"auto, (max-width: 1200px) 100vw, 1200px\" \/><\/a><\/p>\n","protected":false},"excerpt":{"rendered":"Comme Meyvaert (B), Reier (All), Museum\u00a0Evolution (Gr) Goppion (It), Erco, Bruynzeel (PB), Tonwelt (All), AbsoluteMuseum (GB), Axiell (GB), Epson, Tru Vue (USA), Iguzzini (It), acteurs mondiaux de l\u2019\u00e9quipement des mus\u00e9es, ou Promuseum (F), Editag (F), Mazedia (F), RSF (F), Hygi\u00e8ne Office(F), Exhibit Group (F), Smartapps (F), et tant d\u2019autres encore. Comme la Wallonie\u00a0et la Charente&#8230; <br><a class=\"readm\" href=\"https:\/\/www.sitem.fr\/en\/choisir-le-sitem-2020\/\">Read more<\/a>","protected":false},"author":2,"featured_media":12714,"comment_status":"open","ping_status":"open","sticky":false,"template":"","format":"standard","meta":{"_acf_changed":false,"footnotes":""},"categories":[1],"tags":[913,911,912,909,708,910],"class_list":["post-12701","post","type-post","status-publish","format-standard","has-post-thumbnail","hentry","category-non-classifiee","tag-equipements","tag-event","tag-museum","tag-salon","tag-sitem","tag-sitem2020"],"acf":[],"_links":{"self":[{"href":"https:\/\/www.sitem.fr\/en\/wp-json\/wp\/v2\/posts\/12701","targetHints":{"allow":["GET"]}}],"collection":[{"href":"https:\/\/www.sitem.fr\/en\/wp-json\/wp\/v2\/posts"}],"about":[{"href":"https:\/\/www.sitem.fr\/en\/wp-json\/wp\/v2\/types\/post"}],"author":[{"embeddable":true,"href":"https:\/\/www.sitem.fr\/en\/wp-json\/wp\/v2\/users\/2"}],"replies":[{"embeddable":true,"href":"https:\/\/www.sitem.fr\/en\/wp-json\/wp\/v2\/comments?post=12701"}],"version-history":[{"count":15,"href":"https:\/\/www.sitem.fr\/en\/wp-json\/wp\/v2\/posts\/12701\/revisions"}],"predecessor-version":[{"id":12835,"href":"https:\/\/www.sitem.fr\/en\/wp-json\/wp\/v2\/posts\/12701\/revisions\/12835"}],"wp:featuredmedia":[{"embeddable":true,"href":"https:\/\/www.sitem.fr\/en\/wp-json\/wp\/v2\/media\/12714"}],"wp:attachment":[{"href":"https:\/\/www.sitem.fr\/en\/wp-json\/wp\/v2\/media?parent=12701"}],"wp:term":[{"taxonomy":"category","embeddable":true,"href":"https:\/\/www.sitem.fr\/en\/wp-json\/wp\/v2\/categories?post=12701"},{"taxonomy":"post_tag","embeddable":true,"href":"https:\/\/www.sitem.fr\/en\/wp-json\/wp\/v2\/tags?post=12701"}],"curies":[{"name":"wp","href":"https:\/\/api.w.org\/{rel}","templated":true}]}}