{"id":12743,"date":"2019-10-17T15:57:23","date_gmt":"2019-10-17T13:57:23","guid":{"rendered":"https:\/\/www.sitem.fr\/?p=12743"},"modified":"2019-10-24T09:13:37","modified_gmt":"2019-10-24T07:13:37","slug":"la-fabrique-creative-laureate-du-concours-pour-la-creation-dun-parcours-de-visite-aux-salines-royales-de-dieuze","status":"publish","type":"post","link":"https:\/\/www.sitem.fr\/en\/la-fabrique-creative-laureate-du-concours-pour-la-creation-dun-parcours-de-visite-aux-salines-royales-de-dieuze\/","title":{"rendered":"La Fabrique cr\u00e9ative laur\u00e9ate du concours pour la cr\u00e9ation d\u2019un parcours de visite aux salines royales de Dieuze"},"content":{"rendered":"<p>&nbsp;<\/p>\n<p>Le groupement La Fabrique Cr\u00e9ative (mandataire), \u00c2me en science et RC Audiovisuel est laur\u00e9at du concours lanc\u00e9 par la ville de Dieuze pour la cr\u00e9ation d\u2019un parcours de visite, sc\u00e9nographique et mus\u00e9ographique, sur les salines royales de Dieuze.<\/p>\n<p>Attest\u00e9es au Xe\u00a0si\u00e8cle, ces salines persistent jusqu\u2019en 1976. De toutes les salines de Lorraine, celles de Dieuze sont certainement les plus c\u00e9l\u00e8bres.<\/p>\n<p>Seule la ville de Dieuze poss\u00e8de encore dans l\u2019enceinte de la Saline, plusieurs constructions des XVIIe et XVIIIe\u00a0si\u00e8cles, qui constituent une belle homog\u00e9n\u00e9it\u00e9. Le puits sal\u00e9, c\u0153ur de la production est encore visible et reste le seul perceptible en Europe. La D\u00e9livrance est sans doute l\u2019un des entrep\u00f4ts de sel les plus longs et les plus spectaculaires de France.<\/p>\n<p>Par rapport \u00e0 Arc-et-Senans, la Saline de Dieuze se diff\u00e9rencie par une organisation plus ancienne et plus pragmatique, qui n\u2019a jamais \u00e9t\u00e9 fig\u00e9e dans un concept de pens\u00e9e architecturale, mais qui a toujours su s\u2019adapter aux exigences de la production et des nouvelles techniques.<\/p>\n<p><a href=\"https:\/\/www.sitem.fr\/wp-content\/uploads\/2019\/10\/Dieuze-2LFC.jpg\"><img loading=\"lazy\" decoding=\"async\" class=\"size-full wp-image-12746 alignleft\" src=\"https:\/\/www.sitem.fr\/wp-content\/uploads\/2019\/10\/Dieuze-2LFC.jpg\" alt=\"\" width=\"800\" height=\"516\" srcset=\"https:\/\/www.sitem.fr\/wp-content\/uploads\/2019\/10\/Dieuze-2LFC.jpg 800w, https:\/\/www.sitem.fr\/wp-content\/uploads\/2019\/10\/Dieuze-2LFC-600x387.jpg 600w, https:\/\/www.sitem.fr\/wp-content\/uploads\/2019\/10\/Dieuze-2LFC-680x440.jpg 680w, https:\/\/www.sitem.fr\/wp-content\/uploads\/2019\/10\/Dieuze-2LFC-768x495.jpg 768w, https:\/\/www.sitem.fr\/wp-content\/uploads\/2019\/10\/Dieuze-2LFC-300x194.jpg 300w\" sizes=\"auto, (max-width: 800px) 100vw, 800px\" \/><\/a><\/p>\n<p>&nbsp;<\/p>\n<p>Ces constructions originelles constituent un atout consid\u00e9rable et un \u00e9crin irrempla\u00e7able, pour transposer et expliquer la r\u00e9alit\u00e9 de l\u2019exploitation sur ce site. Le Saulnois concentre depuis quelques ann\u00e9es, plusieurs projets d\u2019int\u00e9r\u00eats culturels et touristiques. Les Salines de Dieuze s\u2019ins\u00e8rent tout naturellement dans un projet local de d\u00e9veloppement touristique et culturel. Le projet mus\u00e9ographique visera plusieurs objectifs\u00a0:<\/p>\n<p>&#8211; Le respect des espaces d\u00e9di\u00e9s au parcours mus\u00e9ographique et sc\u00e9nographique, dans leur int\u00e9grit\u00e9 architecturale, qui serviront le projet et seront ainsi mis en valeur par les interventions.<\/p>\n<p>&#8211; La transmission des contenus et messages clefs pour r\u00e9pondre aux nombreuses questions du public par la construction d\u2019outils de m\u00e9diations adapt\u00e9s et \u00e9labor\u00e9s qui susciteront un r\u00e9el \u00e9merveillement scientifique.<\/p>\n<p>&#8211; Le passage des contenus par l\u2019\u00e9motion par l\u2019interm\u00e9diaire d\u2019un parcours hybride, m\u00ealant informations claires et concises et installations immersives et po\u00e9tiques.<\/p>\n<p>Ma\u00eetre d&#8217;ouvrage\u00a0: Ville de Dieuze<\/p>\n<p>Groupement La Fabrique Cr\u00e9ative (mandataire), \u00c2me en science, RC audiovisuel.<\/p>\n<p>Ouverture 2021<\/p>\n<p><a href=\"http:\/\/www.la-fabrique-creative.fr\/\">http:\/\/www.la-fabrique-creative.fr<\/a><\/p>\n<p>Facebook <a href=\"https:\/\/www.facebook.com\/LFCparis\/\">ICI<\/a><\/p>\n<p>Instagram <a href=\"https:\/\/www.instagram.com\/la_fabrique_creative\/\">ICI<\/a><\/p>\n","protected":false},"excerpt":{"rendered":"&nbsp; Le groupement La Fabrique Cr\u00e9ative (mandataire), \u00c2me en science et RC Audiovisuel est laur\u00e9at du concours lanc\u00e9 par la ville de Dieuze pour la cr\u00e9ation d\u2019un parcours de visite, sc\u00e9nographique et mus\u00e9ographique, sur les salines royales de Dieuze. Attest\u00e9es au Xe\u00a0si\u00e8cle, ces salines persistent jusqu\u2019en 1976. De toutes les salines de Lorraine, celles de&#8230; <br><a class=\"readm\" href=\"https:\/\/www.sitem.fr\/en\/la-fabrique-creative-laureate-du-concours-pour-la-creation-dun-parcours-de-visite-aux-salines-royales-de-dieuze\/\">Read more<\/a>","protected":false},"author":2,"featured_media":12746,"comment_status":"open","ping_status":"open","sticky":false,"template":"","format":"standard","meta":{"_acf_changed":false,"footnotes":""},"categories":[1],"tags":[625,181,931,44,932,808],"class_list":["post-12743","post","type-post","status-publish","format-standard","has-post-thumbnail","hentry","category-non-classifiee","tag-concours","tag-defi-patrimoine","tag-dieuze","tag-la-fabrique-creative","tag-laureat","tag-patrimoine"],"acf":[],"_links":{"self":[{"href":"https:\/\/www.sitem.fr\/en\/wp-json\/wp\/v2\/posts\/12743","targetHints":{"allow":["GET"]}}],"collection":[{"href":"https:\/\/www.sitem.fr\/en\/wp-json\/wp\/v2\/posts"}],"about":[{"href":"https:\/\/www.sitem.fr\/en\/wp-json\/wp\/v2\/types\/post"}],"author":[{"embeddable":true,"href":"https:\/\/www.sitem.fr\/en\/wp-json\/wp\/v2\/users\/2"}],"replies":[{"embeddable":true,"href":"https:\/\/www.sitem.fr\/en\/wp-json\/wp\/v2\/comments?post=12743"}],"version-history":[{"count":3,"href":"https:\/\/www.sitem.fr\/en\/wp-json\/wp\/v2\/posts\/12743\/revisions"}],"predecessor-version":[{"id":12829,"href":"https:\/\/www.sitem.fr\/en\/wp-json\/wp\/v2\/posts\/12743\/revisions\/12829"}],"wp:featuredmedia":[{"embeddable":true,"href":"https:\/\/www.sitem.fr\/en\/wp-json\/wp\/v2\/media\/12746"}],"wp:attachment":[{"href":"https:\/\/www.sitem.fr\/en\/wp-json\/wp\/v2\/media?parent=12743"}],"wp:term":[{"taxonomy":"category","embeddable":true,"href":"https:\/\/www.sitem.fr\/en\/wp-json\/wp\/v2\/categories?post=12743"},{"taxonomy":"post_tag","embeddable":true,"href":"https:\/\/www.sitem.fr\/en\/wp-json\/wp\/v2\/tags?post=12743"}],"curies":[{"name":"wp","href":"https:\/\/api.w.org\/{rel}","templated":true}]}}