{"id":12749,"date":"2019-10-18T09:27:06","date_gmt":"2019-10-18T07:27:06","guid":{"rendered":"https:\/\/www.sitem.fr\/?p=12749"},"modified":"2019-10-21T09:39:46","modified_gmt":"2019-10-21T07:39:46","slug":"le-chainon-manquant-a-reuni-liconographie-de-lexposition-chaplin","status":"publish","type":"post","link":"https:\/\/www.sitem.fr\/en\/le-chainon-manquant-a-reuni-liconographie-de-lexposition-chaplin\/","title":{"rendered":"Le Cha\u00eenon Manquant a r\u00e9uni l\u2019iconographie de l\u2019exposition Chaplin"},"content":{"rendered":"<div id=\"attachment_12750\" style=\"width: 849px\" class=\"wp-caption alignleft\"><a href=\"https:\/\/www.sitem.fr\/wp-content\/uploads\/2019\/10\/Affiche-Chaplin_format-portrait_aveclogos-recadre\u0301.jpg\"><img loading=\"lazy\" decoding=\"async\" aria-describedby=\"caption-attachment-12750\" class=\"wp-image-12750 size-full\" src=\"https:\/\/www.sitem.fr\/wp-content\/uploads\/2019\/10\/Affiche-Chaplin_format-portrait_aveclogos-recadre\u0301.jpg\" alt=\"\" width=\"839\" height=\"553\" srcset=\"https:\/\/www.sitem.fr\/wp-content\/uploads\/2019\/10\/Affiche-Chaplin_format-portrait_aveclogos-recadre\u0301.jpg 839w, https:\/\/www.sitem.fr\/wp-content\/uploads\/2019\/10\/Affiche-Chaplin_format-portrait_aveclogos-recadre\u0301-600x395.jpg 600w, https:\/\/www.sitem.fr\/wp-content\/uploads\/2019\/10\/Affiche-Chaplin_format-portrait_aveclogos-recadre\u0301-668x440.jpg 668w, https:\/\/www.sitem.fr\/wp-content\/uploads\/2019\/10\/Affiche-Chaplin_format-portrait_aveclogos-recadre\u0301-768x506.jpg 768w, https:\/\/www.sitem.fr\/wp-content\/uploads\/2019\/10\/Affiche-Chaplin_format-portrait_aveclogos-recadre\u0301-300x198.jpg 300w\" sizes=\"auto, (max-width: 839px) 100vw, 839px\" \/><\/a><p id=\"caption-attachment-12750\" class=\"wp-caption-text\">\u00a9Mus\u00e9e d\u2019Arts de Nantes<\/p><\/div>\n<p>&nbsp;<\/p>\n<p>&nbsp;<\/p>\n<p>&nbsp;<\/p>\n<p><strong>L\u2019exposition \u00ab\u00a0Charlie Chaplin dans l\u2019\u0153il des avant-gardes\u00a0\u00bb ouvrira ses portes du 18 octobre 2019 au 03 f\u00e9vrier 2020, au Mus\u00e9e d\u2019Arts de Nantes.<\/strong><\/p>\n<p>Une exposition o\u00f9 l\u2019\u0153uvre et la vie de Charlie Chaplin sont mis en regard d\u2019\u0153uvres de ses contemporains : Man Ray, Fernand L\u00e9ger, Brassa\u00ef, Marcel Duchamp,&#8230;<\/p>\n<p>Avec une question : qui a influenc\u00e9 qui ?<\/p>\n<div id=\"attachment_12753\" style=\"width: 913px\" class=\"wp-caption alignnone\"><a href=\"https:\/\/www.sitem.fr\/wp-content\/uploads\/2019\/10\/Capture-d\u2019e\u0301cran-2019-10-17-a\u0300-16.02.35.png\"><img loading=\"lazy\" decoding=\"async\" aria-describedby=\"caption-attachment-12753\" class=\"wp-image-12753 size-full\" src=\"https:\/\/www.sitem.fr\/wp-content\/uploads\/2019\/10\/Capture-d\u2019e\u0301cran-2019-10-17-a\u0300-16.02.35.png\" alt=\"\" width=\"903\" height=\"568\" srcset=\"https:\/\/www.sitem.fr\/wp-content\/uploads\/2019\/10\/Capture-d\u2019e\u0301cran-2019-10-17-a\u0300-16.02.35.png 903w, https:\/\/www.sitem.fr\/wp-content\/uploads\/2019\/10\/Capture-d\u2019e\u0301cran-2019-10-17-a\u0300-16.02.35-600x377.png 600w, https:\/\/www.sitem.fr\/wp-content\/uploads\/2019\/10\/Capture-d\u2019e\u0301cran-2019-10-17-a\u0300-16.02.35-300x189.png 300w, https:\/\/www.sitem.fr\/wp-content\/uploads\/2019\/10\/Capture-d\u2019e\u0301cran-2019-10-17-a\u0300-16.02.35-768x483.png 768w, https:\/\/www.sitem.fr\/wp-content\/uploads\/2019\/10\/Capture-d\u2019e\u0301cran-2019-10-17-a\u0300-16.02.35-222x140.png 222w\" sizes=\"auto, (max-width: 903px) 100vw, 903px\" \/><\/a><p id=\"caption-attachment-12753\" class=\"wp-caption-text\">\u00a9Roy Export Ltd<\/p><\/div>\n<p>&nbsp;<\/p>\n<p><a href=\"http:\/\/www.museumexperts.com\/nos_services\/annuaire\/prestataire\/5050\"><strong>Le Cha\u00eenon Manquant<\/strong><\/a> avait pour mission principale de r\u00e9unir toute l\u2019iconographie de l\u2019exposition et de son catalogue, impliquant bien \u00e9videmment la gestion de l\u2019ensemble des droits.<\/p>\n<p>De plus, la pi\u00e8ce centrale de l\u2019exposition, appel\u00e9e pour l\u2019occasion \u00ab\u00a0Usine \u00e0 R\u00eaves\u00a0\u00bb, diffuse quatre audiovisuels r\u00e9alis\u00e9s par <a href=\"http:\/\/www.museumexperts.com\/nos_services\/annuaire\/prestataire\/5050\"><strong>Le Cha\u00eenon Manquant<\/strong><\/a>. Ces quatre audiovisuels th\u00e9matiques sont compos\u00e9s d\u2019extraits de films de Chaplin, soulignant les aspects principaux de son art.<\/p>\n<p>Pendant plusieurs mois <a href=\"http:\/\/www.museumexperts.com\/nos_services\/annuaire\/prestataire\/5050\"><strong>Le Cha\u00eenon Manquant<\/strong><\/a> a travaill\u00e9 de concert avec le\u00a0<em>Chaplin Office<\/em>, afin de pr\u00e9senter aux visiteurs des archives rares et pertinentes.<\/p>\n","protected":false},"excerpt":{"rendered":"&nbsp; &nbsp; &nbsp; L\u2019exposition \u00ab\u00a0Charlie Chaplin dans l\u2019\u0153il des avant-gardes\u00a0\u00bb ouvrira ses portes du 18 octobre 2019 au 03 f\u00e9vrier 2020, au Mus\u00e9e d\u2019Arts de Nantes. Une exposition o\u00f9 l\u2019\u0153uvre et la vie de Charlie Chaplin sont mis en regard d\u2019\u0153uvres de ses contemporains : Man Ray, Fernand L\u00e9ger, Brassa\u00ef, Marcel Duchamp,&#8230; Avec une question&#8230; <br><a class=\"readm\" href=\"https:\/\/www.sitem.fr\/en\/le-chainon-manquant-a-reuni-liconographie-de-lexposition-chaplin\/\">Read more<\/a>","protected":false},"author":2,"featured_media":12750,"comment_status":"open","ping_status":"open","sticky":false,"template":"","format":"standard","meta":{"_acf_changed":false,"footnotes":""},"categories":[137,901,933],"tags":[678,935,934,53,536,492,643],"class_list":["post-12749","post","type-post","status-publish","format-standard","has-post-thumbnail","hentry","category-audiovisuel-multimedia","category-droits-des-oeuvres","category-iconographie","tag-archives-filmiques-et-photographiques","tag-audiovisuels","tag-charlie-chaplin","tag-exposition","tag-le-chainon-manquant","tag-musee-darts-de-nantes","tag-nantes"],"acf":[],"_links":{"self":[{"href":"https:\/\/www.sitem.fr\/en\/wp-json\/wp\/v2\/posts\/12749","targetHints":{"allow":["GET"]}}],"collection":[{"href":"https:\/\/www.sitem.fr\/en\/wp-json\/wp\/v2\/posts"}],"about":[{"href":"https:\/\/www.sitem.fr\/en\/wp-json\/wp\/v2\/types\/post"}],"author":[{"embeddable":true,"href":"https:\/\/www.sitem.fr\/en\/wp-json\/wp\/v2\/users\/2"}],"replies":[{"embeddable":true,"href":"https:\/\/www.sitem.fr\/en\/wp-json\/wp\/v2\/comments?post=12749"}],"version-history":[{"count":6,"href":"https:\/\/www.sitem.fr\/en\/wp-json\/wp\/v2\/posts\/12749\/revisions"}],"predecessor-version":[{"id":12820,"href":"https:\/\/www.sitem.fr\/en\/wp-json\/wp\/v2\/posts\/12749\/revisions\/12820"}],"wp:featuredmedia":[{"embeddable":true,"href":"https:\/\/www.sitem.fr\/en\/wp-json\/wp\/v2\/media\/12750"}],"wp:attachment":[{"href":"https:\/\/www.sitem.fr\/en\/wp-json\/wp\/v2\/media?parent=12749"}],"wp:term":[{"taxonomy":"category","embeddable":true,"href":"https:\/\/www.sitem.fr\/en\/wp-json\/wp\/v2\/categories?post=12749"},{"taxonomy":"post_tag","embeddable":true,"href":"https:\/\/www.sitem.fr\/en\/wp-json\/wp\/v2\/tags?post=12749"}],"curies":[{"name":"wp","href":"https:\/\/api.w.org\/{rel}","templated":true}]}}