{"id":12802,"date":"2019-10-18T10:13:53","date_gmt":"2019-10-18T08:13:53","guid":{"rendered":"https:\/\/www.sitem.fr\/?p=12802"},"modified":"2019-10-18T10:13:53","modified_gmt":"2019-10-18T08:13:53","slug":"de-lintimite-du-poil-au-musee-aquarium-de-nancy","status":"publish","type":"post","link":"https:\/\/www.sitem.fr\/en\/de-lintimite-du-poil-au-musee-aquarium-de-nancy\/","title":{"rendered":"De l&#8217;intimit\u00e9 du poil au Mus\u00e9e-Aquarium de Nancy"},"content":{"rendered":"<div id=\"attachment_12803\" style=\"width: 1930px\" class=\"wp-caption alignleft\"><a href=\"https:\/\/www.sitem.fr\/wp-content\/uploads\/2019\/10\/Nancy_POILS_\u00a9MAN.jpg\"><img loading=\"lazy\" decoding=\"async\" aria-describedby=\"caption-attachment-12803\" class=\"wp-image-12803 size-full\" src=\"https:\/\/www.sitem.fr\/wp-content\/uploads\/2019\/10\/Nancy_POILS_\u00a9MAN.jpg\" alt=\"\" width=\"1920\" height=\"960\" srcset=\"https:\/\/www.sitem.fr\/wp-content\/uploads\/2019\/10\/Nancy_POILS_\u00a9MAN.jpg 1920w, https:\/\/www.sitem.fr\/wp-content\/uploads\/2019\/10\/Nancy_POILS_\u00a9MAN-600x300.jpg 600w, https:\/\/www.sitem.fr\/wp-content\/uploads\/2019\/10\/Nancy_POILS_\u00a9MAN-680x340.jpg 680w, https:\/\/www.sitem.fr\/wp-content\/uploads\/2019\/10\/Nancy_POILS_\u00a9MAN-1024x512.jpg 1024w, https:\/\/www.sitem.fr\/wp-content\/uploads\/2019\/10\/Nancy_POILS_\u00a9MAN-768x384.jpg 768w, https:\/\/www.sitem.fr\/wp-content\/uploads\/2019\/10\/Nancy_POILS_\u00a9MAN-1536x768.jpg 1536w, https:\/\/www.sitem.fr\/wp-content\/uploads\/2019\/10\/Nancy_POILS_\u00a9MAN-300x150.jpg 300w\" sizes=\"auto, (max-width: 1920px) 100vw, 1920px\" \/><\/a><p id=\"caption-attachment-12803\" class=\"wp-caption-text\">Affiche de l&#8217;exposition : Poils, du poil de la b\u00eate au poil du menton \u00a9Mus\u00e9e-Aquarium de Nancy<\/p><\/div>\n<p>A l&#8217;occasion de sa r\u00e9ouverture, le Mus\u00e9e-Aquarium de Nancy organise une exposition d\u00e9di\u00e9e \u00e0 l&#8217;univers du poil, un voyage pour d\u00e9couvrir la vie intime de nos cheveux, cils, sourcils mais aussi celle des poils des animaux. Du 1er novembre 2019 au 14 juin 2020, les visiteurs sont invit\u00e9s \u00e0 participer \u00e0 cette r\u00e9flexion \u00e0 la fois sociologique et scientifique notamment gr\u00e2ce \u00e0 des dispositifs multim\u00e9dias in\u00e9dits.<\/p>\n<p>Parmi ces dispositifs, le Mus\u00e9e a souhait\u00e9 entrainer le visiteur au coeur de l&#8217;intimit\u00e9 sonore du poil en proposant une exp\u00e9rience de relaxation bas\u00e9e sur les sensations auditives, l&#8217;ASMR,\u00a0 pour Autonomous Sensory Meridian Response. Le principe, mis en \u0153uvre par Sound 4 Museum, repose sur l&#8217;enregistrement binaural de sons d\u00e9licats. Capt\u00e9s \u00e0 l&#8217;aide d&#8217;un micro \u00e0 haute performance, \u00e0 une distance tr\u00e8s proche, et restitu\u00e9s \u00e0 l&#8217;aide d&#8217;un casque, les sons semblent venir de toutes parts. Une exp\u00e9rience tr\u00e8s en vogue qui agirait sur des probl\u00e8mes du quotidien comme l&#8217;insomnie, le stress ou la fatigue, une exp\u00e9rience qui promet de vous brosser dans le sens du poil\u00a0\u00a0 !<\/p>\n<p><a href=\"https:\/\/www.sound4museum.com\/\">https:\/\/www.sound4museum.com<\/a><\/p>\n<div id=\"attachment_12804\" style=\"width: 970px\" class=\"wp-caption alignleft\"><a href=\"https:\/\/www.sitem.fr\/wp-content\/uploads\/2019\/10\/Nancy_POILS\u00a9MAN.jpg\"><img loading=\"lazy\" decoding=\"async\" aria-describedby=\"caption-attachment-12804\" class=\"wp-image-12804 size-full\" src=\"https:\/\/www.sitem.fr\/wp-content\/uploads\/2019\/10\/Nancy_POILS\u00a9MAN.jpg\" alt=\"\" width=\"960\" height=\"1372\" srcset=\"https:\/\/www.sitem.fr\/wp-content\/uploads\/2019\/10\/Nancy_POILS\u00a9MAN.jpg 960w, https:\/\/www.sitem.fr\/wp-content\/uploads\/2019\/10\/Nancy_POILS\u00a9MAN-600x858.jpg 600w, https:\/\/www.sitem.fr\/wp-content\/uploads\/2019\/10\/Nancy_POILS\u00a9MAN-210x300.jpg 210w, https:\/\/www.sitem.fr\/wp-content\/uploads\/2019\/10\/Nancy_POILS\u00a9MAN-768x1098.jpg 768w, https:\/\/www.sitem.fr\/wp-content\/uploads\/2019\/10\/Nancy_POILS\u00a9MAN-717x1024.jpg 717w\" sizes=\"auto, (max-width: 960px) 100vw, 960px\" \/><\/a><p id=\"caption-attachment-12804\" class=\"wp-caption-text\">Affiche de l&#8217;exposition : Poils, du poil de la b\u00eate au poil du menton \u00a9Mus\u00e9e-Aquarium de Nancy<\/p><\/div>\n<p>&nbsp;<\/p>\n","protected":false},"excerpt":{"rendered":"A l&#8217;occasion de sa r\u00e9ouverture, le Mus\u00e9e-Aquarium de Nancy organise une exposition d\u00e9di\u00e9e \u00e0 l&#8217;univers du poil, un voyage pour d\u00e9couvrir la vie intime de nos cheveux, cils, sourcils mais aussi celle des poils des animaux. Du 1er novembre 2019 au 14 juin 2020, les visiteurs sont invit\u00e9s \u00e0 participer \u00e0 cette r\u00e9flexion \u00e0 la&#8230; <br><a class=\"readm\" href=\"https:\/\/www.sitem.fr\/en\/de-lintimite-du-poil-au-musee-aquarium-de-nancy\/\">Read more<\/a>","protected":false},"author":2,"featured_media":12803,"comment_status":"open","ping_status":"open","sticky":false,"template":"","format":"standard","meta":{"_acf_changed":false,"footnotes":""},"categories":[149,154],"tags":[962,799,657,53,960,961,119],"class_list":["post-12802","post","type-post","status-publish","format-standard","has-post-thumbnail","hentry","category-interactivite-2","category-son-2","tag-casque","tag-dispositif-sonore","tag-experience-immersive","tag-exposition","tag-musee-aquarium-de-nancy","tag-relaxation","tag-sound-4-museum"],"acf":[],"_links":{"self":[{"href":"https:\/\/www.sitem.fr\/en\/wp-json\/wp\/v2\/posts\/12802","targetHints":{"allow":["GET"]}}],"collection":[{"href":"https:\/\/www.sitem.fr\/en\/wp-json\/wp\/v2\/posts"}],"about":[{"href":"https:\/\/www.sitem.fr\/en\/wp-json\/wp\/v2\/types\/post"}],"author":[{"embeddable":true,"href":"https:\/\/www.sitem.fr\/en\/wp-json\/wp\/v2\/users\/2"}],"replies":[{"embeddable":true,"href":"https:\/\/www.sitem.fr\/en\/wp-json\/wp\/v2\/comments?post=12802"}],"version-history":[{"count":2,"href":"https:\/\/www.sitem.fr\/en\/wp-json\/wp\/v2\/posts\/12802\/revisions"}],"predecessor-version":[{"id":12806,"href":"https:\/\/www.sitem.fr\/en\/wp-json\/wp\/v2\/posts\/12802\/revisions\/12806"}],"wp:featuredmedia":[{"embeddable":true,"href":"https:\/\/www.sitem.fr\/en\/wp-json\/wp\/v2\/media\/12803"}],"wp:attachment":[{"href":"https:\/\/www.sitem.fr\/en\/wp-json\/wp\/v2\/media?parent=12802"}],"wp:term":[{"taxonomy":"category","embeddable":true,"href":"https:\/\/www.sitem.fr\/en\/wp-json\/wp\/v2\/categories?post=12802"},{"taxonomy":"post_tag","embeddable":true,"href":"https:\/\/www.sitem.fr\/en\/wp-json\/wp\/v2\/tags?post=12802"}],"curies":[{"name":"wp","href":"https:\/\/api.w.org\/{rel}","templated":true}]}}