{"id":12807,"date":"2019-10-18T10:21:36","date_gmt":"2019-10-18T08:21:36","guid":{"rendered":"https:\/\/www.sitem.fr\/?p=12807"},"modified":"2019-10-18T10:21:36","modified_gmt":"2019-10-18T08:21:36","slug":"exposition-historique-et-immersive-scenographie-temporaire-rituels-deternite-gaulois-%e2%80%a2-romains-%e2%80%a2-merovingiens","status":"publish","type":"post","link":"https:\/\/www.sitem.fr\/en\/exposition-historique-et-immersive-scenographie-temporaire-rituels-deternite-gaulois-%e2%80%a2-romains-%e2%80%a2-merovingiens\/","title":{"rendered":"Exposition historique et immersive  Sc\u00e9nographie temporaire \u00ab RITUELS D&#8217;ETERNITE \u00bb  Gaulois \u2022 Romains \u2022 M\u00e9rovingiens"},"content":{"rendered":"<p><strong><u>Ouverture jusque fin novembre 2019<\/u><\/strong><\/p>\n<p><strong>L\u2019atelier-TILDE signe une sc\u00e9nographie en alc\u00f4ves &amp; paravents, pour le Mus\u00e9e Arch\u00e9ologique de l&#8217;Oise. Tout en or &amp; noir, entre terre \u2013 fum\u00e9e \u2013 ciel.<\/strong><\/p>\n<div id=\"attachment_12810\" style=\"width: 810px\" class=\"wp-caption alignleft\"><a href=\"https:\/\/www.sitem.fr\/wp-content\/uploads\/2019\/10\/SCENOrituelsEternite.jpg\"><img loading=\"lazy\" decoding=\"async\" aria-describedby=\"caption-attachment-12810\" class=\"wp-image-12810 size-full\" src=\"https:\/\/www.sitem.fr\/wp-content\/uploads\/2019\/10\/SCENOrituelsEternite.jpg\" alt=\"\" width=\"800\" height=\"515\" srcset=\"https:\/\/www.sitem.fr\/wp-content\/uploads\/2019\/10\/SCENOrituelsEternite.jpg 800w, https:\/\/www.sitem.fr\/wp-content\/uploads\/2019\/10\/SCENOrituelsEternite-600x386.jpg 600w, https:\/\/www.sitem.fr\/wp-content\/uploads\/2019\/10\/SCENOrituelsEternite-680x438.jpg 680w, https:\/\/www.sitem.fr\/wp-content\/uploads\/2019\/10\/SCENOrituelsEternite-768x494.jpg 768w, https:\/\/www.sitem.fr\/wp-content\/uploads\/2019\/10\/SCENOrituelsEternite-300x193.jpg 300w\" sizes=\"auto, (max-width: 800px) 100vw, 800px\" \/><\/a><p id=\"caption-attachment-12810\" class=\"wp-caption-text\">Sc\u00e9nographie \u00a9Tilde<\/p><\/div>\n<p>L\u2019exposition \u00ab Rituels d\u2019\u00e9ternit\u00e9 \u00bb propose un retour dans le temps, des Gaulois aux premiers temps du Moyen-Age, pour observer et comprendre comment les populations du territoire prenaient soin de leurs d\u00e9funts. Partir \u00e0 la rencontre des dieux et des gestes qui accompagnaient la mort. Comprendre ce que nous avons en commun avec les soci\u00e9t\u00e9s anciennes. A travers un parcours original et immersif, les visiteurs, petits et grands, pourront observer les objets retrouv\u00e9s par les arch\u00e9ologues et s&#8217;imaginer les rites fun\u00e9raires des diff\u00e9rentes p\u00e9riodes de l&#8217;histoire du site du MAO de Vendeuil-Caply.<\/p>\n<div id=\"attachment_12808\" style=\"width: 4938px\" class=\"wp-caption alignleft\"><a href=\"https:\/\/www.sitem.fr\/wp-content\/uploads\/2019\/10\/21.jpg\"><img loading=\"lazy\" decoding=\"async\" aria-describedby=\"caption-attachment-12808\" class=\"wp-image-12808 size-full\" src=\"https:\/\/www.sitem.fr\/wp-content\/uploads\/2019\/10\/21.jpg\" alt=\"\" width=\"4928\" height=\"3264\" \/><\/a><p id=\"caption-attachment-12808\" class=\"wp-caption-text\">\u00a9Tilde<\/p><\/div>\n<p>Direction et conservation du mus\u00e9e : Val\u00e9rie Kozlowsky \u2022 Responsable d&#8217;exposition : M\u00e9lanie Mingotaud<\/p>\n<p>Conception, direction artistique, sc\u00e9nographie, graphisme, communication : Mathilde Marguerite Bardel \u2022 AVRIL 2019 \u00a9 atelier-TIILDE.fr \u2013 Assistanat &amp; Photographie\u00a0: \u00a9 Guillaume Cousin \u2013 Illustration\u00a0: Osama Jeljeli<\/p>\n<p><a href=\"https:\/\/m-a-o.org\/fr\/rb\/263031\/rituels-deternite\">https:\/\/m-a-o.org\/fr\/rb\/263031\/rituels-deternite<\/a><\/p>\n<div id=\"attachment_12811\" style=\"width: 810px\" class=\"wp-caption alignleft\"><a href=\"https:\/\/www.sitem.fr\/wp-content\/uploads\/2019\/10\/cercueil_RituelEternite.jpg\"><img loading=\"lazy\" decoding=\"async\" aria-describedby=\"caption-attachment-12811\" class=\"wp-image-12811 size-full\" src=\"https:\/\/www.sitem.fr\/wp-content\/uploads\/2019\/10\/cercueil_RituelEternite.jpg\" alt=\"\" width=\"800\" height=\"530\" srcset=\"https:\/\/www.sitem.fr\/wp-content\/uploads\/2019\/10\/cercueil_RituelEternite.jpg 800w, https:\/\/www.sitem.fr\/wp-content\/uploads\/2019\/10\/cercueil_RituelEternite-600x398.jpg 600w, https:\/\/www.sitem.fr\/wp-content\/uploads\/2019\/10\/cercueil_RituelEternite-300x199.jpg 300w, https:\/\/www.sitem.fr\/wp-content\/uploads\/2019\/10\/cercueil_RituelEternite-768x509.jpg 768w\" sizes=\"auto, (max-width: 800px) 100vw, 800px\" \/><\/a><p id=\"caption-attachment-12811\" class=\"wp-caption-text\">Cercueil \u00a9Tilde<\/p><\/div>\n","protected":false},"excerpt":{"rendered":"Ouverture jusque fin novembre 2019 L\u2019atelier-TILDE signe une sc\u00e9nographie en alc\u00f4ves &amp; paravents, pour le Mus\u00e9e Arch\u00e9ologique de l&#8217;Oise. Tout en or &amp; noir, entre terre \u2013 fum\u00e9e \u2013 ciel. L\u2019exposition \u00ab Rituels d\u2019\u00e9ternit\u00e9 \u00bb propose un retour dans le temps, des Gaulois aux premiers temps du Moyen-Age, pour observer et comprendre comment les populations&#8230; <br><a class=\"readm\" href=\"https:\/\/www.sitem.fr\/en\/exposition-historique-et-immersive-scenographie-temporaire-rituels-deternite-gaulois-%e2%80%a2-romains-%e2%80%a2-merovingiens\/\">Read more<\/a>","protected":false},"author":2,"featured_media":12810,"comment_status":"open","ping_status":"open","sticky":false,"template":"","format":"standard","meta":{"_acf_changed":false,"footnotes":""},"categories":[140],"tags":[508,53,634,963,632],"class_list":["post-12807","post","type-post","status-publish","format-standard","has-post-thumbnail","hentry","category-communication","tag-atelier-tilde","tag-exposition","tag-immersion","tag-musee-archeologique-de-loise","tag-scenographie"],"acf":[],"_links":{"self":[{"href":"https:\/\/www.sitem.fr\/en\/wp-json\/wp\/v2\/posts\/12807","targetHints":{"allow":["GET"]}}],"collection":[{"href":"https:\/\/www.sitem.fr\/en\/wp-json\/wp\/v2\/posts"}],"about":[{"href":"https:\/\/www.sitem.fr\/en\/wp-json\/wp\/v2\/types\/post"}],"author":[{"embeddable":true,"href":"https:\/\/www.sitem.fr\/en\/wp-json\/wp\/v2\/users\/2"}],"replies":[{"embeddable":true,"href":"https:\/\/www.sitem.fr\/en\/wp-json\/wp\/v2\/comments?post=12807"}],"version-history":[{"count":1,"href":"https:\/\/www.sitem.fr\/en\/wp-json\/wp\/v2\/posts\/12807\/revisions"}],"predecessor-version":[{"id":12812,"href":"https:\/\/www.sitem.fr\/en\/wp-json\/wp\/v2\/posts\/12807\/revisions\/12812"}],"wp:featuredmedia":[{"embeddable":true,"href":"https:\/\/www.sitem.fr\/en\/wp-json\/wp\/v2\/media\/12810"}],"wp:attachment":[{"href":"https:\/\/www.sitem.fr\/en\/wp-json\/wp\/v2\/media?parent=12807"}],"wp:term":[{"taxonomy":"category","embeddable":true,"href":"https:\/\/www.sitem.fr\/en\/wp-json\/wp\/v2\/categories?post=12807"},{"taxonomy":"post_tag","embeddable":true,"href":"https:\/\/www.sitem.fr\/en\/wp-json\/wp\/v2\/tags?post=12807"}],"curies":[{"name":"wp","href":"https:\/\/api.w.org\/{rel}","templated":true}]}}