{"id":12813,"date":"2019-10-18T10:29:28","date_gmt":"2019-10-18T08:29:28","guid":{"rendered":"https:\/\/www.sitem.fr\/?p=12813"},"modified":"2019-10-18T10:29:28","modified_gmt":"2019-10-18T08:29:28","slug":"vous-aussi-entrez-dans-les-musees-de-demain","status":"publish","type":"post","link":"https:\/\/www.sitem.fr\/en\/vous-aussi-entrez-dans-les-musees-de-demain\/","title":{"rendered":"Vous aussi, entrez dans les mus\u00e9es de demain !"},"content":{"rendered":"<div id=\"attachment_12815\" style=\"width: 810px\" class=\"wp-caption alignleft\"><a href=\"https:\/\/www.sitem.fr\/wp-content\/uploads\/2019\/10\/IMG_20191001_170534-800yusit.jpg\"><img loading=\"lazy\" decoding=\"async\" aria-describedby=\"caption-attachment-12815\" class=\"wp-image-12815 size-full\" src=\"https:\/\/www.sitem.fr\/wp-content\/uploads\/2019\/10\/IMG_20191001_170534-800yusit.jpg\" alt=\"\" width=\"800\" height=\"600\" srcset=\"https:\/\/www.sitem.fr\/wp-content\/uploads\/2019\/10\/IMG_20191001_170534-800yusit.jpg 800w, https:\/\/www.sitem.fr\/wp-content\/uploads\/2019\/10\/IMG_20191001_170534-800yusit-600x450.jpg 600w, https:\/\/www.sitem.fr\/wp-content\/uploads\/2019\/10\/IMG_20191001_170534-800yusit-300x225.jpg 300w, https:\/\/www.sitem.fr\/wp-content\/uploads\/2019\/10\/IMG_20191001_170534-800yusit-768x576.jpg 768w, https:\/\/www.sitem.fr\/wp-content\/uploads\/2019\/10\/IMG_20191001_170534-800yusit-80x60.jpg 80w\" sizes=\"auto, (max-width: 800px) 100vw, 800px\" \/><\/a><p id=\"caption-attachment-12815\" class=\"wp-caption-text\">\u00a9YuSit<\/p><\/div>\n<p>\u00ab\u00a0Le salon international Heritage Middle East d&#8217;Abu Dhabi, accueillant une centaine d&#8217;institutions culturelles du monde entier, repr\u00e9sente un cadre unique pour mettre en lumi\u00e8re la mus\u00e9ologie de demain. C&#8217;est dans ce contexte que Monsieur Luc Piralla (Directeur adjoint du mus\u00e9e du Louvre-Lens), Madame Waf\u00e2a Maadnous (Directrice du Louvre Lens Vall\u00e9e) et Madame Claire Delalande (G\u00e9rante de YuSit) sont intervenus lors d&#8217;une conf\u00e9rence commune.<\/p>\n<p>Tr\u00e8s impliqu\u00e9 dans une d\u00e9marche collaborative de co-construction du mus\u00e9e de demain, avec le soutien de son cluster Louvre Lens Vall\u00e9e, le Louvre-Lens est bien un lieu qui souhaite \u00eatre ouvert \u00e0 tous et \u00eatre inspir\u00e9 par chacun pour montrer le &#8220;Louvre autrement&#8221;. Cette d\u00e9marche fait \u00e9cho \u00e0 celle de l&#8217;\u00e9quipe de YuSit qui \u0153uvre aupr\u00e8s des acteurs culturels pour plus de d\u00e9mocratisation et faire vivre aux publics le patrimoine autrement !<\/p>\n<p>Cette conf\u00e9rence a \u00e9galement \u00e9t\u00e9 l\u2019occasion de pr\u00e9senter sur la sc\u00e8ne internationale <strong><em>le Club des Visiteurs<\/em><\/strong>, mis en place dans les 8 mus\u00e9es de la m\u00e9tropole rouennaise. Initiative unique en France de collaboration avec les publics, elle rencontre d\u00e9j\u00e0 un franc succ\u00e8s avec plus de 300 visiteurs r\u00e9guliers en ce premier mois de mise en ligne. \u00bb<\/p>\n<p>Pour plus d\u2019informations sur notre soci\u00e9t\u00e9\u00a0: <a href=\"https:\/\/www.yusit.fr\">https:\/\/www.yusit.fr<\/a><\/p>\n<div id=\"attachment_12814\" style=\"width: 810px\" class=\"wp-caption alignleft\"><a href=\"https:\/\/www.sitem.fr\/wp-content\/uploads\/2019\/10\/IMG_20190930_121145-800.jpg\"><img loading=\"lazy\" decoding=\"async\" aria-describedby=\"caption-attachment-12814\" class=\"wp-image-12814 size-full\" src=\"https:\/\/www.sitem.fr\/wp-content\/uploads\/2019\/10\/IMG_20190930_121145-800.jpg\" alt=\"\" width=\"800\" height=\"461\" srcset=\"https:\/\/www.sitem.fr\/wp-content\/uploads\/2019\/10\/IMG_20190930_121145-800.jpg 800w, https:\/\/www.sitem.fr\/wp-content\/uploads\/2019\/10\/IMG_20190930_121145-800-600x346.jpg 600w, https:\/\/www.sitem.fr\/wp-content\/uploads\/2019\/10\/IMG_20190930_121145-800-680x392.jpg 680w, https:\/\/www.sitem.fr\/wp-content\/uploads\/2019\/10\/IMG_20190930_121145-800-768x443.jpg 768w, https:\/\/www.sitem.fr\/wp-content\/uploads\/2019\/10\/IMG_20190930_121145-800-300x173.jpg 300w\" sizes=\"auto, (max-width: 800px) 100vw, 800px\" \/><\/a><p id=\"caption-attachment-12814\" class=\"wp-caption-text\">\u00a9YuSit<\/p><\/div>\n","protected":false},"excerpt":{"rendered":"\u00ab\u00a0Le salon international Heritage Middle East d&#8217;Abu Dhabi, accueillant une centaine d&#8217;institutions culturelles du monde entier, repr\u00e9sente un cadre unique pour mettre en lumi\u00e8re la mus\u00e9ologie de demain. C&#8217;est dans ce contexte que Monsieur Luc Piralla (Directeur adjoint du mus\u00e9e du Louvre-Lens), Madame Waf\u00e2a Maadnous (Directrice du Louvre Lens Vall\u00e9e) et Madame Claire Delalande (G\u00e9rante&#8230; <br><a class=\"readm\" href=\"https:\/\/www.sitem.fr\/en\/vous-aussi-entrez-dans-les-musees-de-demain\/\">Read more<\/a>","protected":false},"author":2,"featured_media":12814,"comment_status":"open","ping_status":"open","sticky":false,"template":"","format":"standard","meta":{"_acf_changed":false,"footnotes":""},"categories":[87,320,1],"tags":[162,259,968,965,967,966,808,964],"class_list":["post-12813","post","type-post","status-publish","format-standard","has-post-thumbnail","hentry","category-accessibilite","category-evenement-culturel","category-non-classifiee","tag-abu-dhabi","tag-conference","tag-democratisation","tag-heritage-middle-east","tag-musee-de-demain","tag-museologie","tag-patrimoine","tag-salon-international"],"acf":[],"_links":{"self":[{"href":"https:\/\/www.sitem.fr\/en\/wp-json\/wp\/v2\/posts\/12813","targetHints":{"allow":["GET"]}}],"collection":[{"href":"https:\/\/www.sitem.fr\/en\/wp-json\/wp\/v2\/posts"}],"about":[{"href":"https:\/\/www.sitem.fr\/en\/wp-json\/wp\/v2\/types\/post"}],"author":[{"embeddable":true,"href":"https:\/\/www.sitem.fr\/en\/wp-json\/wp\/v2\/users\/2"}],"replies":[{"embeddable":true,"href":"https:\/\/www.sitem.fr\/en\/wp-json\/wp\/v2\/comments?post=12813"}],"version-history":[{"count":1,"href":"https:\/\/www.sitem.fr\/en\/wp-json\/wp\/v2\/posts\/12813\/revisions"}],"predecessor-version":[{"id":12816,"href":"https:\/\/www.sitem.fr\/en\/wp-json\/wp\/v2\/posts\/12813\/revisions\/12816"}],"wp:featuredmedia":[{"embeddable":true,"href":"https:\/\/www.sitem.fr\/en\/wp-json\/wp\/v2\/media\/12814"}],"wp:attachment":[{"href":"https:\/\/www.sitem.fr\/en\/wp-json\/wp\/v2\/media?parent=12813"}],"wp:term":[{"taxonomy":"category","embeddable":true,"href":"https:\/\/www.sitem.fr\/en\/wp-json\/wp\/v2\/categories?post=12813"},{"taxonomy":"post_tag","embeddable":true,"href":"https:\/\/www.sitem.fr\/en\/wp-json\/wp\/v2\/tags?post=12813"}],"curies":[{"name":"wp","href":"https:\/\/api.w.org\/{rel}","templated":true}]}}