{"id":12867,"date":"2019-11-19T12:43:03","date_gmt":"2019-11-19T11:43:03","guid":{"rendered":"https:\/\/www.sitem.fr\/?p=12867"},"modified":"2019-11-20T09:45:44","modified_gmt":"2019-11-20T08:45:44","slug":"ducaroy-grange-realise-4-maquettes-tactiles-du-chateau-de-dourdan","status":"publish","type":"post","link":"https:\/\/www.sitem.fr\/en\/ducaroy-grange-realise-4-maquettes-tactiles-du-chateau-de-dourdan\/","title":{"rendered":"Ducaroy Grange r\u00e9alise 4 maquettes tactiles du Ch\u00e2teau de Dourdan"},"content":{"rendered":"<div id=\"attachment_12868\" style=\"width: 1076px\" class=\"wp-caption alignleft\"><a href=\"https:\/\/www.sitem.fr\/wp-content\/uploads\/2019\/11\/19037-1.jpg\"><img loading=\"lazy\" decoding=\"async\" aria-describedby=\"caption-attachment-12868\" class=\"wp-image-12868 size-full\" src=\"https:\/\/www.sitem.fr\/wp-content\/uploads\/2019\/11\/19037-1.jpg\" alt=\"\" width=\"1066\" height=\"800\" srcset=\"https:\/\/www.sitem.fr\/wp-content\/uploads\/2019\/11\/19037-1.jpg 1066w, https:\/\/www.sitem.fr\/wp-content\/uploads\/2019\/11\/19037-1-600x450.jpg 600w, https:\/\/www.sitem.fr\/wp-content\/uploads\/2019\/11\/19037-1-586x440.jpg 586w, https:\/\/www.sitem.fr\/wp-content\/uploads\/2019\/11\/19037-1-1024x768.jpg 1024w, https:\/\/www.sitem.fr\/wp-content\/uploads\/2019\/11\/19037-1-768x576.jpg 768w, https:\/\/www.sitem.fr\/wp-content\/uploads\/2019\/11\/19037-1-300x225.jpg 300w, https:\/\/www.sitem.fr\/wp-content\/uploads\/2019\/11\/19037-1-80x60.jpg 80w\" sizes=\"auto, (max-width: 1066px) 100vw, 1066px\" \/><\/a><p id=\"caption-attachment-12868\" class=\"wp-caption-text\">\u00a9Atelier Face B<\/p><\/div>\n<p>Le Mus\u00e9e du Ch\u00e2teau de Dourdan (Essonne) s&#8217;est agrandi r\u00e9cemment. A cette occasion, 4 <a href=\"https:\/\/fabrication-maquette-dg.com\/maquette-musee-decor-exposition\/maquette-tactile.html\">maquettes tactiles<\/a> ont \u00e9t\u00e9 r\u00e9alis\u00e9es pour l&#8217;Atelier Face B en charge de la fabrication du mobilier pour la nouvelle sc\u00e9nographie du Mus\u00e9e du Ch\u00e2teau.<\/p>\n<p>Ces maquettes permettent de d\u00e9couvrir l&#8217;\u00e9volution de la forteresse entre le XIII\u00e8me si\u00e8cle et le XIX\u00e8me si\u00e8cle.<\/p>\n<p>Elles ont volontairement \u00e9t\u00e9 r\u00e9alis\u00e9es sans niveau de d\u00e9tail et dans un rendu monochrome afin de mettre en avant la volum\u00e9trie des b\u00e2tis et son \u00e9volution au fil du temps.<\/p>\n<p>En savoir plus\u00a0:<\/p>\n<p><a href=\"https:\/\/fabrication-maquette-dg.com\/actualite-maquette-exposition\/\">https:\/\/fabrication-maquette-dg.com\/actualite-maquette-exposition\/<\/a><\/p>\n<p><a href=\"http:\/\/www.ducaroy-grange.com\">www.ducaroy-grange.com<\/a><\/p>\n<p><a href=\"https:\/\/chateau.dourdan.fr\">https:\/\/chateau.dourdan.fr<\/a><\/p>\n<p>Consultez <a href=\"http:\/\/www.museumexperts.com\/nos_services\/annuaire\/prestataire\/891\">la fiche prestataire<\/a> de Ducaroy Grange sur notre site<\/p>\n<div id=\"attachment_12869\" style=\"width: 810px\" class=\"wp-caption alignleft\"><a href=\"https:\/\/www.sitem.fr\/wp-content\/uploads\/2019\/11\/19037-2.jpg\"><img loading=\"lazy\" decoding=\"async\" aria-describedby=\"caption-attachment-12869\" class=\"wp-image-12869 size-full\" src=\"https:\/\/www.sitem.fr\/wp-content\/uploads\/2019\/11\/19037-2.jpg\" alt=\"\" width=\"800\" height=\"1066\" srcset=\"https:\/\/www.sitem.fr\/wp-content\/uploads\/2019\/11\/19037-2.jpg 800w, https:\/\/www.sitem.fr\/wp-content\/uploads\/2019\/11\/19037-2-600x800.jpg 600w, https:\/\/www.sitem.fr\/wp-content\/uploads\/2019\/11\/19037-2-225x300.jpg 225w, https:\/\/www.sitem.fr\/wp-content\/uploads\/2019\/11\/19037-2-768x1024.jpg 768w\" sizes=\"auto, (max-width: 800px) 100vw, 800px\" \/><\/a><p id=\"caption-attachment-12869\" class=\"wp-caption-text\">\u00a9Atelier Face B<\/p><\/div>\n","protected":false},"excerpt":{"rendered":"Le Mus\u00e9e du Ch\u00e2teau de Dourdan (Essonne) s&#8217;est agrandi r\u00e9cemment. A cette occasion, 4 maquettes tactiles ont \u00e9t\u00e9 r\u00e9alis\u00e9es pour l&#8217;Atelier Face B en charge de la fabrication du mobilier pour la nouvelle sc\u00e9nographie du Mus\u00e9e du Ch\u00e2teau. Ces maquettes permettent de d\u00e9couvrir l&#8217;\u00e9volution de la forteresse entre le XIII\u00e8me si\u00e8cle et le XIX\u00e8me si\u00e8cle&#8230;. <br><a class=\"readm\" href=\"https:\/\/www.sitem.fr\/en\/ducaroy-grange-realise-4-maquettes-tactiles-du-chateau-de-dourdan\/\">Read more<\/a>","protected":false},"author":2,"featured_media":12868,"comment_status":"open","ping_status":"open","sticky":false,"template":"","format":"standard","meta":{"_acf_changed":false,"footnotes":""},"categories":[149],"tags":[75,995,994,848,927,993,992],"class_list":["post-12867","post","type-post","status-publish","format-standard","has-post-thumbnail","hentry","category-interactivite-2","tag-ducaroy-grange","tag-evolution","tag-forteresse","tag-histoire","tag-interactivite","tag-maquettes-tactiles","tag-musee-du-chateau-de-dourdan"],"acf":[],"_links":{"self":[{"href":"https:\/\/www.sitem.fr\/en\/wp-json\/wp\/v2\/posts\/12867","targetHints":{"allow":["GET"]}}],"collection":[{"href":"https:\/\/www.sitem.fr\/en\/wp-json\/wp\/v2\/posts"}],"about":[{"href":"https:\/\/www.sitem.fr\/en\/wp-json\/wp\/v2\/types\/post"}],"author":[{"embeddable":true,"href":"https:\/\/www.sitem.fr\/en\/wp-json\/wp\/v2\/users\/2"}],"replies":[{"embeddable":true,"href":"https:\/\/www.sitem.fr\/en\/wp-json\/wp\/v2\/comments?post=12867"}],"version-history":[{"count":4,"href":"https:\/\/www.sitem.fr\/en\/wp-json\/wp\/v2\/posts\/12867\/revisions"}],"predecessor-version":[{"id":12931,"href":"https:\/\/www.sitem.fr\/en\/wp-json\/wp\/v2\/posts\/12867\/revisions\/12931"}],"wp:featuredmedia":[{"embeddable":true,"href":"https:\/\/www.sitem.fr\/en\/wp-json\/wp\/v2\/media\/12868"}],"wp:attachment":[{"href":"https:\/\/www.sitem.fr\/en\/wp-json\/wp\/v2\/media?parent=12867"}],"wp:term":[{"taxonomy":"category","embeddable":true,"href":"https:\/\/www.sitem.fr\/en\/wp-json\/wp\/v2\/categories?post=12867"},{"taxonomy":"post_tag","embeddable":true,"href":"https:\/\/www.sitem.fr\/en\/wp-json\/wp\/v2\/tags?post=12867"}],"curies":[{"name":"wp","href":"https:\/\/api.w.org\/{rel}","templated":true}]}}