{"id":12871,"date":"2019-11-19T12:58:44","date_gmt":"2019-11-19T11:58:44","guid":{"rendered":"https:\/\/www.sitem.fr\/?p=12871"},"modified":"2019-11-19T18:02:37","modified_gmt":"2019-11-19T17:02:37","slug":"la-maison-de-la-baie-de-somme-sapprete-a-faire-peau-neuve","status":"publish","type":"post","link":"https:\/\/www.sitem.fr\/en\/la-maison-de-la-baie-de-somme-sapprete-a-faire-peau-neuve\/","title":{"rendered":"La Maison de la Baie de Somme s\u2019appr\u00eate \u00e0 faire peau neuve"},"content":{"rendered":"<div id=\"attachment_12873\" style=\"width: 1994px\" class=\"wp-caption alignleft\"><a href=\"https:\/\/www.sitem.fr\/wp-content\/uploads\/2019\/11\/kascen-maison-baie-somme2.jpg\"><img loading=\"lazy\" decoding=\"async\" aria-describedby=\"caption-attachment-12873\" class=\"wp-image-12873 size-full\" src=\"https:\/\/www.sitem.fr\/wp-content\/uploads\/2019\/11\/kascen-maison-baie-somme2.jpg\" alt=\"\" width=\"1984\" height=\"1488\" srcset=\"https:\/\/www.sitem.fr\/wp-content\/uploads\/2019\/11\/kascen-maison-baie-somme2.jpg 1984w, https:\/\/www.sitem.fr\/wp-content\/uploads\/2019\/11\/kascen-maison-baie-somme2-600x450.jpg 600w, https:\/\/www.sitem.fr\/wp-content\/uploads\/2019\/11\/kascen-maison-baie-somme2-300x225.jpg 300w, https:\/\/www.sitem.fr\/wp-content\/uploads\/2019\/11\/kascen-maison-baie-somme2-768x576.jpg 768w, https:\/\/www.sitem.fr\/wp-content\/uploads\/2019\/11\/kascen-maison-baie-somme2-1024x768.jpg 1024w, https:\/\/www.sitem.fr\/wp-content\/uploads\/2019\/11\/kascen-maison-baie-somme2-80x60.jpg 80w\" sizes=\"auto, (max-width: 1984px) 100vw, 1984px\" \/><\/a><p id=\"caption-attachment-12873\" class=\"wp-caption-text\">Maison de la Baie de Somme \u00a9Kascen<\/p><\/div>\n<p>La Maison de la Baie de Somme \u00e0 Lanch\u00e8res (pr\u00e8s de Saint-Val\u00e9ry-Sur-Somme) va prochainement se parer d\u2019un nouveau plumage. Kascen a \u00e9t\u00e9 d\u00e9sign\u00e9 pour op\u00e9rer \u00e0 la mue de ce bel\u00a0outil environnemental et touristique. Une r\u00e9flexion paysag\u00e8re autour des abords du lieu ainsi qu&#8217;une refonte sc\u00e9nographique pour un parcours de visite int\u00e9rieur immersif vont \u00eatre men\u00e9es tout au long de cette ann\u00e9e 2019-2020 pour brosser un tableau aussi large que la palette des paysages de la Baie de Somme.<br \/>\nRendez-vous en 2021 pour l&#8217;\u00e9closion<\/p>\n<p><a href=\"http:\/\/kascen.com\/\">www.kascen.com<\/a><\/p>\n<p>Consultez <a href=\"http:\/\/www.museumexperts.com\/nos_services\/annuaire\/prestataire\/3772\">la fiche prestataire<\/a> de Kascen sur notre site<\/p>\n<div id=\"attachment_12872\" style=\"width: 1994px\" class=\"wp-caption alignleft\"><a href=\"https:\/\/www.sitem.fr\/wp-content\/uploads\/2019\/11\/kascen-maison-baie-somme1.jpg\"><img loading=\"lazy\" decoding=\"async\" aria-describedby=\"caption-attachment-12872\" class=\"wp-image-12872 size-full\" src=\"https:\/\/www.sitem.fr\/wp-content\/uploads\/2019\/11\/kascen-maison-baie-somme1.jpg\" alt=\"\" width=\"1984\" height=\"839\" srcset=\"https:\/\/www.sitem.fr\/wp-content\/uploads\/2019\/11\/kascen-maison-baie-somme1.jpg 1984w, https:\/\/www.sitem.fr\/wp-content\/uploads\/2019\/11\/kascen-maison-baie-somme1-600x254.jpg 600w, https:\/\/www.sitem.fr\/wp-content\/uploads\/2019\/11\/kascen-maison-baie-somme1-680x288.jpg 680w, https:\/\/www.sitem.fr\/wp-content\/uploads\/2019\/11\/kascen-maison-baie-somme1-1024x433.jpg 1024w, https:\/\/www.sitem.fr\/wp-content\/uploads\/2019\/11\/kascen-maison-baie-somme1-768x325.jpg 768w, https:\/\/www.sitem.fr\/wp-content\/uploads\/2019\/11\/kascen-maison-baie-somme1-1536x650.jpg 1536w, https:\/\/www.sitem.fr\/wp-content\/uploads\/2019\/11\/kascen-maison-baie-somme1-300x127.jpg 300w\" sizes=\"auto, (max-width: 1984px) 100vw, 1984px\" \/><\/a><p id=\"caption-attachment-12872\" class=\"wp-caption-text\">Maison de la Baie de Somme \u00a9Kascen<\/p><\/div>\n","protected":false},"excerpt":{"rendered":"La Maison de la Baie de Somme \u00e0 Lanch\u00e8res (pr\u00e8s de Saint-Val\u00e9ry-Sur-Somme) va prochainement se parer d\u2019un nouveau plumage. Kascen a \u00e9t\u00e9 d\u00e9sign\u00e9 pour op\u00e9rer \u00e0 la mue de ce bel\u00a0outil environnemental et touristique. Une r\u00e9flexion paysag\u00e8re autour des abords du lieu ainsi qu&#8217;une refonte sc\u00e9nographique pour un parcours de visite int\u00e9rieur immersif vont \u00eatre&#8230; <br><a class=\"readm\" href=\"https:\/\/www.sitem.fr\/en\/la-maison-de-la-baie-de-somme-sapprete-a-faire-peau-neuve\/\">Read more<\/a>","protected":false},"author":2,"featured_media":12872,"comment_status":"open","ping_status":"open","sticky":false,"template":"","format":"standard","meta":{"_acf_changed":false,"footnotes":""},"categories":[367,916],"tags":[947,31,661,998,997,632,792,918],"class_list":["post-12871","post","type-post","status-publish","format-standard","has-post-thumbnail","hentry","category-parcours-dinterpretation","category-tourisme","tag-environnement","tag-kascen","tag-parcours-immersif","tag-paysage","tag-reflexion","tag-scenographie","tag-tourisme","tag-valorisation-du-territoire"],"acf":[],"_links":{"self":[{"href":"https:\/\/www.sitem.fr\/en\/wp-json\/wp\/v2\/posts\/12871","targetHints":{"allow":["GET"]}}],"collection":[{"href":"https:\/\/www.sitem.fr\/en\/wp-json\/wp\/v2\/posts"}],"about":[{"href":"https:\/\/www.sitem.fr\/en\/wp-json\/wp\/v2\/types\/post"}],"author":[{"embeddable":true,"href":"https:\/\/www.sitem.fr\/en\/wp-json\/wp\/v2\/users\/2"}],"replies":[{"embeddable":true,"href":"https:\/\/www.sitem.fr\/en\/wp-json\/wp\/v2\/comments?post=12871"}],"version-history":[{"count":2,"href":"https:\/\/www.sitem.fr\/en\/wp-json\/wp\/v2\/posts\/12871\/revisions"}],"predecessor-version":[{"id":12920,"href":"https:\/\/www.sitem.fr\/en\/wp-json\/wp\/v2\/posts\/12871\/revisions\/12920"}],"wp:featuredmedia":[{"embeddable":true,"href":"https:\/\/www.sitem.fr\/en\/wp-json\/wp\/v2\/media\/12872"}],"wp:attachment":[{"href":"https:\/\/www.sitem.fr\/en\/wp-json\/wp\/v2\/media?parent=12871"}],"wp:term":[{"taxonomy":"category","embeddable":true,"href":"https:\/\/www.sitem.fr\/en\/wp-json\/wp\/v2\/categories?post=12871"},{"taxonomy":"post_tag","embeddable":true,"href":"https:\/\/www.sitem.fr\/en\/wp-json\/wp\/v2\/tags?post=12871"}],"curies":[{"name":"wp","href":"https:\/\/api.w.org\/{rel}","templated":true}]}}