{"id":12875,"date":"2019-11-19T13:08:47","date_gmt":"2019-11-19T12:08:47","guid":{"rendered":"https:\/\/www.sitem.fr\/?p=12875"},"modified":"2019-11-19T18:05:43","modified_gmt":"2019-11-19T17:05:43","slug":"la-fabrique-creative-laureate-du-concours-lance-par-le-centre-des-monuments-nationaux-au-chateau-de-bussy-rabutin-21","status":"publish","type":"post","link":"https:\/\/www.sitem.fr\/en\/la-fabrique-creative-laureate-du-concours-lance-par-le-centre-des-monuments-nationaux-au-chateau-de-bussy-rabutin-21\/","title":{"rendered":"La Fabrique Cr\u00e9ative, laur\u00e9ate du concours lanc\u00e9 par le Centre des Monuments Nationaux, au Ch\u00e2teau de Bussy Rabutin (21)."},"content":{"rendered":"<div id=\"attachment_12876\" style=\"width: 2993px\" class=\"wp-caption alignleft\"><a href=\"https:\/\/www.sitem.fr\/wp-content\/uploads\/2019\/11\/MuseuExpert-Bussy5.jpg\"><img loading=\"lazy\" decoding=\"async\" aria-describedby=\"caption-attachment-12876\" class=\"wp-image-12876 size-full\" src=\"https:\/\/www.sitem.fr\/wp-content\/uploads\/2019\/11\/MuseuExpert-Bussy5.jpg\" alt=\"\" width=\"2983\" height=\"982\" \/><\/a><p id=\"caption-attachment-12876\" class=\"wp-caption-text\">Ch\u00e2teau de Bussy \u00a9La Fabrique cr\u00e9ative<\/p><\/div>\n<p>La th\u00e9matique et l\u2019\u00e9crin d\u2019accueil ont conduit \u00e0 une cr\u00e9ation au parti pris fort, r\u00e9solument tranch\u00e9e, \u00e0 deux visages. Roger de Bussy-Barbutin est une personnalit\u00e9 multi-facettes, chiffonn\u00e9e par les d\u00e9boires de sa vie\u00a0; l\u2019am\u00e9nagement sc\u00e9nographique le sera \u00e9galement.<\/p>\n<p>Le mobilier tranchera et dialoguera ainsi avec le monument, sans mim\u00e9tisme. Le concept sc\u00e9nographique et graphique propose un mobilier aux lignes droites, fines, pli\u00e9es, qui se d\u00e9ploie dans l\u2019espace pour recevoir les contenus. Ce concept s\u2019appuie sur le constat de la grande richesse iconographique des salles historiques du ch\u00e2teau, d\u00e9cor\u00e9es \u00e0 l\u2019extr\u00eame, qui impliquent une intervention ajust\u00e9e. Le style, r\u00e9solument contemporain, de l\u2019am\u00e9nagement tranche avec l\u2019esth\u00e9tique du ch\u00e2teau pour ne pas concurrencer les d\u00e9cors d\u00e9j\u00e0 pr\u00e9sents.<\/p>\n<p>L\u2019am\u00e9nagement viendra en r\u00e9sonance avec cette esth\u00e9tique baroque en proposant une intervention bichromique, simple et \u00e9pur\u00e9e, de couleur vive. Un monolithe \u00ab\u00a0miroir magique\u00a0\u00bb, central, refl\u00e9tera la lumi\u00e8re et permettra au visiteur de passer d\u2019une th\u00e9matique \u00e0 l\u2019autre de mani\u00e8re naturelle. Entre ces deux temps, le visiteur pourra prendre un temps de pose plus intimiste, au sein de la tour ronde\u00a0o\u00f9 l\u2019histoire lui sera cont\u00e9e par l\u2019interm\u00e9diaire d\u2019une projection panoramique circulaire immersive.<\/p>\n<p>Ma\u00eetre d&#8217;ouvrage\u00a0: Centre des Monuments Nationaux<\/p>\n<p>Groupement <a href=\"http:\/\/la-fabrique-creative.fr\/\">La Fabrique Cr\u00e9ative<\/a> (mandataire) et Opixido.<\/p>\n<p>Consultez <a href=\"http:\/\/www.museumexperts.com\/nos_services\/annuaire\/prestataire\/2399\">la fiche prestataire<\/a> de la Fabrique cr\u00e9ative sur notre site<\/p>\n","protected":false},"excerpt":{"rendered":"La th\u00e9matique et l\u2019\u00e9crin d\u2019accueil ont conduit \u00e0 une cr\u00e9ation au parti pris fort, r\u00e9solument tranch\u00e9e, \u00e0 deux visages. Roger de Bussy-Barbutin est une personnalit\u00e9 multi-facettes, chiffonn\u00e9e par les d\u00e9boires de sa vie\u00a0; l\u2019am\u00e9nagement sc\u00e9nographique le sera \u00e9galement. Le mobilier tranchera et dialoguera ainsi avec le monument, sans mim\u00e9tisme. Le concept sc\u00e9nographique et graphique propose&#8230; <br><a class=\"readm\" href=\"https:\/\/www.sitem.fr\/en\/la-fabrique-creative-laureate-du-concours-lance-par-le-centre-des-monuments-nationaux-au-chateau-de-bussy-rabutin-21\/\">Read more<\/a>","protected":false},"author":2,"featured_media":12876,"comment_status":"open","ping_status":"open","sticky":false,"template":"","format":"standard","meta":{"_acf_changed":false,"footnotes":""},"categories":[142,149,1],"tags":[1000,999,625,44,632],"class_list":["post-12875","post","type-post","status-publish","format-standard","has-post-thumbnail","hentry","category-agencement","category-interactivite-2","category-non-classifiee","tag-amenagement","tag-chateau-de-bussy","tag-concours","tag-la-fabrique-creative","tag-scenographie"],"acf":[],"_links":{"self":[{"href":"https:\/\/www.sitem.fr\/en\/wp-json\/wp\/v2\/posts\/12875","targetHints":{"allow":["GET"]}}],"collection":[{"href":"https:\/\/www.sitem.fr\/en\/wp-json\/wp\/v2\/posts"}],"about":[{"href":"https:\/\/www.sitem.fr\/en\/wp-json\/wp\/v2\/types\/post"}],"author":[{"embeddable":true,"href":"https:\/\/www.sitem.fr\/en\/wp-json\/wp\/v2\/users\/2"}],"replies":[{"embeddable":true,"href":"https:\/\/www.sitem.fr\/en\/wp-json\/wp\/v2\/comments?post=12875"}],"version-history":[{"count":3,"href":"https:\/\/www.sitem.fr\/en\/wp-json\/wp\/v2\/posts\/12875\/revisions"}],"predecessor-version":[{"id":12922,"href":"https:\/\/www.sitem.fr\/en\/wp-json\/wp\/v2\/posts\/12875\/revisions\/12922"}],"wp:featuredmedia":[{"embeddable":true,"href":"https:\/\/www.sitem.fr\/en\/wp-json\/wp\/v2\/media\/12876"}],"wp:attachment":[{"href":"https:\/\/www.sitem.fr\/en\/wp-json\/wp\/v2\/media?parent=12875"}],"wp:term":[{"taxonomy":"category","embeddable":true,"href":"https:\/\/www.sitem.fr\/en\/wp-json\/wp\/v2\/categories?post=12875"},{"taxonomy":"post_tag","embeddable":true,"href":"https:\/\/www.sitem.fr\/en\/wp-json\/wp\/v2\/tags?post=12875"}],"curies":[{"name":"wp","href":"https:\/\/api.w.org\/{rel}","templated":true}]}}