{"id":12881,"date":"2019-11-19T16:58:02","date_gmt":"2019-11-19T15:58:02","guid":{"rendered":"https:\/\/www.sitem.fr\/?p=12881"},"modified":"2019-11-19T18:15:25","modified_gmt":"2019-11-19T17:15:25","slug":"les-cloisons-mila-wall-de-mba-france-au-palais-des-rois-de-marjorque-a-perpignan","status":"publish","type":"post","link":"https:\/\/www.sitem.fr\/en\/les-cloisons-mila-wall-de-mba-france-au-palais-des-rois-de-marjorque-a-perpignan\/","title":{"rendered":"Les cloisons Mila-wall de MBA France au Palais des Rois de Marjorque \u00e0 Perpignan"},"content":{"rendered":"<div id=\"attachment_12883\" style=\"width: 770px\" class=\"wp-caption alignleft\"><a href=\"https:\/\/www.sitem.fr\/wp-content\/uploads\/2019\/11\/palais_des_rois_de_majorque1.jpg\"><img loading=\"lazy\" decoding=\"async\" aria-describedby=\"caption-attachment-12883\" class=\"wp-image-12883 size-full\" src=\"https:\/\/www.sitem.fr\/wp-content\/uploads\/2019\/11\/palais_des_rois_de_majorque1.jpg\" alt=\"\" width=\"760\" height=\"507\" srcset=\"https:\/\/www.sitem.fr\/wp-content\/uploads\/2019\/11\/palais_des_rois_de_majorque1.jpg 760w, https:\/\/www.sitem.fr\/wp-content\/uploads\/2019\/11\/palais_des_rois_de_majorque1-600x400.jpg 600w, https:\/\/www.sitem.fr\/wp-content\/uploads\/2019\/11\/palais_des_rois_de_majorque1-300x200.jpg 300w\" sizes=\"auto, (max-width: 760px) 100vw, 760px\" \/><\/a><p id=\"caption-attachment-12883\" class=\"wp-caption-text\">Palais des rois de Majorque \u00a9Michel Castillo<\/p><\/div>\n<p>Situ\u00e9 au c\u0153ur de Perpignan, ce palais m\u00e9di\u00e9val a \u00e9t\u00e9 pendant pr\u00e8s d\u2019un si\u00e8cle le centre de l\u2019\u00e9ph\u00e9m\u00e8re royaume de Majorque. Achev\u00e9e apr\u00e8s 1300 dans le style gothique, sa construction rappelle le statut de Perpignan comme centre \u00e9conomique, politique et culturel de la M\u00e9diterran\u00e9e m\u00e9di\u00e9vale. A partir du XVI\u00e8 si\u00e8cle, les ing\u00e9nieurs fran\u00e7ais et espagnols l\u2019entourent de murailles pour le transformer en citadelle. Depuis 1958, le <a href=\"https:\/\/www.ledepartement66.fr\/dossier\/lepalaisdesroisdemajorque\/\">Palais des Rois de Majorque<\/a> est la propri\u00e9t\u00e9 du D\u00e9partement des Pyr\u00e9n\u00e9es-Orientales qui assure sa conservation en l\u2019entretenant, en l\u2019animant et en le valorisant.<\/p>\n<p>Chaque ann\u00e9e, le Palais accueille plusieurs expositions temporaires. C\u2019est dans ce cadre que d\u00e9j\u00e0 en 2016, MBA France y a livr\u00e9 ses cloisons <a href=\"http:\/\/www.mba-france.fr\/cloisons\/mila-wall\/p1\/?osCsid=249f193768e4f680c63178d9ee16bdbc\">Mila-wall<\/a>. Le Conseil D\u00e9partemental des Pyr\u00e9n\u00e9es orientales a renouvel\u00e9 sa confiance en MBA France, en compl\u00e9tant le mat\u00e9riel existant, \u00a0pour l\u2019exposition in\u00e9dite \u00ab\u00a0Grenat de Perpignan. Art et histoire d\u2019un bijou catalan\u00a0\u00bb, en partenariat avec l\u2019Institut du Grenat, pr\u00e9sent\u00e9e \u00e0 partir du 18 d\u00e9cembre, durant 3 ans.<\/p>\n<div id=\"attachment_12884\" style=\"width: 3274px\" class=\"wp-caption alignleft\"><a href=\"https:\/\/www.sitem.fr\/wp-content\/uploads\/2019\/11\/PRM-0452.jpg\"><img loading=\"lazy\" decoding=\"async\" aria-describedby=\"caption-attachment-12884\" class=\"wp-image-12884 size-full\" src=\"https:\/\/www.sitem.fr\/wp-content\/uploads\/2019\/11\/PRM-0452.jpg\" alt=\"\" width=\"3264\" height=\"2448\" \/><\/a><p id=\"caption-attachment-12884\" class=\"wp-caption-text\">\u00a9Palais des rois de Majorque<\/p><\/div>\n<p>&nbsp;<\/p>\n<p>Deux salles du Palais des rois de Majorque ont \u00e9t\u00e9 sp\u00e9cialement am\u00e9nag\u00e9es pour nous plonger dans l\u2019histoire du bijou en grenat et du m\u00e9tier d\u2019orf\u00e8vre, depuis le Moyen \u00c2ge. L\u2019exposition d\u00e9voilera les techniques et des outils de fabrication de ce bijou, v\u00e9ritable symbole de l&#8217;identit\u00e9 catalane. Une centaine de pi\u00e8ces d\u2019orf\u00e8vrerie et de joaillerie issues notamment de collections priv\u00e9es, mais aussi des tableaux, outils et documents seront expos\u00e9s. On pourra ainsi admirer la croix pectorale (1916) de l&#8217;archev\u00eaque de Bourges Monseigneur Izart (1854-1934, originaire d&#8217;Estagel) \u00e0 c\u00f4t\u00e9 des dessins pr\u00e9paratoires de son cr\u00e9ateur, le bijoutier perpignanais Jean Velzy, et aussi le m\u00e9daillon reliquaire d\u2019Elne (XIV<sup>e<\/sup> si\u00e8cle), class\u00e9 monument historique, la couronne de la Vierge de Thuir (XVIII<sup>e <\/sup>si\u00e8cle) ou encore une corbeille de fleurs du bijoutier Colomer pr\u00e9sent\u00e9e \u00e0 l\u2019exposition internationale de Paris de 1937 !<\/p>\n<p>Retrouvez MBA France <a href=\"http:\/\/www.mba-france.fr\/\">ICI<\/a><\/p>\n<p>Consultez <a href=\"http:\/\/www.museumexperts.com\/nos_services\/annuaire\/prestataire\/1442\">la fiche prestataire<\/a> de MBA France sur notre site<\/p>\n","protected":false},"excerpt":{"rendered":"Situ\u00e9 au c\u0153ur de Perpignan, ce palais m\u00e9di\u00e9val a \u00e9t\u00e9 pendant pr\u00e8s d\u2019un si\u00e8cle le centre de l\u2019\u00e9ph\u00e9m\u00e8re royaume de Majorque. Achev\u00e9e apr\u00e8s 1300 dans le style gothique, sa construction rappelle le statut de Perpignan comme centre \u00e9conomique, politique et culturel de la M\u00e9diterran\u00e9e m\u00e9di\u00e9vale. A partir du XVI\u00e8 si\u00e8cle, les ing\u00e9nieurs fran\u00e7ais et espagnols&#8230; <br><a class=\"readm\" href=\"https:\/\/www.sitem.fr\/en\/les-cloisons-mila-wall-de-mba-france-au-palais-des-rois-de-marjorque-a-perpignan\/\">Read more<\/a>","protected":false},"author":2,"featured_media":12884,"comment_status":"open","ping_status":"open","sticky":false,"template":"","format":"standard","meta":{"_acf_changed":false,"footnotes":""},"categories":[142,139,1],"tags":[619,913,53,14,1004,632],"class_list":["post-12881","post","type-post","status-publish","format-standard","has-post-thumbnail","hentry","category-agencement","category-cloisons","category-non-classifiee","tag-cloisons-mila-wall","tag-equipements","tag-exposition","tag-mba-france","tag-palais-des-rois-de-majorque","tag-scenographie"],"acf":[],"_links":{"self":[{"href":"https:\/\/www.sitem.fr\/en\/wp-json\/wp\/v2\/posts\/12881","targetHints":{"allow":["GET"]}}],"collection":[{"href":"https:\/\/www.sitem.fr\/en\/wp-json\/wp\/v2\/posts"}],"about":[{"href":"https:\/\/www.sitem.fr\/en\/wp-json\/wp\/v2\/types\/post"}],"author":[{"embeddable":true,"href":"https:\/\/www.sitem.fr\/en\/wp-json\/wp\/v2\/users\/2"}],"replies":[{"embeddable":true,"href":"https:\/\/www.sitem.fr\/en\/wp-json\/wp\/v2\/comments?post=12881"}],"version-history":[{"count":3,"href":"https:\/\/www.sitem.fr\/en\/wp-json\/wp\/v2\/posts\/12881\/revisions"}],"predecessor-version":[{"id":12929,"href":"https:\/\/www.sitem.fr\/en\/wp-json\/wp\/v2\/posts\/12881\/revisions\/12929"}],"wp:featuredmedia":[{"embeddable":true,"href":"https:\/\/www.sitem.fr\/en\/wp-json\/wp\/v2\/media\/12884"}],"wp:attachment":[{"href":"https:\/\/www.sitem.fr\/en\/wp-json\/wp\/v2\/media?parent=12881"}],"wp:term":[{"taxonomy":"category","embeddable":true,"href":"https:\/\/www.sitem.fr\/en\/wp-json\/wp\/v2\/categories?post=12881"},{"taxonomy":"post_tag","embeddable":true,"href":"https:\/\/www.sitem.fr\/en\/wp-json\/wp\/v2\/tags?post=12881"}],"curies":[{"name":"wp","href":"https:\/\/api.w.org\/{rel}","templated":true}]}}