{"id":12941,"date":"2019-12-11T18:10:53","date_gmt":"2019-12-11T17:10:53","guid":{"rendered":"https:\/\/www.sitem.fr\/?p=12941"},"modified":"2019-12-18T14:23:12","modified_gmt":"2019-12-18T13:23:12","slug":"un-nouvel-habillage-graphique-pour-deux-nouveaux-espaces-de-la-ville-de-gonesse","status":"publish","type":"post","link":"https:\/\/www.sitem.fr\/en\/un-nouvel-habillage-graphique-pour-deux-nouveaux-espaces-de-la-ville-de-gonesse\/","title":{"rendered":"Une nouvelle sc\u00e9nographie pour deux nouveaux espaces de la ville de Gonesse"},"content":{"rendered":"<p><a href=\"https:\/\/www.sitem.fr\/wp-content\/uploads\/2019\/12\/Capture-d\u2019e\u0301cran-2019-12-11-a\u0300-18.07.12.png\"><img loading=\"lazy\" decoding=\"async\" class=\"alignright size-full wp-image-12942\" src=\"https:\/\/www.sitem.fr\/wp-content\/uploads\/2019\/12\/Capture-d\u2019e\u0301cran-2019-12-11-a\u0300-18.07.12.png\" alt=\"\" width=\"1782\" height=\"883\" srcset=\"https:\/\/www.sitem.fr\/wp-content\/uploads\/2019\/12\/Capture-d\u2019e\u0301cran-2019-12-11-a\u0300-18.07.12.png 1782w, https:\/\/www.sitem.fr\/wp-content\/uploads\/2019\/12\/Capture-d\u2019e\u0301cran-2019-12-11-a\u0300-18.07.12-600x297.png 600w, https:\/\/www.sitem.fr\/wp-content\/uploads\/2019\/12\/Capture-d\u2019e\u0301cran-2019-12-11-a\u0300-18.07.12-680x337.png 680w, https:\/\/www.sitem.fr\/wp-content\/uploads\/2019\/12\/Capture-d\u2019e\u0301cran-2019-12-11-a\u0300-18.07.12-1024x507.png 1024w, https:\/\/www.sitem.fr\/wp-content\/uploads\/2019\/12\/Capture-d\u2019e\u0301cran-2019-12-11-a\u0300-18.07.12-768x381.png 768w, https:\/\/www.sitem.fr\/wp-content\/uploads\/2019\/12\/Capture-d\u2019e\u0301cran-2019-12-11-a\u0300-18.07.12-1536x761.png 1536w, https:\/\/www.sitem.fr\/wp-content\/uploads\/2019\/12\/Capture-d\u2019e\u0301cran-2019-12-11-a\u0300-18.07.12-300x149.png 300w\" sizes=\"auto, (max-width: 1782px) 100vw, 1782px\" \/><\/a><\/p>\n<p>&nbsp;<\/p>\n<p>Le 29 novembre ont \u00e9t\u00e9 ouverts deux nouveaux espaces au sein du p\u00f4le culturel de la Ville de Gonesse (95).<\/p>\n<p>Le premier est une pr\u00e9figuration du futur mus\u00e9e de l\u2019\u00c9ducation en \u00cele de France. Le second, qui prend place au c\u0153ur de l\u2019espace de pr\u00e9figuration, est consacr\u00e9 \u00e0 une exposition temporaire sur l\u2019histoire des contes \u00e0 l\u2019\u00e9cole.<\/p>\n<p>L\u2019agence Point de Fuite a, pour ces deux espaces, con\u00e7u la sc\u00e9nographie et l\u2019habillage graphique (y compris des \u00e9l\u00e9ments de communication et de m\u00e9diation).<\/p>\n<p>La sc\u00e9nographie est tr\u00e8s immersive, m\u00ealant reconstitution r\u00e9aliste d\u2019une salle de classe, \u00e9vocation des r\u00e9serves du futur mus\u00e9e (\u00e0 l\u2019aide de caisses transform\u00e9es en vitrines ou en \u00e9l\u00e9ments de manips didactiques), grandes images de contexte, jeux didactiques\u2026<\/p>\n<p>Un espace est d\u00e9di\u00e9 \u00e0 la m\u00e9diation et aux activit\u00e9s jeune public : volets, jeux, chronologies, dispositifs de classements, invitent le visiteur \u00e0 se souvenir de \u00ab sa \u00bb scolarit\u00e9.<\/p>\n<p>Un espace d\u00e9di\u00e9 aux dons propose aux visiteurs de d\u00e9couvrir l\u2019enrichissement r\u00e9gulier de la collection incroyable de ce mus\u00e9e et d\u2019y participer en y d\u00e9posant ses souvenirs.<\/p>\n<p>Ce double espace, volontairement moderne, a vocation \u00e0 \u00e9voluer et faire suivre l\u2019histoire d\u2019une collection des r\u00e9serves jusqu\u2019au mus\u00e9e final.<\/p>\n<p>Fr\u00e9d\u00e9ric Chauvaux signe, pour la ville de Gonesse, sa troisi\u00e8me exposition consacr\u00e9e \u00e0 l\u2019histoire de l\u2019\u00e9ducation.<\/p>\n<p>Consultez la fiche prestaire de l&#8217;Agence point de fuite<a href=\"http:\/\/www.museumexperts.com\/nos_services\/annuaire\/prestataire\/2465\"> ICI<\/a> sur notre site.<\/p>\n<p><a href=\"https:\/\/www.sitem.fr\/wp-content\/uploads\/2019\/12\/Capture-d\u2019e\u0301cran-2019-12-11-a\u0300-18.06.43.png\"><img loading=\"lazy\" decoding=\"async\" class=\"alignright size-full wp-image-12943\" src=\"https:\/\/www.sitem.fr\/wp-content\/uploads\/2019\/12\/Capture-d\u2019e\u0301cran-2019-12-11-a\u0300-18.06.43.png\" alt=\"\" width=\"593\" height=\"890\" srcset=\"https:\/\/www.sitem.fr\/wp-content\/uploads\/2019\/12\/Capture-d\u2019e\u0301cran-2019-12-11-a\u0300-18.06.43.png 593w, https:\/\/www.sitem.fr\/wp-content\/uploads\/2019\/12\/Capture-d\u2019e\u0301cran-2019-12-11-a\u0300-18.06.43-200x300.png 200w\" sizes=\"auto, (max-width: 593px) 100vw, 593px\" \/><\/a> <a href=\"https:\/\/www.sitem.fr\/wp-content\/uploads\/2019\/12\/Capture-d\u2019e\u0301cran-2019-12-11-a\u0300-18.06.57.png\"><img loading=\"lazy\" decoding=\"async\" class=\"alignright size-full wp-image-12944\" src=\"https:\/\/www.sitem.fr\/wp-content\/uploads\/2019\/12\/Capture-d\u2019e\u0301cran-2019-12-11-a\u0300-18.06.57.png\" alt=\"\" width=\"586\" height=\"886\" srcset=\"https:\/\/www.sitem.fr\/wp-content\/uploads\/2019\/12\/Capture-d\u2019e\u0301cran-2019-12-11-a\u0300-18.06.57.png 586w, https:\/\/www.sitem.fr\/wp-content\/uploads\/2019\/12\/Capture-d\u2019e\u0301cran-2019-12-11-a\u0300-18.06.57-198x300.png 198w\" sizes=\"auto, (max-width: 586px) 100vw, 586px\" \/><\/a><\/p>\n","protected":false},"excerpt":{"rendered":"&nbsp; Le 29 novembre ont \u00e9t\u00e9 ouverts deux nouveaux espaces au sein du p\u00f4le culturel de la Ville de Gonesse (95). Le premier est une pr\u00e9figuration du futur mus\u00e9e de l\u2019\u00c9ducation en \u00cele de France. Le second, qui prend place au c\u0153ur de l\u2019espace de pr\u00e9figuration, est consacr\u00e9 \u00e0 une exposition temporaire sur l\u2019histoire des&#8230; <br><a class=\"readm\" href=\"https:\/\/www.sitem.fr\/en\/un-nouvel-habillage-graphique-pour-deux-nouveaux-espaces-de-la-ville-de-gonesse\/\">Read more<\/a>","protected":false},"author":2,"featured_media":12942,"comment_status":"open","ping_status":"open","sticky":false,"template":"","format":"standard","meta":{"_acf_changed":false,"footnotes":""},"categories":[142,149,696],"tags":[70,1023,1024,848,1022,632],"class_list":["post-12941","post","type-post","status-publish","format-standard","has-post-thumbnail","hentry","category-agencement","category-interactivite-2","category-jeu","tag-agence-point-de-fuite","tag-education","tag-gonesse","tag-histoire","tag-musee","tag-scenographie"],"acf":[],"_links":{"self":[{"href":"https:\/\/www.sitem.fr\/en\/wp-json\/wp\/v2\/posts\/12941","targetHints":{"allow":["GET"]}}],"collection":[{"href":"https:\/\/www.sitem.fr\/en\/wp-json\/wp\/v2\/posts"}],"about":[{"href":"https:\/\/www.sitem.fr\/en\/wp-json\/wp\/v2\/types\/post"}],"author":[{"embeddable":true,"href":"https:\/\/www.sitem.fr\/en\/wp-json\/wp\/v2\/users\/2"}],"replies":[{"embeddable":true,"href":"https:\/\/www.sitem.fr\/en\/wp-json\/wp\/v2\/comments?post=12941"}],"version-history":[{"count":2,"href":"https:\/\/www.sitem.fr\/en\/wp-json\/wp\/v2\/posts\/12941\/revisions"}],"predecessor-version":[{"id":13029,"href":"https:\/\/www.sitem.fr\/en\/wp-json\/wp\/v2\/posts\/12941\/revisions\/13029"}],"wp:featuredmedia":[{"embeddable":true,"href":"https:\/\/www.sitem.fr\/en\/wp-json\/wp\/v2\/media\/12942"}],"wp:attachment":[{"href":"https:\/\/www.sitem.fr\/en\/wp-json\/wp\/v2\/media?parent=12941"}],"wp:term":[{"taxonomy":"category","embeddable":true,"href":"https:\/\/www.sitem.fr\/en\/wp-json\/wp\/v2\/categories?post=12941"},{"taxonomy":"post_tag","embeddable":true,"href":"https:\/\/www.sitem.fr\/en\/wp-json\/wp\/v2\/tags?post=12941"}],"curies":[{"name":"wp","href":"https:\/\/api.w.org\/{rel}","templated":true}]}}