{"id":12946,"date":"2019-12-11T18:19:46","date_gmt":"2019-12-11T17:19:46","guid":{"rendered":"https:\/\/www.sitem.fr\/?p=12946"},"modified":"2019-12-12T11:36:01","modified_gmt":"2019-12-12T10:36:01","slug":"scarabee-developpe-prayssas-le-village-musique","status":"publish","type":"post","link":"https:\/\/www.sitem.fr\/en\/scarabee-developpe-prayssas-le-village-musique\/","title":{"rendered":"Scarab\u00e9e d\u00e9veloppe \u00ab Prayssas &#8211; le village musique \u00bb"},"content":{"rendered":"<p>La Commune de Prayssas, village de Caract\u00e8re au c\u0153ur du Lot-et-Garonne, entre Agen et Villeneuve sur Lot, n\u2019est ni une cit\u00e9 dortoir ni une banlieue anonyme. Il ne pr\u00e9sente cependant pas d\u2019attractivit\u00e9 particuli\u00e8re.<\/p>\n<p>En effet, la population est en hausse (997hb, soit +5% entre 2010 et 2015), une politique volontariste pour pr\u00e9server les commerces et services est en place, la volont\u00e9 d\u2019imaginer de nouvelles fa\u00e7ons de vivre ensemble implique de s\u2019int\u00e9resser \u00e0 la fois \u00e0 la probl\u00e9matique de l\u2019habitat et au r\u00e9am\u00e9nagement du centre-bourg, de l\u2019offre culturelle et de la pr\u00e9servation du patrimoine.<\/p>\n<p>Si le village en est arriv\u00e9 l\u00e0, c\u2019est que son maire est un \u00e9lu engag\u00e9 ! C\u2019est l\u2019histoire d\u2019un maire qui se dit que pour exister et garder ses quelques commerces, il faut se distinguer\u2026<\/p>\n<p><a href=\"https:\/\/www.sitem.fr\/wp-content\/uploads\/2019\/12\/Capture-d\u2019e\u0301cran-2019-12-11-a\u0300-18.17.38.png\"><img loading=\"lazy\" decoding=\"async\" class=\"alignright size-full wp-image-12948\" src=\"https:\/\/www.sitem.fr\/wp-content\/uploads\/2019\/12\/Capture-d\u2019e\u0301cran-2019-12-11-a\u0300-18.17.38.png\" alt=\"\" width=\"1868\" height=\"804\" srcset=\"https:\/\/www.sitem.fr\/wp-content\/uploads\/2019\/12\/Capture-d\u2019e\u0301cran-2019-12-11-a\u0300-18.17.38.png 1868w, https:\/\/www.sitem.fr\/wp-content\/uploads\/2019\/12\/Capture-d\u2019e\u0301cran-2019-12-11-a\u0300-18.17.38-600x258.png 600w, https:\/\/www.sitem.fr\/wp-content\/uploads\/2019\/12\/Capture-d\u2019e\u0301cran-2019-12-11-a\u0300-18.17.38-680x293.png 680w, https:\/\/www.sitem.fr\/wp-content\/uploads\/2019\/12\/Capture-d\u2019e\u0301cran-2019-12-11-a\u0300-18.17.38-1024x441.png 1024w, https:\/\/www.sitem.fr\/wp-content\/uploads\/2019\/12\/Capture-d\u2019e\u0301cran-2019-12-11-a\u0300-18.17.38-768x331.png 768w, https:\/\/www.sitem.fr\/wp-content\/uploads\/2019\/12\/Capture-d\u2019e\u0301cran-2019-12-11-a\u0300-18.17.38-1536x661.png 1536w, https:\/\/www.sitem.fr\/wp-content\/uploads\/2019\/12\/Capture-d\u2019e\u0301cran-2019-12-11-a\u0300-18.17.38-300x129.png 300w\" sizes=\"auto, (max-width: 1868px) 100vw, 1868px\" \/><\/a><\/p>\n<p>Ce maire a demand\u00e9 \u00e0 Scarab\u00e9e de l\u2019accompagner, en associant les habitants. L\u2019agence a identifi\u00e9 la musique comme facteur diff\u00e9renciant, colonne vert\u00e9brale du projet de d\u00e9veloppement. En effet, ce maire a eu l\u2019audace de reconvertir son ancienne halle au Chasselas, sans usage depuis 1975, en un auditorium \u00e9quip\u00e9 d\u2019un grand orgue et d\u2019un piano de concert, ce qui est tr\u00e8s atypique pour un village de cette taille.<\/p>\n<p>Alors la promesse de visite de \u00ab\u00a0Prayssas, le village musique\u00a0\u00bb se d\u00e9clinera ainsi\u00a0:<\/p>\n<ul>\n<li>\u00ab\u00a0Je d\u00e9ambule dans un village qui se met en sc\u00e8ne\u00a0\u00bb<\/li>\n<li>\u00ab\u00a0Je m\u2019amuse, je suis surpris\u00a0\u00bb par des propositions artistiques, des installations, des dispositifs sonores<\/li>\n<li>\u00ab\u00a0Je vais plus loin\u00a0\u00bb \u00e0 l\u2019occasion d\u2019un concert, d\u2019un enseignement, d\u2019un \u00e9v\u00e9nement, d\u2019une master class \u2026<\/li>\n<\/ul>\n<p>La strat\u00e9gie de ce projet culturel assez unique, d\u00e9finie par Scarab\u00e9e, avec les habitants passera par<\/p>\n<ul>\n<li>Valoriser le projet d\u2019auditorium qui distingue d\u00e9j\u00e0 Prayssas et imaginer le d\u00e9veloppement d\u2019une programmation renforc\u00e9e<\/li>\n<li>D\u00e9ployer un parcours ludique et sensoriel dans le village, pour rendre visible ce th\u00e8me de mani\u00e8re concr\u00e8te et permanente, au-del\u00e0 des \u00e9v\u00e9nementiels<\/li>\n<li>Activer un r\u00e9seau de professionnels, sensibiliser des personnalit\u00e9s pour soutenir le projet et le faire rayonner<\/li>\n<li>Favoriser un d\u00e9veloppement \u00e9conomique \u00e0 partir de la th\u00e9matique musicale, g\u00e9n\u00e9rer des retomb\u00e9es \u00e9conomiques (directes et indirectes) par une mise en tourisme<\/li>\n<\/ul>\n<p><a href=\"http:\/\/www.agence-scarabee.com\">www.agence-scarabee.com<\/a><\/p>\n<p>et sur facebook <a href=\"https:\/\/www.facebook.com\/agencescarabee\/\">ICI<\/a><\/p>\n<p>Consultez la fiche prestataire de l&#8217;agence scarab\u00e9e sur notre site <a href=\"http:\/\/www.museumexperts.com\/nos_services\/annuaire\/prestataire\/2397\">ICI\u00a0<\/a><\/p>\n<p><a href=\"https:\/\/www.sitem.fr\/wp-content\/uploads\/2019\/12\/IMG_20190502_113852.jpg\"><img loading=\"lazy\" decoding=\"async\" class=\"size-full wp-image-12949\" src=\"https:\/\/www.sitem.fr\/wp-content\/uploads\/2019\/12\/IMG_20190502_113852.jpg\" alt=\"\" width=\"3648\" height=\"2736\" \/><\/a><\/p>\n","protected":false},"excerpt":{"rendered":"La Commune de Prayssas, village de Caract\u00e8re au c\u0153ur du Lot-et-Garonne, entre Agen et Villeneuve sur Lot, n\u2019est ni une cit\u00e9 dortoir ni une banlieue anonyme. Il ne pr\u00e9sente cependant pas d\u2019attractivit\u00e9 particuli\u00e8re. En effet, la population est en hausse (997hb, soit +5% entre 2010 et 2015), une politique volontariste pour pr\u00e9server les commerces et&#8230; <br><a class=\"readm\" href=\"https:\/\/www.sitem.fr\/en\/scarabee-developpe-prayssas-le-village-musique\/\">Read more<\/a>","protected":false},"author":2,"featured_media":12948,"comment_status":"open","ping_status":"open","sticky":false,"template":"","format":"standard","meta":{"_acf_changed":false,"footnotes":""},"categories":[142,149,367,916],"tags":[40,1026,1028,194,1025,1027],"class_list":["post-12946","post","type-post","status-publish","format-standard","has-post-thumbnail","hentry","category-agencement","category-interactivite-2","category-parcours-dinterpretation","category-tourisme","tag-agence-scarabee","tag-auditorium","tag-developpement-economique","tag-musique","tag-prayssas","tag-village"],"acf":[],"_links":{"self":[{"href":"https:\/\/www.sitem.fr\/en\/wp-json\/wp\/v2\/posts\/12946","targetHints":{"allow":["GET"]}}],"collection":[{"href":"https:\/\/www.sitem.fr\/en\/wp-json\/wp\/v2\/posts"}],"about":[{"href":"https:\/\/www.sitem.fr\/en\/wp-json\/wp\/v2\/types\/post"}],"author":[{"embeddable":true,"href":"https:\/\/www.sitem.fr\/en\/wp-json\/wp\/v2\/users\/2"}],"replies":[{"embeddable":true,"href":"https:\/\/www.sitem.fr\/en\/wp-json\/wp\/v2\/comments?post=12946"}],"version-history":[{"count":1,"href":"https:\/\/www.sitem.fr\/en\/wp-json\/wp\/v2\/posts\/12946\/revisions"}],"predecessor-version":[{"id":12950,"href":"https:\/\/www.sitem.fr\/en\/wp-json\/wp\/v2\/posts\/12946\/revisions\/12950"}],"wp:featuredmedia":[{"embeddable":true,"href":"https:\/\/www.sitem.fr\/en\/wp-json\/wp\/v2\/media\/12948"}],"wp:attachment":[{"href":"https:\/\/www.sitem.fr\/en\/wp-json\/wp\/v2\/media?parent=12946"}],"wp:term":[{"taxonomy":"category","embeddable":true,"href":"https:\/\/www.sitem.fr\/en\/wp-json\/wp\/v2\/categories?post=12946"},{"taxonomy":"post_tag","embeddable":true,"href":"https:\/\/www.sitem.fr\/en\/wp-json\/wp\/v2\/tags?post=12946"}],"curies":[{"name":"wp","href":"https:\/\/api.w.org\/{rel}","templated":true}]}}