{"id":12966,"date":"2019-12-11T18:42:13","date_gmt":"2019-12-11T17:42:13","guid":{"rendered":"https:\/\/www.sitem.fr\/?p=12966"},"modified":"2019-12-12T11:36:23","modified_gmt":"2019-12-12T10:36:23","slug":"intervention-et-animation-dun-atelier-au-seminaire-de-la-sous-direction-du-developpement-des-publics-et-de-leducation-artistique-du-musee-du-louvre","status":"publish","type":"post","link":"https:\/\/www.sitem.fr\/en\/intervention-et-animation-dun-atelier-au-seminaire-de-la-sous-direction-du-developpement-des-publics-et-de-leducation-artistique-du-musee-du-louvre\/","title":{"rendered":"Intervention et animation d&#8217;un atelier au s\u00e9minaire de la sous-direction du d\u00e9veloppement des publics et de l&#8217;\u00e9ducation artistique du Mus\u00e9e du Louvre"},"content":{"rendered":"<div id=\"attachment_12967\" style=\"width: 1830px\" class=\"wp-caption alignleft\"><a href=\"https:\/\/www.sitem.fr\/wp-content\/uploads\/2019\/12\/Capture-d\u2019e\u0301cran-2019-12-11-a\u0300-18.39.23.png\"><img loading=\"lazy\" decoding=\"async\" aria-describedby=\"caption-attachment-12967\" class=\"wp-image-12967 size-full\" src=\"https:\/\/www.sitem.fr\/wp-content\/uploads\/2019\/12\/Capture-d\u2019e\u0301cran-2019-12-11-a\u0300-18.39.23.png\" alt=\"\" width=\"1820\" height=\"882\" srcset=\"https:\/\/www.sitem.fr\/wp-content\/uploads\/2019\/12\/Capture-d\u2019e\u0301cran-2019-12-11-a\u0300-18.39.23.png 1820w, https:\/\/www.sitem.fr\/wp-content\/uploads\/2019\/12\/Capture-d\u2019e\u0301cran-2019-12-11-a\u0300-18.39.23-600x291.png 600w, https:\/\/www.sitem.fr\/wp-content\/uploads\/2019\/12\/Capture-d\u2019e\u0301cran-2019-12-11-a\u0300-18.39.23-680x330.png 680w, https:\/\/www.sitem.fr\/wp-content\/uploads\/2019\/12\/Capture-d\u2019e\u0301cran-2019-12-11-a\u0300-18.39.23-1024x496.png 1024w, https:\/\/www.sitem.fr\/wp-content\/uploads\/2019\/12\/Capture-d\u2019e\u0301cran-2019-12-11-a\u0300-18.39.23-768x372.png 768w, https:\/\/www.sitem.fr\/wp-content\/uploads\/2019\/12\/Capture-d\u2019e\u0301cran-2019-12-11-a\u0300-18.39.23-1536x744.png 1536w, https:\/\/www.sitem.fr\/wp-content\/uploads\/2019\/12\/Capture-d\u2019e\u0301cran-2019-12-11-a\u0300-18.39.23-300x145.png 300w\" sizes=\"auto, (max-width: 1820px) 100vw, 1820px\" \/><\/a><p id=\"caption-attachment-12967\" class=\"wp-caption-text\">\u00a9Correspondances digitales<\/p><\/div>\n<p>D\u00e9but novembre, avait lieu le s\u00e9minaire de la sous-direction du d\u00e9veloppement des publics et de l&#8217;\u00e9ducation artistique.\u00a0<a href=\"http:\/\/correspondances.co\/\">{CORRESPONDANCES DIGITALES]<\/a>\u00a0est intervenue pour pr\u00e9senter\u00a0l&#8217;\u00e9tude\u00a0r\u00e9alis\u00e9e par l&#8217;agence\u00a0ces derniers mois.<\/p>\n<p>Une intervention en matin\u00e9e a permis de partager les principaux\u00a0constats de l&#8217;\u00e9tude avec les \u00e9quipes de la sous-direction sur les offres et parcours\u00a0propos\u00e9s\u00a0par le Mus\u00e9e du Louvre \u00e0 ses partenaires du champ social, \u00e9ducatif et du handicap.<\/p>\n<p>L&#8217;apr\u00e8s-midi, sur la base de ces constats, un atelier a \u00e9t\u00e9 propos\u00e9 aux \u00e9quipes pour identifier des pistes d&#8217;am\u00e9liorations afin de :<\/p>\n<ul>\n<li>Recruter de nouveaux partenaires via un ensemble d&#8217;actions \u00e9v\u00e9nementielles \u00e0 d\u00e9velopper dans et hors les murs du mus\u00e9e, sur le web, les r\u00e9seaux sociaux et dans la presse sp\u00e9cialis\u00e9e.<\/li>\n<li>Proposer une offre et des parcours de formation et de m\u00e9diation plus lisibles et plus clairs.<\/li>\n<li>D\u00e9finir des indicateurs de suivi et de pilotage pertinents.<\/li>\n<\/ul>\n<p>Consultez la fiche prestataire de\u00a0{CORRESPONDANCES DIGITALES] sur notre site <a href=\"http:\/\/www.museumexperts.com\/nos_services\/annuaire\/prestataire\/5054\">ICI<\/a><\/p>\n","protected":false},"excerpt":{"rendered":"D\u00e9but novembre, avait lieu le s\u00e9minaire de la sous-direction du d\u00e9veloppement des publics et de l&#8217;\u00e9ducation artistique.\u00a0{CORRESPONDANCES DIGITALES]\u00a0est intervenue pour pr\u00e9senter\u00a0l&#8217;\u00e9tude\u00a0r\u00e9alis\u00e9e par l&#8217;agence\u00a0ces derniers mois. Une intervention en matin\u00e9e a permis de partager les principaux\u00a0constats de l&#8217;\u00e9tude avec les \u00e9quipes de la sous-direction sur les offres et parcours\u00a0propos\u00e9s\u00a0par le Mus\u00e9e du Louvre \u00e0 ses partenaires&#8230; <br><a class=\"readm\" href=\"https:\/\/www.sitem.fr\/en\/intervention-et-animation-dun-atelier-au-seminaire-de-la-sous-direction-du-developpement-des-publics-et-de-leducation-artistique-du-musee-du-louvre\/\">Read more<\/a>","protected":false},"author":2,"featured_media":12967,"comment_status":"open","ping_status":"open","sticky":false,"template":"","format":"standard","meta":{"_acf_changed":false,"footnotes":""},"categories":[87],"tags":[561,1030,687,366,1031],"class_list":["post-12966","post","type-post","status-publish","format-standard","has-post-thumbnail","hentry","category-accessibilite","tag-correspondances-digitales","tag-developpement-des-publics","tag-formation","tag-musee-du-louvre","tag-seminaire"],"acf":[],"_links":{"self":[{"href":"https:\/\/www.sitem.fr\/en\/wp-json\/wp\/v2\/posts\/12966","targetHints":{"allow":["GET"]}}],"collection":[{"href":"https:\/\/www.sitem.fr\/en\/wp-json\/wp\/v2\/posts"}],"about":[{"href":"https:\/\/www.sitem.fr\/en\/wp-json\/wp\/v2\/types\/post"}],"author":[{"embeddable":true,"href":"https:\/\/www.sitem.fr\/en\/wp-json\/wp\/v2\/users\/2"}],"replies":[{"embeddable":true,"href":"https:\/\/www.sitem.fr\/en\/wp-json\/wp\/v2\/comments?post=12966"}],"version-history":[{"count":1,"href":"https:\/\/www.sitem.fr\/en\/wp-json\/wp\/v2\/posts\/12966\/revisions"}],"predecessor-version":[{"id":12968,"href":"https:\/\/www.sitem.fr\/en\/wp-json\/wp\/v2\/posts\/12966\/revisions\/12968"}],"wp:featuredmedia":[{"embeddable":true,"href":"https:\/\/www.sitem.fr\/en\/wp-json\/wp\/v2\/media\/12967"}],"wp:attachment":[{"href":"https:\/\/www.sitem.fr\/en\/wp-json\/wp\/v2\/media?parent=12966"}],"wp:term":[{"taxonomy":"category","embeddable":true,"href":"https:\/\/www.sitem.fr\/en\/wp-json\/wp\/v2\/categories?post=12966"},{"taxonomy":"post_tag","embeddable":true,"href":"https:\/\/www.sitem.fr\/en\/wp-json\/wp\/v2\/tags?post=12966"}],"curies":[{"name":"wp","href":"https:\/\/api.w.org\/{rel}","templated":true}]}}