{"id":12969,"date":"2019-12-11T18:49:10","date_gmt":"2019-12-11T17:49:10","guid":{"rendered":"https:\/\/www.sitem.fr\/?p=12969"},"modified":"2019-12-12T11:36:34","modified_gmt":"2019-12-12T10:36:34","slug":"le-portail-du-centre-de-documentation-du-memorial-de-la-shoah","status":"publish","type":"post","link":"https:\/\/www.sitem.fr\/en\/le-portail-du-centre-de-documentation-du-memorial-de-la-shoah\/","title":{"rendered":"Le portail du Centre de Documentation du M\u00e9morial de la Shoah"},"content":{"rendered":"<div id=\"attachment_12972\" style=\"width: 1361px\" class=\"wp-caption alignleft\"><a href=\"https:\/\/www.sitem.fr\/wp-content\/uploads\/2019\/12\/Capture-d\u2019e\u0301cran-2019-12-11-a\u0300-18.42.47.png\"><img loading=\"lazy\" decoding=\"async\" aria-describedby=\"caption-attachment-12972\" class=\"wp-image-12972 size-full\" src=\"https:\/\/www.sitem.fr\/wp-content\/uploads\/2019\/12\/Capture-d\u2019e\u0301cran-2019-12-11-a\u0300-18.42.47.png\" alt=\"\" width=\"1351\" height=\"875\" srcset=\"https:\/\/www.sitem.fr\/wp-content\/uploads\/2019\/12\/Capture-d\u2019e\u0301cran-2019-12-11-a\u0300-18.42.47.png 1351w, https:\/\/www.sitem.fr\/wp-content\/uploads\/2019\/12\/Capture-d\u2019e\u0301cran-2019-12-11-a\u0300-18.42.47-600x389.png 600w, https:\/\/www.sitem.fr\/wp-content\/uploads\/2019\/12\/Capture-d\u2019e\u0301cran-2019-12-11-a\u0300-18.42.47-680x440.png 680w, https:\/\/www.sitem.fr\/wp-content\/uploads\/2019\/12\/Capture-d\u2019e\u0301cran-2019-12-11-a\u0300-18.42.47-1024x663.png 1024w, https:\/\/www.sitem.fr\/wp-content\/uploads\/2019\/12\/Capture-d\u2019e\u0301cran-2019-12-11-a\u0300-18.42.47-768x497.png 768w, https:\/\/www.sitem.fr\/wp-content\/uploads\/2019\/12\/Capture-d\u2019e\u0301cran-2019-12-11-a\u0300-18.42.47-400x260.png 400w, https:\/\/www.sitem.fr\/wp-content\/uploads\/2019\/12\/Capture-d\u2019e\u0301cran-2019-12-11-a\u0300-18.42.47-300x194.png 300w\" sizes=\"auto, (max-width: 1351px) 100vw, 1351px\" \/><\/a><p id=\"caption-attachment-12972\" class=\"wp-caption-text\">\u2022 Decalog_Memorial_Shoah_Portail.jpg : Portail du Centre de Documentation du M\u00e9morial de la Shoah<\/p><\/div>\n<p>Decalog a r\u00e9alis\u00e9 le portail d\u2019acc\u00e8s aux ressources documentaires du M\u00e9morial de la Shoah, \u00e0 partir du logiciel OSIROS de Decalog. Des d\u00e9veloppements sp\u00e9cifiques compl\u00e9mentaires ont \u00e9t\u00e9 r\u00e9alis\u00e9s pour permettent un acc\u00e8s \u00e0 la recherche par les personnes \u2013 victimes et responsables des pers\u00e9cutions.<\/p>\n<p>Ce site web rassemble des dizaines de milliers de documents sur l\u2019holocauste et croise toutes les donn\u00e9es pour pr\u00e9senter pr\u00e9cis\u00e9ment les informations disponibles.<\/p>\n<p>Les supports sont de natures\u00a0vari\u00e9es : livres, revues, affiches, photos, films, \u00e9l\u00e9ments d\u2019archive. Osiros restreint l\u2019acc\u00e8s selon l\u2019authentification du visiteur ou sa localisation dans les locaux du M\u00e9morial. Les donn\u00e9es sont charg\u00e9es depuis les logiciels utilis\u00e9s par les services du M\u00e9morial, dont Decalog SIGB qui \u00e9quipe la Biblioth\u00e8que.<\/p>\n<div id=\"attachment_12971\" style=\"width: 805px\" class=\"wp-caption alignleft\"><a href=\"https:\/\/www.sitem.fr\/wp-content\/uploads\/2019\/12\/Capture-d\u2019e\u0301cran-2019-12-11-a\u0300-18.42.39.png\"><img loading=\"lazy\" decoding=\"async\" aria-describedby=\"caption-attachment-12971\" class=\"wp-image-12971 size-full\" src=\"https:\/\/www.sitem.fr\/wp-content\/uploads\/2019\/12\/Capture-d\u2019e\u0301cran-2019-12-11-a\u0300-18.42.39.png\" alt=\"\" width=\"795\" height=\"601\" srcset=\"https:\/\/www.sitem.fr\/wp-content\/uploads\/2019\/12\/Capture-d\u2019e\u0301cran-2019-12-11-a\u0300-18.42.39.png 795w, https:\/\/www.sitem.fr\/wp-content\/uploads\/2019\/12\/Capture-d\u2019e\u0301cran-2019-12-11-a\u0300-18.42.39-600x454.png 600w, https:\/\/www.sitem.fr\/wp-content\/uploads\/2019\/12\/Capture-d\u2019e\u0301cran-2019-12-11-a\u0300-18.42.39-300x227.png 300w, https:\/\/www.sitem.fr\/wp-content\/uploads\/2019\/12\/Capture-d\u2019e\u0301cran-2019-12-11-a\u0300-18.42.39-768x581.png 768w, https:\/\/www.sitem.fr\/wp-content\/uploads\/2019\/12\/Capture-d\u2019e\u0301cran-2019-12-11-a\u0300-18.42.39-80x60.png 80w\" sizes=\"auto, (max-width: 795px) 100vw, 795px\" \/><\/a><p id=\"caption-attachment-12971\" class=\"wp-caption-text\">\u2022 Decalog_Memorial_Shoah_Recherche.jpg : Recherche documentaire &#8211; M\u00e9morial de la Shoah<\/p><\/div>\n<p>Des facettes permettent d\u2019affiner la recherche. Le r\u00e9sultat est pr\u00e9sent\u00e9, par d\u00e9faut, par pertinence. Une interface de recherche avanc\u00e9e permet aux sp\u00e9cialistes d\u2019approfondir les crit\u00e8res utilis\u00e9s. L\u2019interface de recherche par noms propose un formulaire aid\u00e9 d\u2019autocompl\u00e9tion pour naviguer dans les noms de ville, adresses, mots-cl\u00e9s et dates.<\/p>\n<p>Ces dispositifs favorisent la navigation dans une grande masse de donn\u00e9es h\u00e9t\u00e9rog\u00e8nes et procurent aux visiteurs un instrument de d\u00e9couverte des fonds utile \u00e0 l\u2019accomplissement du devoir de m\u00e9moire.<\/p>\n<p><strong>Lien<\/strong>\u00a0: <a href=\"http:\/\/ressources.memorialdelashoah.org\/\">http:\/\/ressources.memorialdelashoah.org\/<\/a><\/p>\n<div id=\"attachment_12970\" style=\"width: 405px\" class=\"wp-caption alignleft\"><a href=\"https:\/\/www.sitem.fr\/wp-content\/uploads\/2019\/12\/Capture-d\u2019e\u0301cran-2019-12-11-a\u0300-18.42.33.png\"><img loading=\"lazy\" decoding=\"async\" aria-describedby=\"caption-attachment-12970\" class=\"wp-image-12970 size-full\" src=\"https:\/\/www.sitem.fr\/wp-content\/uploads\/2019\/12\/Capture-d\u2019e\u0301cran-2019-12-11-a\u0300-18.42.33.png\" alt=\"\" width=\"395\" height=\"388\" srcset=\"https:\/\/www.sitem.fr\/wp-content\/uploads\/2019\/12\/Capture-d\u2019e\u0301cran-2019-12-11-a\u0300-18.42.33.png 395w, https:\/\/www.sitem.fr\/wp-content\/uploads\/2019\/12\/Capture-d\u2019e\u0301cran-2019-12-11-a\u0300-18.42.33-300x295.png 300w\" sizes=\"auto, (max-width: 395px) 100vw, 395px\" \/><\/a><p id=\"caption-attachment-12970\" class=\"wp-caption-text\">Logo M\u00e9morial de la Shoah<\/p><\/div>\n<p>&nbsp;<\/p>\n<p>&nbsp;<\/p>\n<p>&nbsp;<\/p>\n<p>&nbsp;<\/p>\n<p>&nbsp;<\/p>\n<p>&nbsp;<\/p>\n<p>&nbsp;<\/p>\n<p>&nbsp;<\/p>\n<p>&nbsp;<\/p>\n<p>&nbsp;<\/p>\n<p>&nbsp;<\/p>\n<p>&nbsp;<\/p>\n<p>Consultez la fiche prestataire de Decalog sur notre site <a href=\"http:\/\/www.museumexperts.com\/nos_services\/annuaire\/prestataire\/4671\">ICI<\/a><\/p>\n<p>&nbsp;<\/p>\n","protected":false},"excerpt":{"rendered":"Decalog a r\u00e9alis\u00e9 le portail d\u2019acc\u00e8s aux ressources documentaires du M\u00e9morial de la Shoah, \u00e0 partir du logiciel OSIROS de Decalog. Des d\u00e9veloppements sp\u00e9cifiques compl\u00e9mentaires ont \u00e9t\u00e9 r\u00e9alis\u00e9s pour permettent un acc\u00e8s \u00e0 la recherche par les personnes \u2013 victimes et responsables des pers\u00e9cutions. Ce site web rassemble des dizaines de milliers de documents sur&#8230; <br><a class=\"readm\" href=\"https:\/\/www.sitem.fr\/en\/le-portail-du-centre-de-documentation-du-memorial-de-la-shoah\/\">Read more<\/a>","protected":false},"author":2,"featured_media":12972,"comment_status":"open","ping_status":"open","sticky":false,"template":"","format":"standard","meta":{"_acf_changed":false,"footnotes":""},"categories":[87,147,881,287],"tags":[459,957,649,1032,1033,589],"class_list":["post-12969","post","type-post","status-publish","format-standard","has-post-thumbnail","hentry","category-accessibilite","category-gestion-informatisee-des-collections-2","category-plateforme","category-site-internet","tag-decalog","tag-documentation","tag-logiciel","tag-memorial-de-la-shoah","tag-osiros","tag-portail-web"],"acf":[],"_links":{"self":[{"href":"https:\/\/www.sitem.fr\/en\/wp-json\/wp\/v2\/posts\/12969","targetHints":{"allow":["GET"]}}],"collection":[{"href":"https:\/\/www.sitem.fr\/en\/wp-json\/wp\/v2\/posts"}],"about":[{"href":"https:\/\/www.sitem.fr\/en\/wp-json\/wp\/v2\/types\/post"}],"author":[{"embeddable":true,"href":"https:\/\/www.sitem.fr\/en\/wp-json\/wp\/v2\/users\/2"}],"replies":[{"embeddable":true,"href":"https:\/\/www.sitem.fr\/en\/wp-json\/wp\/v2\/comments?post=12969"}],"version-history":[{"count":1,"href":"https:\/\/www.sitem.fr\/en\/wp-json\/wp\/v2\/posts\/12969\/revisions"}],"predecessor-version":[{"id":12973,"href":"https:\/\/www.sitem.fr\/en\/wp-json\/wp\/v2\/posts\/12969\/revisions\/12973"}],"wp:featuredmedia":[{"embeddable":true,"href":"https:\/\/www.sitem.fr\/en\/wp-json\/wp\/v2\/media\/12972"}],"wp:attachment":[{"href":"https:\/\/www.sitem.fr\/en\/wp-json\/wp\/v2\/media?parent=12969"}],"wp:term":[{"taxonomy":"category","embeddable":true,"href":"https:\/\/www.sitem.fr\/en\/wp-json\/wp\/v2\/categories?post=12969"},{"taxonomy":"post_tag","embeddable":true,"href":"https:\/\/www.sitem.fr\/en\/wp-json\/wp\/v2\/tags?post=12969"}],"curies":[{"name":"wp","href":"https:\/\/api.w.org\/{rel}","templated":true}]}}