{"id":12974,"date":"2019-12-11T18:55:29","date_gmt":"2019-12-11T17:55:29","guid":{"rendered":"https:\/\/www.sitem.fr\/?p=12974"},"modified":"2019-12-12T11:36:40","modified_gmt":"2019-12-12T10:36:40","slug":"ducaroy-grange-realise-3-oeuvres-artistiques-pour-le-jardin-des-plantes-de-rouen","status":"publish","type":"post","link":"https:\/\/www.sitem.fr\/en\/ducaroy-grange-realise-3-oeuvres-artistiques-pour-le-jardin-des-plantes-de-rouen\/","title":{"rendered":"Ducaroy Grange r\u00e9alise 3 \u0153uvres artistiques pour le Jardin des Plantes de Rouen"},"content":{"rendered":"<p>Ducaroy Grange a livr\u00e9, pour les &#8220;serres de l&#8217;\u00e9volution&#8221; du Jardin des Plantes de Rouen, 3 sculptures de finition r\u00e9aliste.<\/p>\n<div id=\"attachment_12977\" style=\"width: 808px\" class=\"wp-caption alignleft\"><a href=\"https:\/\/www.sitem.fr\/wp-content\/uploads\/2019\/12\/Capture-d\u2019e\u0301cran-2019-12-11-a\u0300-18.51.18.png\"><img loading=\"lazy\" decoding=\"async\" aria-describedby=\"caption-attachment-12977\" class=\"wp-image-12977 size-full\" src=\"https:\/\/www.sitem.fr\/wp-content\/uploads\/2019\/12\/Capture-d\u2019e\u0301cran-2019-12-11-a\u0300-18.51.18.png\" alt=\"\" width=\"798\" height=\"599\" srcset=\"https:\/\/www.sitem.fr\/wp-content\/uploads\/2019\/12\/Capture-d\u2019e\u0301cran-2019-12-11-a\u0300-18.51.18.png 798w, https:\/\/www.sitem.fr\/wp-content\/uploads\/2019\/12\/Capture-d\u2019e\u0301cran-2019-12-11-a\u0300-18.51.18-600x450.png 600w, https:\/\/www.sitem.fr\/wp-content\/uploads\/2019\/12\/Capture-d\u2019e\u0301cran-2019-12-11-a\u0300-18.51.18-300x225.png 300w, https:\/\/www.sitem.fr\/wp-content\/uploads\/2019\/12\/Capture-d\u2019e\u0301cran-2019-12-11-a\u0300-18.51.18-768x576.png 768w, https:\/\/www.sitem.fr\/wp-content\/uploads\/2019\/12\/Capture-d\u2019e\u0301cran-2019-12-11-a\u0300-18.51.18-80x60.png 80w\" sizes=\"auto, (max-width: 798px) 100vw, 798px\" \/><\/a><p id=\"caption-attachment-12977\" class=\"wp-caption-text\">Libellule du cr\u00e9tac\u00e9 de 80 cm de long (\u00e9chelle 1)<\/p><\/div>\n<p>Une fleur en coupe, une libellule du cr\u00e9tac\u00e9 et un v\u00e9lociraptor ont \u00e9t\u00e9 r\u00e9alis\u00e9s en concertation avec les scientifiques du jardin et t\u00e9moignent des derni\u00e8res d\u00e9couvertes en pal\u00e9ontologie.<\/p>\n<p>Le Jardin a pour mission la conservation et la valorisation des esp\u00e8ces mais joue \u00e9galement un r\u00f4le tr\u00e8s important d\u2019\u00e9ducation \u00e0 l\u2019environnement. De ce fait, le positionnement des sculptures n&#8217;est pas simplement d\u00e9coratif mais au contraire int\u00e9gr\u00e9 \u00e0 un parcours p\u00e9dagogique qui fait de chaque \u0153uvre un \u00e9l\u00e9ment particuli\u00e8rement important pour la pr\u00e9sentation et la compr\u00e9hension de l\u2019\u00e9volution du monde vivant.<\/p>\n<div id=\"attachment_12976\" style=\"width: 807px\" class=\"wp-caption alignleft\"><a href=\"https:\/\/www.sitem.fr\/wp-content\/uploads\/2019\/12\/Capture-d\u2019e\u0301cran-2019-12-11-a\u0300-18.51.09.png\"><img loading=\"lazy\" decoding=\"async\" aria-describedby=\"caption-attachment-12976\" class=\"wp-image-12976 size-full\" src=\"https:\/\/www.sitem.fr\/wp-content\/uploads\/2019\/12\/Capture-d\u2019e\u0301cran-2019-12-11-a\u0300-18.51.09.png\" alt=\"\" width=\"797\" height=\"598\" srcset=\"https:\/\/www.sitem.fr\/wp-content\/uploads\/2019\/12\/Capture-d\u2019e\u0301cran-2019-12-11-a\u0300-18.51.09.png 797w, https:\/\/www.sitem.fr\/wp-content\/uploads\/2019\/12\/Capture-d\u2019e\u0301cran-2019-12-11-a\u0300-18.51.09-600x450.png 600w, https:\/\/www.sitem.fr\/wp-content\/uploads\/2019\/12\/Capture-d\u2019e\u0301cran-2019-12-11-a\u0300-18.51.09-586x440.png 586w, https:\/\/www.sitem.fr\/wp-content\/uploads\/2019\/12\/Capture-d\u2019e\u0301cran-2019-12-11-a\u0300-18.51.09-768x576.png 768w, https:\/\/www.sitem.fr\/wp-content\/uploads\/2019\/12\/Capture-d\u2019e\u0301cran-2019-12-11-a\u0300-18.51.09-300x225.png 300w, https:\/\/www.sitem.fr\/wp-content\/uploads\/2019\/12\/Capture-d\u2019e\u0301cran-2019-12-11-a\u0300-18.51.09-80x60.png 80w\" sizes=\"auto, (max-width: 797px) 100vw, 797px\" \/><\/a><p id=\"caption-attachment-12976\" class=\"wp-caption-text\">V\u00e9lociraptor \u00e9chelle 1<\/p><\/div>\n<p>Pour ce projet, Ducaroy Grange a pr\u00e9conis\u00e9 des solutions techniques qui r\u00e9pondent parfaitement aux contraintes physiques, p\u00e9dagogiques et culturelles du dispositif d&#8217;exposition, les \u0153uvres \u00e9tant inscrites en milieu particuli\u00e8rement humide, et possiblement touch\u00e9es par le public.<\/p>\n<p>Plus d\u2019infos\u00a0<a href=\"https:\/\/fabrication-maquette-dg.com\/actualite-maquette-exposition\/une-fleur-en-coupe-une-libellule-et-un-velociraptor-pour-le-jardin-des-plantes-de-rouen.html\">ICI<\/a><\/p>\n<p><a href=\"http:\/\/www.rouen.fr\/jardindesplantes\">www.rouen.fr\/jardindesplantes<\/a><\/p>\n<div id=\"attachment_12975\" style=\"width: 603px\" class=\"wp-caption alignleft\"><a href=\"https:\/\/www.sitem.fr\/wp-content\/uploads\/2019\/12\/Capture-d\u2019e\u0301cran-2019-12-11-a\u0300-18.51.01.png\"><img loading=\"lazy\" decoding=\"async\" aria-describedby=\"caption-attachment-12975\" class=\"wp-image-12975 size-full\" src=\"https:\/\/www.sitem.fr\/wp-content\/uploads\/2019\/12\/Capture-d\u2019e\u0301cran-2019-12-11-a\u0300-18.51.01.png\" alt=\"\" width=\"593\" height=\"798\" srcset=\"https:\/\/www.sitem.fr\/wp-content\/uploads\/2019\/12\/Capture-d\u2019e\u0301cran-2019-12-11-a\u0300-18.51.01.png 593w, https:\/\/www.sitem.fr\/wp-content\/uploads\/2019\/12\/Capture-d\u2019e\u0301cran-2019-12-11-a\u0300-18.51.01-223x300.png 223w\" sizes=\"auto, (max-width: 593px) 100vw, 593px\" \/><\/a><p id=\"caption-attachment-12975\" class=\"wp-caption-text\">Fleur p\u00e9dagogique en coupe surdimensionn\u00e9e<\/p><\/div>\n<p>Consultez la fiche prestataire de Ducaroy Grange sur notre site<a href=\"http:\/\/www.museumexperts.com\/nos_services\/annuaire\/prestataire\/891\"> ICI<\/a><\/p>\n","protected":false},"excerpt":{"rendered":"Ducaroy Grange a livr\u00e9, pour les &#8220;serres de l&#8217;\u00e9volution&#8221; du Jardin des Plantes de Rouen, 3 sculptures de finition r\u00e9aliste. Une fleur en coupe, une libellule du cr\u00e9tac\u00e9 et un v\u00e9lociraptor ont \u00e9t\u00e9 r\u00e9alis\u00e9s en concertation avec les scientifiques du jardin et t\u00e9moignent des derni\u00e8res d\u00e9couvertes en pal\u00e9ontologie. Le Jardin a pour mission la conservation&#8230; <br><a class=\"readm\" href=\"https:\/\/www.sitem.fr\/en\/ducaroy-grange-realise-3-oeuvres-artistiques-pour-le-jardin-des-plantes-de-rouen\/\">Read more<\/a>","protected":false},"author":2,"featured_media":12976,"comment_status":"open","ping_status":"open","sticky":false,"template":"","format":"standard","meta":{"_acf_changed":false,"footnotes":""},"categories":[1034],"tags":[75,947,1036,280,1035],"class_list":["post-12974","post","type-post","status-publish","format-standard","has-post-thumbnail","hentry","category-oeuvres","tag-ducaroy-grange","tag-environnement","tag-especes","tag-jardin-des-plantes","tag-rouen"],"acf":[],"_links":{"self":[{"href":"https:\/\/www.sitem.fr\/en\/wp-json\/wp\/v2\/posts\/12974","targetHints":{"allow":["GET"]}}],"collection":[{"href":"https:\/\/www.sitem.fr\/en\/wp-json\/wp\/v2\/posts"}],"about":[{"href":"https:\/\/www.sitem.fr\/en\/wp-json\/wp\/v2\/types\/post"}],"author":[{"embeddable":true,"href":"https:\/\/www.sitem.fr\/en\/wp-json\/wp\/v2\/users\/2"}],"replies":[{"embeddable":true,"href":"https:\/\/www.sitem.fr\/en\/wp-json\/wp\/v2\/comments?post=12974"}],"version-history":[{"count":1,"href":"https:\/\/www.sitem.fr\/en\/wp-json\/wp\/v2\/posts\/12974\/revisions"}],"predecessor-version":[{"id":12978,"href":"https:\/\/www.sitem.fr\/en\/wp-json\/wp\/v2\/posts\/12974\/revisions\/12978"}],"wp:featuredmedia":[{"embeddable":true,"href":"https:\/\/www.sitem.fr\/en\/wp-json\/wp\/v2\/media\/12976"}],"wp:attachment":[{"href":"https:\/\/www.sitem.fr\/en\/wp-json\/wp\/v2\/media?parent=12974"}],"wp:term":[{"taxonomy":"category","embeddable":true,"href":"https:\/\/www.sitem.fr\/en\/wp-json\/wp\/v2\/categories?post=12974"},{"taxonomy":"post_tag","embeddable":true,"href":"https:\/\/www.sitem.fr\/en\/wp-json\/wp\/v2\/tags?post=12974"}],"curies":[{"name":"wp","href":"https:\/\/api.w.org\/{rel}","templated":true}]}}