{"id":12984,"date":"2019-12-11T19:06:20","date_gmt":"2019-12-11T18:06:20","guid":{"rendered":"https:\/\/www.sitem.fr\/?p=12984"},"modified":"2019-12-12T12:13:55","modified_gmt":"2019-12-12T11:13:55","slug":"le-chainon-manquant-a-negocie-les-droits-pour-lexposition-van-cleef-arpels-a-milan","status":"publish","type":"post","link":"https:\/\/www.sitem.fr\/en\/le-chainon-manquant-a-negocie-les-droits-pour-lexposition-van-cleef-arpels-a-milan\/","title":{"rendered":"Le Cha\u00eenon Manquant a n\u00e9goci\u00e9 les droits pour l\u2019exposition Van Cleef &#038; Arpels \u00e0 Milan"},"content":{"rendered":"<p><strong>L\u2019exposition \u00ab\u00a0Van Cleef &amp; Arpels\u00a0: il Tempo, la Natura, l\u2019Amore\u00a0\u00bb pr\u00e9sente bijoux et illustrations au Palazzo Reale de Milan du 30 novembre 2019 au 23 f\u00e9vrier 2020.<\/strong><\/p>\n<p>L\u2019exposition retrace l\u2019histoire de la Maison parisienne en 400 bijoux et montres.<\/p>\n<p><a href=\"https:\/\/lechainonmanquant.com\/prestations.html\">Le Cha\u00eenon Manquant<\/a>\u00a0avait pour mission de n\u00e9gocier les droits de plusieurs types d\u2019\u00e9l\u00e9ments de l\u2019exposition.<\/p>\n<p>Tout d\u2019abord, il s\u2019agissait de n\u00e9gocier l\u2019utilisation de 17 citations d\u2019Italo Calvino pour les panneaux de l\u2019exposition, pour le catalogue, et pour le mat\u00e9riel de visite (application, site internet, livrets), en langue originale, et dans leurs traductions en anglais, en fran\u00e7ais et en chinois.<\/p>\n<p>Par ailleurs, <a href=\"https:\/\/lechainonmanquant.com\/prestations.html\">Le Cha\u00eenon Manquant<\/a> a aussi recherch\u00e9 les ayants droit d\u2019affiches et publicit\u00e9s anciennes du joailler, et n\u00e9goci\u00e9 les autorisations pour cette nouvelle exploitation.<\/p>\n<p>Enfin, <a href=\"https:\/\/lechainonmanquant.com\/prestations.html\">Le Cha\u00eenon Manquant<\/a> a n\u00e9goci\u00e9 les droits d\u2019auteur et les droits \u00e0 l\u2019image d\u2019anciennes photographies de personnalit\u00e9s portant certains des bijoux expos\u00e9s.<\/p>\n<p>Consultez la fiche prestataire du Cha\u00eenon Manquant sur notre site <a href=\"http:\/\/www.museumexperts.com\/nos_services\/annuaire\/prestataire\/5050\">ICI<\/a><\/p>\n<p><a href=\"https:\/\/www.sitem.fr\/wp-content\/uploads\/2019\/12\/Capture-d\u2019e\u0301cran-2019-12-12-a\u0300-11.43.01.png\"><img loading=\"lazy\" decoding=\"async\" class=\"size-full wp-image-13013 alignleft\" src=\"https:\/\/www.sitem.fr\/wp-content\/uploads\/2019\/12\/Capture-d\u2019e\u0301cran-2019-12-12-a\u0300-11.43.01.png\" alt=\"\" width=\"375\" height=\"129\" srcset=\"https:\/\/www.sitem.fr\/wp-content\/uploads\/2019\/12\/Capture-d\u2019e\u0301cran-2019-12-12-a\u0300-11.43.01.png 375w, https:\/\/www.sitem.fr\/wp-content\/uploads\/2019\/12\/Capture-d\u2019e\u0301cran-2019-12-12-a\u0300-11.43.01-300x103.png 300w\" sizes=\"auto, (max-width: 375px) 100vw, 375px\" \/><\/a><\/p>\n","protected":false},"excerpt":{"rendered":"L\u2019exposition \u00ab\u00a0Van Cleef &amp; Arpels\u00a0: il Tempo, la Natura, l\u2019Amore\u00a0\u00bb pr\u00e9sente bijoux et illustrations au Palazzo Reale de Milan du 30 novembre 2019 au 23 f\u00e9vrier 2020. L\u2019exposition retrace l\u2019histoire de la Maison parisienne en 400 bijoux et montres. Le Cha\u00eenon Manquant\u00a0avait pour mission de n\u00e9gocier les droits de plusieurs types d\u2019\u00e9l\u00e9ments de l\u2019exposition. Tout&#8230; <br><a class=\"readm\" href=\"https:\/\/www.sitem.fr\/en\/le-chainon-manquant-a-negocie-les-droits-pour-lexposition-van-cleef-arpels-a-milan\/\">Read more<\/a>","protected":false},"author":2,"featured_media":13013,"comment_status":"open","ping_status":"open","sticky":false,"template":"","format":"standard","meta":{"_acf_changed":false,"footnotes":""},"categories":[901,1,1034],"tags":[1041,53,536,1038,1040,1039],"class_list":["post-12984","post","type-post","status-publish","format-standard","has-post-thumbnail","hentry","category-droits-des-oeuvres","category-non-classifiee","category-oeuvres","tag-droit-des-oeuvres","tag-exposition","tag-le-chainon-manquant","tag-milan","tag-negociation","tag-palazzo-reale"],"acf":[],"_links":{"self":[{"href":"https:\/\/www.sitem.fr\/en\/wp-json\/wp\/v2\/posts\/12984","targetHints":{"allow":["GET"]}}],"collection":[{"href":"https:\/\/www.sitem.fr\/en\/wp-json\/wp\/v2\/posts"}],"about":[{"href":"https:\/\/www.sitem.fr\/en\/wp-json\/wp\/v2\/types\/post"}],"author":[{"embeddable":true,"href":"https:\/\/www.sitem.fr\/en\/wp-json\/wp\/v2\/users\/2"}],"replies":[{"embeddable":true,"href":"https:\/\/www.sitem.fr\/en\/wp-json\/wp\/v2\/comments?post=12984"}],"version-history":[{"count":10,"href":"https:\/\/www.sitem.fr\/en\/wp-json\/wp\/v2\/posts\/12984\/revisions"}],"predecessor-version":[{"id":13026,"href":"https:\/\/www.sitem.fr\/en\/wp-json\/wp\/v2\/posts\/12984\/revisions\/13026"}],"wp:featuredmedia":[{"embeddable":true,"href":"https:\/\/www.sitem.fr\/en\/wp-json\/wp\/v2\/media\/13013"}],"wp:attachment":[{"href":"https:\/\/www.sitem.fr\/en\/wp-json\/wp\/v2\/media?parent=12984"}],"wp:term":[{"taxonomy":"category","embeddable":true,"href":"https:\/\/www.sitem.fr\/en\/wp-json\/wp\/v2\/categories?post=12984"},{"taxonomy":"post_tag","embeddable":true,"href":"https:\/\/www.sitem.fr\/en\/wp-json\/wp\/v2\/tags?post=12984"}],"curies":[{"name":"wp","href":"https:\/\/api.w.org\/{rel}","templated":true}]}}