{"id":1301,"date":"2013-09-18T10:20:21","date_gmt":"2013-09-18T08:20:21","guid":{"rendered":"https:\/\/www.sitem.fr\/?p=1301"},"modified":"2018-10-08T17:25:45","modified_gmt":"2018-10-08T15:25:45","slug":"lagence-point-de-fuite-signe-la-signaletique-de-la-maison-natale-de-victor-hugo","status":"publish","type":"post","link":"https:\/\/www.sitem.fr\/en\/lagence-point-de-fuite-signe-la-signaletique-de-la-maison-natale-de-victor-hugo\/","title":{"rendered":"L&#8217;agence Point de Fuite signe la signal\u00e9tique de la Maison natale de Victor Hugo."},"content":{"rendered":"<p>&nbsp;<\/p>\n<div id=\"attachment_1303\" style=\"width: 310px\" class=\"wp-caption alignleft\"><img loading=\"lazy\" decoding=\"async\" aria-describedby=\"caption-attachment-1303\" class=\"size-medium wp-image-1303 \" alt=\"\u00a9 agence Point de Fuite\" src=\"https:\/\/www.sitem.fr\/wp-content\/uploads\/2013\/09\/PointDeFuite_MaisonVictorHugo1_Museumexperts-300x259.jpg\" width=\"300\" height=\"259\" srcset=\"https:\/\/www.sitem.fr\/wp-content\/uploads\/2013\/09\/PointDeFuite_MaisonVictorHugo1_Museumexperts-300x259.jpg 300w, https:\/\/www.sitem.fr\/wp-content\/uploads\/2013\/09\/PointDeFuite_MaisonVictorHugo1_Museumexperts-600x518.jpg 600w, https:\/\/www.sitem.fr\/wp-content\/uploads\/2013\/09\/PointDeFuite_MaisonVictorHugo1_Museumexperts.jpg 787w\" sizes=\"auto, (max-width: 300px) 100vw, 300px\" \/><p id=\"caption-attachment-1303\" class=\"wp-caption-text\">\u00a9 agence Point de Fuite<\/p><\/div>\n<p>La Maison Natale de Victor Hugo, \u00e0 Besan\u00e7on (Doubs), a \u00e9t\u00e9 inaugur\u00e9e le 13 septembre 2013.<\/p>\n<p>Le parti-pris pour la signal\u00e9tique, r\u00e9solument moderne, est une association dos\u00e9e d&#8217;iconographie, de citations de Victor Hugo et de textes de m\u00e9diations.<br \/>\nLes ambiances color\u00e9es sont d\u00e9clin\u00e9es en fonction des th\u00e9matiques.<\/p>\n<div id=\"attachment_1305\" style=\"width: 310px\" class=\"wp-caption alignnone\"><a href=\"https:\/\/www.sitem.fr\/wp-content\/uploads\/2013\/09\/PointDeFuite_MaisonVictorHugo2_Museumexperts.jpg\"><img loading=\"lazy\" decoding=\"async\" aria-describedby=\"caption-attachment-1305\" class=\"size-medium wp-image-1305 \" alt=\"\u00a9 agence Point de Fuite\" src=\"https:\/\/www.sitem.fr\/wp-content\/uploads\/2013\/09\/PointDeFuite_MaisonVictorHugo2_Museumexperts-300x225.jpg\" width=\"300\" height=\"225\" srcset=\"https:\/\/www.sitem.fr\/wp-content\/uploads\/2013\/09\/PointDeFuite_MaisonVictorHugo2_Museumexperts-300x225.jpg 300w, https:\/\/www.sitem.fr\/wp-content\/uploads\/2013\/09\/PointDeFuite_MaisonVictorHugo2_Museumexperts-600x451.jpg 600w, https:\/\/www.sitem.fr\/wp-content\/uploads\/2013\/09\/PointDeFuite_MaisonVictorHugo2_Museumexperts-586x440.jpg 586w, https:\/\/www.sitem.fr\/wp-content\/uploads\/2013\/09\/PointDeFuite_MaisonVictorHugo2_Museumexperts-768x577.jpg 768w, https:\/\/www.sitem.fr\/wp-content\/uploads\/2013\/09\/PointDeFuite_MaisonVictorHugo2_Museumexperts-80x60.jpg 80w, https:\/\/www.sitem.fr\/wp-content\/uploads\/2013\/09\/PointDeFuite_MaisonVictorHugo2_Museumexperts.jpg 787w\" sizes=\"auto, (max-width: 300px) 100vw, 300px\" \/><\/a><p id=\"caption-attachment-1305\" class=\"wp-caption-text\">\u00a9 agence Point de Fuite<\/p><\/div>\n<p>Outre la signal\u00e9tique, l&#8217;agence Point de Fuite a \u00e9galement con\u00e7u l&#8217;habillage graphique des cimaises.<\/p>\n<p>Des papiers peints de l&#8217;\u00e9poque ont \u00e9t\u00e9 reconstitu\u00e9s, \u00e0 partir de vestiges ou de gravures d&#8217;\u00e9poque.<\/p>\n<p>L&#8217;agence a \u00e9galement r\u00e9alis\u00e9 des fac-simil\u00e9s dont le registre de naissance de Victor Hugo.<\/p>\n<p>&nbsp;<\/p>\n<p>www.pointdefuite.fr<\/p>\n<p>&nbsp;<\/p>\n<p>&nbsp;<\/p>\n<p>&nbsp;<\/p>\n<p>&nbsp;<\/p>\n<p style=\"text-align: justify;\"><strong>Consultez la <a href=\"http:\/\/www.museumexperts.com\/nos_services\/annuaire\/prestataire\/2465\" target=\"_blank\">Fiche Annuaire<\/a> de POINT DE FUITE<\/strong><\/p>\n","protected":false},"excerpt":{"rendered":"&nbsp; La Maison Natale de Victor Hugo, \u00e0 Besan\u00e7on (Doubs), a \u00e9t\u00e9 inaugur\u00e9e le 13 septembre 2013. Le parti-pris pour la signal\u00e9tique, r\u00e9solument moderne, est une association dos\u00e9e d&#8217;iconographie, de citations de Victor Hugo et de textes de m\u00e9diations. Les ambiances color\u00e9es sont d\u00e9clin\u00e9es en fonction des th\u00e9matiques. Outre la signal\u00e9tique, l&#8217;agence Point de Fuite&#8230; <br><a class=\"readm\" href=\"https:\/\/www.sitem.fr\/en\/lagence-point-de-fuite-signe-la-signaletique-de-la-maison-natale-de-victor-hugo\/\">Read more<\/a>","protected":false},"author":2,"featured_media":1305,"comment_status":"open","ping_status":"open","sticky":false,"template":"","format":"standard","meta":{"_acf_changed":false,"footnotes":""},"categories":[1],"tags":[70,64,165,189],"class_list":["post-1301","post","type-post","status-publish","format-standard","has-post-thumbnail","hentry","category-non-classifiee","tag-agence-point-de-fuite","tag-cimaise","tag-graphisme-de-mediation","tag-victor-hugo"],"acf":[],"_links":{"self":[{"href":"https:\/\/www.sitem.fr\/en\/wp-json\/wp\/v2\/posts\/1301","targetHints":{"allow":["GET"]}}],"collection":[{"href":"https:\/\/www.sitem.fr\/en\/wp-json\/wp\/v2\/posts"}],"about":[{"href":"https:\/\/www.sitem.fr\/en\/wp-json\/wp\/v2\/types\/post"}],"author":[{"embeddable":true,"href":"https:\/\/www.sitem.fr\/en\/wp-json\/wp\/v2\/users\/2"}],"replies":[{"embeddable":true,"href":"https:\/\/www.sitem.fr\/en\/wp-json\/wp\/v2\/comments?post=1301"}],"version-history":[{"count":27,"href":"https:\/\/www.sitem.fr\/en\/wp-json\/wp\/v2\/posts\/1301\/revisions"}],"predecessor-version":[{"id":10891,"href":"https:\/\/www.sitem.fr\/en\/wp-json\/wp\/v2\/posts\/1301\/revisions\/10891"}],"wp:featuredmedia":[{"embeddable":true,"href":"https:\/\/www.sitem.fr\/en\/wp-json\/wp\/v2\/media\/1305"}],"wp:attachment":[{"href":"https:\/\/www.sitem.fr\/en\/wp-json\/wp\/v2\/media?parent=1301"}],"wp:term":[{"taxonomy":"category","embeddable":true,"href":"https:\/\/www.sitem.fr\/en\/wp-json\/wp\/v2\/categories?post=1301"},{"taxonomy":"post_tag","embeddable":true,"href":"https:\/\/www.sitem.fr\/en\/wp-json\/wp\/v2\/tags?post=1301"}],"curies":[{"name":"wp","href":"https:\/\/api.w.org\/{rel}","templated":true}]}}