{"id":13030,"date":"2019-12-18T15:10:45","date_gmt":"2019-12-18T14:10:45","guid":{"rendered":"https:\/\/www.sitem.fr\/?p=13030"},"modified":"2020-01-07T09:38:27","modified_gmt":"2020-01-07T08:38:27","slug":"exposition-la-ou-lame-se-plait-sitem-museva-janvier-2020","status":"publish","type":"post","link":"https:\/\/www.sitem.fr\/en\/exposition-la-ou-lame-se-plait-sitem-museva-janvier-2020\/","title":{"rendered":"Exposition &#8211; &#8220;L\u00e0 o\u00f9 l&#8217;\u00e2me se pla\u00eet&#8221; &#8211; SITEM &#8211; MUSEVA &#8211; JANVIER 2020"},"content":{"rendered":"<p><strong>\u00ab\u00a0L\u00e0 o\u00f9 l\u2019\u00e2me se pla\u00eet\u00a0\u00bb<\/strong><\/p>\n<p>Une exposition d\u2019art contemporain du B\u00e9nin sous le haut patronage de son Excellence Monsieur Ir\u00e9n\u00e9e Bienvenu Zevounou, Ambassadeur du B\u00e9nin aupr\u00e8s de l\u2019UNESCO.<\/p>\n<p>A l\u2019occasion de la 24<sup>\u00e8me<\/sup> \u00e9dition du <a href=\"http:\/\/www.museumexperts.com\/sitem\/visiter\/presentation\"><strong>SITEM<\/strong><\/a> et de la 3<sup>\u00e8me<\/sup> \u00e9dition de <a href=\"http:\/\/www.museumexperts.com\/museva\/visiter\/presentation\"><strong>MUSEVA<\/strong><\/a> 2020, <em>Le Centre<\/em> et le <em>Collectif des Artistes du Centre<\/em> (C.A.C.) pr\u00e9senteront dans le foyer du Carrousel du Louvre une s\u00e9lection d\u2019\u0153uvres d\u2019artistes contemporains du B\u00e9nin.<\/p>\n<p>Cr\u00e9\u00e9 en 2015 \u00e0 Abomey-Calavi (B\u00e9nin) gr\u00e2ce au m\u00e9c\u00e9nat de la Galerie Vallois et du Collectif des Antiquaires de Saint-Germain-des-Pr\u00e9s, <em>Le Centre<\/em> soutient et promeut la jeune g\u00e9n\u00e9ration d\u2019artistes b\u00e9ninois, r\u00e9unie au sein du Collectif des Artistes du Centre (C.A.C.).<\/p>\n<p>Cet espace pluridisciplinaire d\u00e9volu \u00e0 la cr\u00e9ation contemporaine regroupe plusieurs p\u00f4les d\u2019activit\u00e9s culturelles\u00a0: des salles d\u2019expositions, une biblioth\u00e8que, des ateliers de cr\u00e9ation, un espace sc\u00e9nique, ainsi que des maisons ind\u00e9pendantes afin d\u2019accueillir des artistes en r\u00e9sidence.\u00a0 Il a \u00e9t\u00e9 compl\u00e9t\u00e9 en d\u00e9cembre 2015 par la cr\u00e9ation du Petit Mus\u00e9e de la R\u00e9cade qui abrite, gr\u00e2ce aux dons de marchands d\u2019art et de collectionneurs, une importante collection de ces anciens sceptres royaux du Dahomey.<\/p>\n<p>Pour cette nouvelle \u00e9dition du SITEM et de MUSEVA <em>Le Centre<\/em> et le <em>Collectif des Artistes du Centre<\/em> mettront \u00e0 l\u2019honneur le dynamisme et la cr\u00e9ativit\u00e9 de la sc\u00e8ne artistique b\u00e9ninoise en pr\u00e9sentant les \u0153uvres d\u2019une dizaine d\u2019artistes contemporains\u00a0: peintres, dessinateurs, sculpteurs, c\u00e9ramistes\u2026<\/p>\n<p><strong>INFOS PRATIQUES<\/strong> :<\/p>\n<ul>\n<li>Ouverte au public &#8211; Entr\u00e9e Gratuite<\/li>\n<li>28-29-30 janvier 2020<\/li>\n<li>Carrousel du Louvre &#8211; Foyer<\/li>\n<li>99 Rue de Rivoli, 75001 Paris<\/li>\n<li>M\u00e9tro : Lignes 1 &amp; 7 stations Palais Royal &#8211; Mus\u00e9e du Louvre<\/li>\n<li>Bus : Ligne 21, 27, 39, 48, 67, 68, 69, 72, 81, 95 &#8211; Arr\u00eats Palais Royal &#8211; Mus\u00e9e du Louvre Palais &#8211; Com\u00e9die Fran\u00e7aise ou Mus\u00e9e du Louvre<\/li>\n<\/ul>\n<p><a href=\"https:\/\/www.sitem.fr\/wp-content\/uploads\/2019\/12\/visu-expo-bon.png\"><img loading=\"lazy\" decoding=\"async\" class=\"alignright wp-image-13038 size-full\" src=\"https:\/\/www.sitem.fr\/wp-content\/uploads\/2019\/12\/visu-expo-bon.png\" alt=\"\" width=\"800\" height=\"500\" srcset=\"https:\/\/www.sitem.fr\/wp-content\/uploads\/2019\/12\/visu-expo-bon.png 800w, https:\/\/www.sitem.fr\/wp-content\/uploads\/2019\/12\/visu-expo-bon-600x375.png 600w, https:\/\/www.sitem.fr\/wp-content\/uploads\/2019\/12\/visu-expo-bon-680x425.png 680w, https:\/\/www.sitem.fr\/wp-content\/uploads\/2019\/12\/visu-expo-bon-768x480.png 768w, https:\/\/www.sitem.fr\/wp-content\/uploads\/2019\/12\/visu-expo-bon-300x188.png 300w, https:\/\/www.sitem.fr\/wp-content\/uploads\/2019\/12\/visu-expo-bon-222x140.png 222w\" sizes=\"auto, (max-width: 800px) 100vw, 800px\" \/><\/a><\/p>\n","protected":false},"excerpt":{"rendered":"\u00ab\u00a0L\u00e0 o\u00f9 l\u2019\u00e2me se pla\u00eet\u00a0\u00bb Une exposition d\u2019art contemporain du B\u00e9nin sous le haut patronage de son Excellence Monsieur Ir\u00e9n\u00e9e Bienvenu Zevounou, Ambassadeur du B\u00e9nin aupr\u00e8s de l\u2019UNESCO. A l\u2019occasion de la 24\u00e8me \u00e9dition du SITEM et de la 3\u00e8me \u00e9dition de MUSEVA 2020, Le Centre et le Collectif des Artistes du Centre (C.A.C.) pr\u00e9senteront&#8230; <br><a class=\"readm\" href=\"https:\/\/www.sitem.fr\/en\/exposition-la-ou-lame-se-plait-sitem-museva-janvier-2020\/\">Read more<\/a>","protected":false},"author":2,"featured_media":13038,"comment_status":"open","ping_status":"open","sticky":false,"template":"","format":"standard","meta":{"_acf_changed":false,"footnotes":""},"categories":[332],"tags":[1053,53],"class_list":["post-13030","post","type-post","status-publish","format-standard","has-post-thumbnail","hentry","category-galerie","tag-benin","tag-exposition"],"acf":[],"_links":{"self":[{"href":"https:\/\/www.sitem.fr\/en\/wp-json\/wp\/v2\/posts\/13030","targetHints":{"allow":["GET"]}}],"collection":[{"href":"https:\/\/www.sitem.fr\/en\/wp-json\/wp\/v2\/posts"}],"about":[{"href":"https:\/\/www.sitem.fr\/en\/wp-json\/wp\/v2\/types\/post"}],"author":[{"embeddable":true,"href":"https:\/\/www.sitem.fr\/en\/wp-json\/wp\/v2\/users\/2"}],"replies":[{"embeddable":true,"href":"https:\/\/www.sitem.fr\/en\/wp-json\/wp\/v2\/comments?post=13030"}],"version-history":[{"count":5,"href":"https:\/\/www.sitem.fr\/en\/wp-json\/wp\/v2\/posts\/13030\/revisions"}],"predecessor-version":[{"id":13040,"href":"https:\/\/www.sitem.fr\/en\/wp-json\/wp\/v2\/posts\/13030\/revisions\/13040"}],"wp:featuredmedia":[{"embeddable":true,"href":"https:\/\/www.sitem.fr\/en\/wp-json\/wp\/v2\/media\/13038"}],"wp:attachment":[{"href":"https:\/\/www.sitem.fr\/en\/wp-json\/wp\/v2\/media?parent=13030"}],"wp:term":[{"taxonomy":"category","embeddable":true,"href":"https:\/\/www.sitem.fr\/en\/wp-json\/wp\/v2\/categories?post=13030"},{"taxonomy":"post_tag","embeddable":true,"href":"https:\/\/www.sitem.fr\/en\/wp-json\/wp\/v2\/tags?post=13030"}],"curies":[{"name":"wp","href":"https:\/\/api.w.org\/{rel}","templated":true}]}}