{"id":13055,"date":"2020-02-21T11:06:59","date_gmt":"2020-02-21T10:06:59","guid":{"rendered":"https:\/\/www.sitem.fr\/?p=13055"},"modified":"2020-02-21T11:06:59","modified_gmt":"2020-02-21T10:06:59","slug":"mba-france-equipe-le-centre-culturel-canadien-abrite-par-lambassade-du-canada-a-paris-de-ses-cloisons-mila-wall-serie-100","status":"publish","type":"post","link":"https:\/\/www.sitem.fr\/en\/mba-france-equipe-le-centre-culturel-canadien-abrite-par-lambassade-du-canada-a-paris-de-ses-cloisons-mila-wall-serie-100\/","title":{"rendered":"MBA France \u00e9quipe le centre culturel canadien (abrit\u00e9 par l\u2019Ambassade du Canada \u00e0 Paris) de ses cloisons Mila-wall s\u00e9rie 100"},"content":{"rendered":"<p><span style=\"font-size: 16.0pt;\">MBA France \u00e9quipe le centre culturel canadien (abrit\u00e9 par l\u2019Ambassade du Canada \u00e0 Paris) de ses cloisons Mila-wall s\u00e9rie 100 <\/span><\/p>\n<p>Jules L\u00e9ger, Ambassadeur du Canada en France, eut le premier l\u2019id\u00e9e de cr\u00e9er un Centre culturel canadien en France afin de faire d\u00e9couvrir toute la richesse de la diversit\u00e9 de la culture canadienne et ainsi renforcer les liens d\u2019amiti\u00e9 entre le Canada et la France. Le Centre culturel canadien est officiellement inaugur\u00e9 le 2 avril 1970 et \u0153uvre depuis bient\u00f4t un demi-si\u00e8cle au rayonnement de la culture canadienne en France.<\/p>\n<div id=\"attachment_13056\" style=\"width: 4170px\" class=\"wp-caption alignright\"><a href=\"https:\/\/www.sitem.fr\/wp-content\/uploads\/2020\/02\/Photos\u00a9Centre-culturel-canadien-Expo-Elaine-Stocki-1.jpg\"><img loading=\"lazy\" decoding=\"async\" aria-describedby=\"caption-attachment-13056\" class=\"wp-image-13056 size-full\" src=\"https:\/\/www.sitem.fr\/wp-content\/uploads\/2020\/02\/Photos\u00a9Centre-culturel-canadien-Expo-Elaine-Stocki-1.jpg\" alt=\"\" width=\"4160\" height=\"2768\" \/><\/a><p id=\"caption-attachment-13056\" class=\"wp-caption-text\">Photo \u00a9 Centre culturel canadien, 2019<\/p><\/div>\n<p>D\u2019abord \u00e9tabli sur l\u2019Esplanade des Invalides dans le 7\u00e8me\u00a0arrondissement de Paris, le Centre a d\u00e9m\u00e9nag\u00e9 au printemps 2018 au 130, rue du Faubourg Saint-Honor\u00e9 dans le 8\u00e8me\u00a0arrondissement de Paris dans un immeuble post-haussmannien r\u00e9habilit\u00e9 par les architectes canadien et fran\u00e7ais Julian Smith et Jean-Paul Viguier. Int\u00e9gr\u00e9 \u00e0 l\u2019Ambassade du Canada, c\u2019est dans ce cadre unique que prennent vie des rencontres artistiques privil\u00e9gi\u00e9es entre le Canada et la France, notamment dans la galerie d\u2019art sous verri\u00e8re de 160m2.<\/p>\n<p>C\u2019est \u00e0 cette occasion qu\u2019MBA France a eu le privil\u00e8ge d\u2019\u00e9quiper le Centre Culturel en cloisons Mila-wall s\u00e9rie 100 (dot\u00e9es du fameux cadre en aluminium pour une durabilit\u00e9 sans pr\u00e9c\u00e9dent) de 3.50m de haut.<\/p>\n<p>Le Centre culturel canadien est \u00e9galement un membre actif du <a href=\"https:\/\/www.ficep.info\/\">Forum des instituts culturels \u00e9trangers \u00e0 Paris (FICEP)<\/a> depuis sa cr\u00e9ation en 2002.<\/p>\n<div id=\"attachment_13057\" style=\"width: 4170px\" class=\"wp-caption alignright\"><a href=\"https:\/\/www.sitem.fr\/wp-content\/uploads\/2020\/02\/Photos\u00a9Centre-culturel-canadien-Expo-Elaine-Stocki-2.jpg\"><img loading=\"lazy\" decoding=\"async\" aria-describedby=\"caption-attachment-13057\" class=\"wp-image-13057 size-full\" src=\"https:\/\/www.sitem.fr\/wp-content\/uploads\/2020\/02\/Photos\u00a9Centre-culturel-canadien-Expo-Elaine-Stocki-2.jpg\" alt=\"\" width=\"4160\" height=\"2768\" \/><\/a><p id=\"caption-attachment-13057\" class=\"wp-caption-text\">Photo \u00a9 Centre culturel canadien, 2019<\/p><\/div>\n","protected":false},"excerpt":{"rendered":"MBA France \u00e9quipe le centre culturel canadien (abrit\u00e9 par l\u2019Ambassade du Canada \u00e0 Paris) de ses cloisons Mila-wall s\u00e9rie 100 Jules L\u00e9ger, Ambassadeur du Canada en France, eut le premier l\u2019id\u00e9e de cr\u00e9er un Centre culturel canadien en France afin de faire d\u00e9couvrir toute la richesse de la diversit\u00e9 de la culture canadienne et ainsi&#8230; <br><a class=\"readm\" href=\"https:\/\/www.sitem.fr\/en\/mba-france-equipe-le-centre-culturel-canadien-abrite-par-lambassade-du-canada-a-paris-de-ses-cloisons-mila-wall-serie-100\/\">Read more<\/a>","protected":false},"author":2,"featured_media":13056,"comment_status":"open","ping_status":"open","sticky":false,"template":"","format":"standard","meta":{"_acf_changed":false,"footnotes":""},"categories":[139],"tags":[159,619,14],"class_list":["post-13055","post","type-post","status-publish","format-standard","has-post-thumbnail","hentry","category-cloisons","tag-cloison-modulaire","tag-cloisons-mila-wall","tag-mba-france"],"acf":[],"_links":{"self":[{"href":"https:\/\/www.sitem.fr\/en\/wp-json\/wp\/v2\/posts\/13055","targetHints":{"allow":["GET"]}}],"collection":[{"href":"https:\/\/www.sitem.fr\/en\/wp-json\/wp\/v2\/posts"}],"about":[{"href":"https:\/\/www.sitem.fr\/en\/wp-json\/wp\/v2\/types\/post"}],"author":[{"embeddable":true,"href":"https:\/\/www.sitem.fr\/en\/wp-json\/wp\/v2\/users\/2"}],"replies":[{"embeddable":true,"href":"https:\/\/www.sitem.fr\/en\/wp-json\/wp\/v2\/comments?post=13055"}],"version-history":[{"count":2,"href":"https:\/\/www.sitem.fr\/en\/wp-json\/wp\/v2\/posts\/13055\/revisions"}],"predecessor-version":[{"id":13062,"href":"https:\/\/www.sitem.fr\/en\/wp-json\/wp\/v2\/posts\/13055\/revisions\/13062"}],"wp:featuredmedia":[{"embeddable":true,"href":"https:\/\/www.sitem.fr\/en\/wp-json\/wp\/v2\/media\/13056"}],"wp:attachment":[{"href":"https:\/\/www.sitem.fr\/en\/wp-json\/wp\/v2\/media?parent=13055"}],"wp:term":[{"taxonomy":"category","embeddable":true,"href":"https:\/\/www.sitem.fr\/en\/wp-json\/wp\/v2\/categories?post=13055"},{"taxonomy":"post_tag","embeddable":true,"href":"https:\/\/www.sitem.fr\/en\/wp-json\/wp\/v2\/tags?post=13055"}],"curies":[{"name":"wp","href":"https:\/\/api.w.org\/{rel}","templated":true}]}}