{"id":13081,"date":"2020-02-21T11:32:09","date_gmt":"2020-02-21T10:32:09","guid":{"rendered":"https:\/\/www.sitem.fr\/?p=13081"},"modified":"2020-02-24T10:06:39","modified_gmt":"2020-02-24T09:06:39","slug":"deux-nouvelles-salles-au-musee-antoine-vivenel","status":"publish","type":"post","link":"https:\/\/www.sitem.fr\/en\/deux-nouvelles-salles-au-musee-antoine-vivenel\/","title":{"rendered":"AGENCE POINT DE FUITE : deux nouvelles salles au Mus\u00e9e Antoine Vivenel"},"content":{"rendered":"<p><strong><em>DEUX NOUVELLES SALLES AU MUS\u00c9E ANTOINE VIVENEL<\/em><\/strong><\/p>\n<p><strong><em>Le 14 f\u00e9vrier ont \u00e9t\u00e9 inaugur\u00e9es deux salles d\u2019expositions permanentes au sein du Mus\u00e9e Antoine Vivenel \u00e0 Compi\u00e8gne (60), consacr\u00e9es aux sites arch\u00e9ologiques de Rivecourt et Verberie.<\/em><\/strong><\/p>\n<p><strong><em>Le premier espace transporte les visiteurs il y a 55,5 millions d\u2019ann\u00e9es et expose de nombreux fossiles (esp\u00e8ces aquatiques, faunes, flores), dont un moustique emprisonn\u00e9 dans de l\u2019ambre.<\/em><\/strong><\/p>\n<p><strong><em>Le second propose un regard \u00e0 l\u2019\u00e9poque de la pr\u00e9histoire au sein d\u2019un campement temporaire de chasseurs de rennes datant d\u2019environ 10\u2009500 ans avant notre \u00e8re, situ\u00e9 en bordure de l\u2019Oise : en abordant, par exemple, l\u2019am\u00e9nagement de l\u2019espace \u00ab habit\u00e9 \u00bb tel qu\u2019il pouvait se pr\u00e9senter, ou l\u2019atelier de taille de silex et la r\u00e9alisation d\u2019outils et leurs usages.<\/em><\/strong><\/p>\n<p><strong><em>L\u2019agence Point de Fuite a, pour ces deux espaces, con\u00e7u la sc\u00e9nographie, les dispositifs de pr\u00e9sentation et tout l\u2019habillage graphique (panneaux, d\u00e9cors, cartels, etc).<\/em><\/strong><\/p>\n<p><strong><em>La sc\u00e9nographie est tr\u00e8s immersive, m\u00ealant reconstitution \u00e0 l\u2019\u00e9chelle 1 des chasseurs, des rennes, et des esp\u00e8ces existants avant l\u2019apparition de l\u2019homme, mais aussi ludique gr\u00e2ce \u00e0 des manips (d\u00e9couverte de la galerie des monstres par exemple).<\/em><\/strong><\/p>\n<p><strong><em>Un grand mobilier central, de couleur vive, compl\u00e8te le parcours en proposant un regard plus ludique sur la d\u00e9couverte des techniques arch\u00e9ologiques.<\/em><\/strong><\/p>\n<div id=\"attachment_13083\" style=\"width: 3435px\" class=\"wp-caption alignright\"><a href=\"https:\/\/www.sitem.fr\/wp-content\/uploads\/2020\/02\/bandeau-fev-20.jpg\"><img loading=\"lazy\" decoding=\"async\" aria-describedby=\"caption-attachment-13083\" class=\"wp-image-13083 size-full\" src=\"https:\/\/www.sitem.fr\/wp-content\/uploads\/2020\/02\/bandeau-fev-20.jpg\" alt=\"\" width=\"3425\" height=\"1772\" \/><\/a><p id=\"caption-attachment-13083\" class=\"wp-caption-text\">\u00a9 agence Point de Fuite<\/p><\/div>\n<p><strong><em>Fr\u00e9d\u00e9ric Chauvaux signe ici le troisi\u00e8me espace permanent pour le mus\u00e9e Antoine Vivenel, et a d\u00e9j\u00e0 \u00e9t\u00e9 recrut\u00e9 pour la conception de la prochaine salle consacr\u00e9e au site arch\u00e9ologique de Gournay-sur-Aronde (Gaule Celtique).<\/em><\/strong><\/p>\n","protected":false},"excerpt":{"rendered":"DEUX NOUVELLES SALLES AU MUS\u00c9E ANTOINE VIVENEL Le 14 f\u00e9vrier ont \u00e9t\u00e9 inaugur\u00e9es deux salles d\u2019expositions permanentes au sein du Mus\u00e9e Antoine Vivenel \u00e0 Compi\u00e8gne (60), consacr\u00e9es aux sites arch\u00e9ologiques de Rivecourt et Verberie. Le premier espace transporte les visiteurs il y a 55,5 millions d\u2019ann\u00e9es et expose de nombreux fossiles (esp\u00e8ces aquatiques, faunes, flores),&#8230; <br><a class=\"readm\" href=\"https:\/\/www.sitem.fr\/en\/deux-nouvelles-salles-au-musee-antoine-vivenel\/\">Read more<\/a>","protected":false},"author":2,"featured_media":13083,"comment_status":"open","ping_status":"open","sticky":false,"template":"","format":"standard","meta":{"_acf_changed":false,"footnotes":""},"categories":[1],"tags":[70,822,632],"class_list":["post-13081","post","type-post","status-publish","format-standard","has-post-thumbnail","hentry","category-non-classifiee","tag-agence-point-de-fuite","tag-graphisme","tag-scenographie"],"acf":[],"_links":{"self":[{"href":"https:\/\/www.sitem.fr\/en\/wp-json\/wp\/v2\/posts\/13081","targetHints":{"allow":["GET"]}}],"collection":[{"href":"https:\/\/www.sitem.fr\/en\/wp-json\/wp\/v2\/posts"}],"about":[{"href":"https:\/\/www.sitem.fr\/en\/wp-json\/wp\/v2\/types\/post"}],"author":[{"embeddable":true,"href":"https:\/\/www.sitem.fr\/en\/wp-json\/wp\/v2\/users\/2"}],"replies":[{"embeddable":true,"href":"https:\/\/www.sitem.fr\/en\/wp-json\/wp\/v2\/comments?post=13081"}],"version-history":[{"count":4,"href":"https:\/\/www.sitem.fr\/en\/wp-json\/wp\/v2\/posts\/13081\/revisions"}],"predecessor-version":[{"id":13103,"href":"https:\/\/www.sitem.fr\/en\/wp-json\/wp\/v2\/posts\/13081\/revisions\/13103"}],"wp:featuredmedia":[{"embeddable":true,"href":"https:\/\/www.sitem.fr\/en\/wp-json\/wp\/v2\/media\/13083"}],"wp:attachment":[{"href":"https:\/\/www.sitem.fr\/en\/wp-json\/wp\/v2\/media?parent=13081"}],"wp:term":[{"taxonomy":"category","embeddable":true,"href":"https:\/\/www.sitem.fr\/en\/wp-json\/wp\/v2\/categories?post=13081"},{"taxonomy":"post_tag","embeddable":true,"href":"https:\/\/www.sitem.fr\/en\/wp-json\/wp\/v2\/tags?post=13081"}],"curies":[{"name":"wp","href":"https:\/\/api.w.org\/{rel}","templated":true}]}}