{"id":13113,"date":"2020-03-19T15:58:27","date_gmt":"2020-03-19T14:58:27","guid":{"rendered":"https:\/\/www.sitem.fr\/?p=13113"},"modified":"2020-09-22T16:07:06","modified_gmt":"2020-09-22T14:07:06","slug":"correspondances-digitales-organise-un-seminaire-sur-linnovation-pour-les-etablissements-du-reseau-des-musees-et-memoriaux-des-conflits-contemporains","status":"publish","type":"post","link":"https:\/\/www.sitem.fr\/en\/correspondances-digitales-organise-un-seminaire-sur-linnovation-pour-les-etablissements-du-reseau-des-musees-et-memoriaux-des-conflits-contemporains\/","title":{"rendered":"{CORRESPONDANCES DIGITALES] : s\u00e9minaire sur l\u2019innovation pour les \u00e9tablissements du r\u00e9seau des mus\u00e9es et m\u00e9moriaux des conflits contemporains"},"content":{"rendered":"<p>Accueilli \u00e0 Lens fin mars, ce s\u00e9minaire accueillera environ 30 membres de ce r\u00e9seau (Mus\u00e9e de l\u2019Arm\u00e9e, M\u00e9morial de Verdun, Mus\u00e9e national de la Marine\u2026).<\/p>\n<p>La r\u00e9alisation de diff\u00e9rents ateliers au m\u00e9morial\u201814-18 Notre-dame-de-Lorette et au Louvre Lens Vall\u00e9e permettront aux participants d\u2019\u00eatre en capacit\u00e9 \u00e0 la fin de ce s\u00e9minaire\u00a0:<\/p>\n<ul>\n<li><strong>De b\u00e2tir un protocole d\u2019\u00e9valuation<\/strong> pour analyser et identifier les implications mus\u00e9ographiques, sc\u00e9nographiques et de m\u00e9diation li\u00e9es au d\u00e9ploiement d\u2019un dispositif num\u00e9rique,<\/li>\n<li><strong>De cadrer un dispositif num\u00e9rique adapt\u00e9<\/strong> gr\u00e2ce \u00e0 la r\u00e9daction d\u2019un cahier des charges en lien avec les enjeux de leurs \u00e9tablissements et les besoins de leurs publics,<\/li>\n<li><strong>D\u2019identifier et mobiliser un ensemble de partenaires et \/ ou r\u00e9seaux<\/strong> pour contribuer \u00e0 la mise en \u0153uvre et au financement de ce projet.<\/li>\n<\/ul>\n<p><strong><a href=\"http:\/\/www.correspondances.co\">www.correspondances.co<\/a><\/strong><\/p>\n","protected":false},"excerpt":{"rendered":"Accueilli \u00e0 Lens fin mars, ce s\u00e9minaire accueillera environ 30 membres de ce r\u00e9seau (Mus\u00e9e de l\u2019Arm\u00e9e, M\u00e9morial de Verdun, Mus\u00e9e national de la Marine\u2026). La r\u00e9alisation de diff\u00e9rents ateliers au m\u00e9morial\u201814-18 Notre-dame-de-Lorette et au Louvre Lens Vall\u00e9e permettront aux participants d\u2019\u00eatre en capacit\u00e9 \u00e0 la fin de ce s\u00e9minaire\u00a0: De b\u00e2tir un protocole d\u2019\u00e9valuation&#8230; <br><a class=\"readm\" href=\"https:\/\/www.sitem.fr\/en\/correspondances-digitales-organise-un-seminaire-sur-linnovation-pour-les-etablissements-du-reseau-des-musees-et-memoriaux-des-conflits-contemporains\/\">Read more<\/a>","protected":false},"author":2,"featured_media":13114,"comment_status":"open","ping_status":"open","sticky":false,"template":"","format":"standard","meta":{"_acf_changed":false,"footnotes":""},"categories":[140,320],"tags":[561,877,1031],"class_list":["post-13113","post","type-post","status-publish","format-standard","has-post-thumbnail","hentry","category-communication","category-evenement-culturel","tag-correspondances-digitales","tag-accompagnement","tag-seminaire"],"acf":[],"_links":{"self":[{"href":"https:\/\/www.sitem.fr\/en\/wp-json\/wp\/v2\/posts\/13113","targetHints":{"allow":["GET"]}}],"collection":[{"href":"https:\/\/www.sitem.fr\/en\/wp-json\/wp\/v2\/posts"}],"about":[{"href":"https:\/\/www.sitem.fr\/en\/wp-json\/wp\/v2\/types\/post"}],"author":[{"embeddable":true,"href":"https:\/\/www.sitem.fr\/en\/wp-json\/wp\/v2\/users\/2"}],"replies":[{"embeddable":true,"href":"https:\/\/www.sitem.fr\/en\/wp-json\/wp\/v2\/comments?post=13113"}],"version-history":[{"count":2,"href":"https:\/\/www.sitem.fr\/en\/wp-json\/wp\/v2\/posts\/13113\/revisions"}],"predecessor-version":[{"id":25561,"href":"https:\/\/www.sitem.fr\/en\/wp-json\/wp\/v2\/posts\/13113\/revisions\/25561"}],"wp:featuredmedia":[{"embeddable":true,"href":"https:\/\/www.sitem.fr\/en\/wp-json\/wp\/v2\/media\/13114"}],"wp:attachment":[{"href":"https:\/\/www.sitem.fr\/en\/wp-json\/wp\/v2\/media?parent=13113"}],"wp:term":[{"taxonomy":"category","embeddable":true,"href":"https:\/\/www.sitem.fr\/en\/wp-json\/wp\/v2\/categories?post=13113"},{"taxonomy":"post_tag","embeddable":true,"href":"https:\/\/www.sitem.fr\/en\/wp-json\/wp\/v2\/tags?post=13113"}],"curies":[{"name":"wp","href":"https:\/\/api.w.org\/{rel}","templated":true}]}}