{"id":13196,"date":"2020-06-27T17:00:56","date_gmt":"2020-06-27T15:00:56","guid":{"rendered":"https:\/\/www.sitem.fr\/?p=13196"},"modified":"2020-09-22T15:46:37","modified_gmt":"2020-09-22T13:46:37","slug":"les-pratiques-culturelles-des-francais-a-lheure-de-la-pandemie-covid-19-une-etude-gece","status":"publish","type":"post","link":"https:\/\/www.sitem.fr\/en\/les-pratiques-culturelles-des-francais-a-lheure-de-la-pandemie-covid-19-une-etude-gece\/","title":{"rendered":"Les pratiques culturelles des Fran\u00e7ais \u00e0 l&#8217;heure de la pand\u00e9mie COVID-19 : une \u00e9tude GECE."},"content":{"rendered":"<p><strong>Le cabinet GECE<\/strong> a r\u00e9alis\u00e9, \u00e0 la demande de la Cit\u00e9 des Sciences et de l&#8217;Industrie (Universcience) une vaste enqu\u00eate pour \u00e9tudier l&#8217;impact de la crise du COVID-19 sur les pratiques culturelles et de loisirs des Fran\u00e7ais.<\/p>\n<p>Ce travail comporte deux volets\u00a0:<\/p>\n<ul>\n<li>une phase quantitative sur un \u00e9chantillon de 1200 Fran\u00e7ais de 18 ans et plus, interrog\u00e9s entre le 27 et le 30 avril 2020.<\/li>\n<li>une phase qualitative par discussion WhatsApp sur 3 jours avec un \u00e9chantillon de 10 personnes aux pratiques culturelles diversifi\u00e9es et r\u00e9guli\u00e8res.<\/li>\n<\/ul>\n<p>Le confinement, ph\u00e9nom\u00e8ne totalement nouveau, d\u00e9cr\u00e9t\u00e9 pour faire face \u00e0 l&#8217;\u00e9pid\u00e9mie, ne manquait pas de susciter nombres de questions sur son v\u00e9cu par la population , entre autres \u00e0 travers le prisme de la fermeture des lieux culturels fr\u00e9quent\u00e9s habituellement.<\/p>\n<p>A-t-on vu \u00e9merger de nouvelles pratiques culturelles, notamment num\u00e9riques\u00a0?<\/p>\n<p>Ces nouvelles pratiques peuvent-elles se p\u00e9renniser\u00a0?<\/p>\n<p>Comment les Fran\u00e7ais envisagent-ils de retrouver leurs pratiques culturelles ant\u00e9rieures, de fr\u00e9quenter \u00e0 nouveau les \u00e9tablissements culturels, sites patrimoniaux, etc. dans ce contexte pand\u00e9mique\u00a0?<\/p>\n<p>Le confinement est-il toujours synonyme de temps libre, et si oui comment ce gain de temps est-il occup\u00e9\u00a0?<\/p>\n<p>GECE a mis son exp\u00e9rience de 15 ans d&#8217;\u00e9tudes dans le secteur de la Culture au service de cette enqu\u00eate pour livrer des r\u00e9sultats qui apportent quelques \u00e9l\u00e9ments de r\u00e9ponses \u00e0 toutes les questions suscit\u00e9es par cette situation compl\u00e8tement nouvelle tant \u00e0 l&#8217;\u00e9chelle du pays que pour chacun d&#8217;entre nous.<\/p>\n<p>Si vous souhaitez recevoir la synth\u00e8se de l\u2019\u00e9tude (32 pages) et participer au webinaire de pr\u00e9sentation des r\u00e9sultats (courant juillet), veuillez cliquer sur ce lien\u00a0:<\/p>\n<p><strong><u><a href=\"https:\/\/cvip.sphinxonline.net\/SurveyServer\/s\/gece\/LespratiquesculturellesdesFrancais\/questionnaire.htm\">https:\/\/cvip.sphinxonline.net\/SurveyServer\/s\/gece\/LespratiquesculturellesdesFrancais\/questionnaire.htm<\/a><\/u><\/strong><\/p>\n<p>&nbsp;<\/p>\n","protected":false},"excerpt":{"rendered":"Le cabinet GECE a r\u00e9alis\u00e9, \u00e0 la demande de la Cit\u00e9 des Sciences et de l&#8217;Industrie (Universcience) une vaste enqu\u00eate pour \u00e9tudier l&#8217;impact de la crise du COVID-19 sur les pratiques culturelles et de loisirs des Fran\u00e7ais. Ce travail comporte deux volets\u00a0: une phase quantitative sur un \u00e9chantillon de 1200 Fran\u00e7ais de 18 ans et&#8230; <br><a class=\"readm\" href=\"https:\/\/www.sitem.fr\/en\/les-pratiques-culturelles-des-francais-a-lheure-de-la-pandemie-covid-19-une-etude-gece\/\">Read more<\/a>","protected":false},"author":2,"featured_media":13197,"comment_status":"open","ping_status":"open","sticky":false,"template":"","format":"standard","meta":{"_acf_changed":false,"footnotes":""},"categories":[766,1],"tags":[402,1070,879,285],"class_list":["post-13196","post","type-post","status-publish","format-standard","has-post-thumbnail","hentry","category-etudes","category-non-classifiee","tag-cite-des-sciences-et-de-lindustrie","tag-covid-19","tag-etudes-de-publics","tag-gece"],"acf":[],"_links":{"self":[{"href":"https:\/\/www.sitem.fr\/en\/wp-json\/wp\/v2\/posts\/13196","targetHints":{"allow":["GET"]}}],"collection":[{"href":"https:\/\/www.sitem.fr\/en\/wp-json\/wp\/v2\/posts"}],"about":[{"href":"https:\/\/www.sitem.fr\/en\/wp-json\/wp\/v2\/types\/post"}],"author":[{"embeddable":true,"href":"https:\/\/www.sitem.fr\/en\/wp-json\/wp\/v2\/users\/2"}],"replies":[{"embeddable":true,"href":"https:\/\/www.sitem.fr\/en\/wp-json\/wp\/v2\/comments?post=13196"}],"version-history":[{"count":2,"href":"https:\/\/www.sitem.fr\/en\/wp-json\/wp\/v2\/posts\/13196\/revisions"}],"predecessor-version":[{"id":25541,"href":"https:\/\/www.sitem.fr\/en\/wp-json\/wp\/v2\/posts\/13196\/revisions\/25541"}],"wp:featuredmedia":[{"embeddable":true,"href":"https:\/\/www.sitem.fr\/en\/wp-json\/wp\/v2\/media\/13197"}],"wp:attachment":[{"href":"https:\/\/www.sitem.fr\/en\/wp-json\/wp\/v2\/media?parent=13196"}],"wp:term":[{"taxonomy":"category","embeddable":true,"href":"https:\/\/www.sitem.fr\/en\/wp-json\/wp\/v2\/categories?post=13196"},{"taxonomy":"post_tag","embeddable":true,"href":"https:\/\/www.sitem.fr\/en\/wp-json\/wp\/v2\/tags?post=13196"}],"curies":[{"name":"wp","href":"https:\/\/api.w.org\/{rel}","templated":true}]}}