{"id":1386,"date":"2013-09-18T10:30:56","date_gmt":"2013-09-18T08:30:56","guid":{"rendered":"https:\/\/www.sitem.fr\/?p=1386"},"modified":"2013-09-18T10:40:46","modified_gmt":"2013-09-18T08:40:46","slug":"studio-k-realise-25-films-pour-le-musee-d-histoire-de-marseille","status":"publish","type":"post","link":"https:\/\/www.sitem.fr\/en\/studio-k-realise-25-films-pour-le-musee-d-histoire-de-marseille\/","title":{"rendered":"Studio K r\u00e9alise 25 films pour le Mus\u00e9e d&#8217;Histoire de Marseille."},"content":{"rendered":"<div id=\"attachment_1388\" style=\"width: 310px\" class=\"wp-caption alignleft\"><img loading=\"lazy\" decoding=\"async\" aria-describedby=\"caption-attachment-1388\" class=\"size-medium wp-image-1388\" alt=\"Marseille avant Marseille \u00a9 Studio K\" src=\"https:\/\/www.sitem.fr\/wp-content\/uploads\/2013\/09\/StudioK_Marseille-avant-Marseille_005705_Museumexperts-300x168.jpg\" width=\"300\" height=\"168\" srcset=\"https:\/\/www.sitem.fr\/wp-content\/uploads\/2013\/09\/StudioK_Marseille-avant-Marseille_005705_Museumexperts-300x168.jpg 300w, https:\/\/www.sitem.fr\/wp-content\/uploads\/2013\/09\/StudioK_Marseille-avant-Marseille_005705_Museumexperts-scaled-600x338.jpg 600w, https:\/\/www.sitem.fr\/wp-content\/uploads\/2013\/09\/StudioK_Marseille-avant-Marseille_005705_Museumexperts-680x383.jpg 680w, https:\/\/www.sitem.fr\/wp-content\/uploads\/2013\/09\/StudioK_Marseille-avant-Marseille_005705_Museumexperts-1024x576.jpg 1024w, https:\/\/www.sitem.fr\/wp-content\/uploads\/2013\/09\/StudioK_Marseille-avant-Marseille_005705_Museumexperts-768x432.jpg 768w, https:\/\/www.sitem.fr\/wp-content\/uploads\/2013\/09\/StudioK_Marseille-avant-Marseille_005705_Museumexperts-1536x864.jpg 1536w, https:\/\/www.sitem.fr\/wp-content\/uploads\/2013\/09\/StudioK_Marseille-avant-Marseille_005705_Museumexperts-2048x1152.jpg 2048w\" sizes=\"auto, (max-width: 300px) 100vw, 300px\" \/><p id=\"caption-attachment-1388\" class=\"wp-caption-text\">Marseille avant Marseille \u00a9 Studio K<\/p><\/div>\n<p>Pour le Mus\u00e9e d&#8217;Histoire de Marseille r\u00e9nov\u00e9, Studio K a r\u00e9alis\u00e9 25 films dont un spectacle in\u00e9dit sur la Grotte Cosquer et le bassin marseillais (&#8220;Marseille avant Marseille&#8221;). Les films tiennent chacun une place fondamentale dans le parcours mus\u00e9al, faisant parfois partie int\u00e9grante de la proposition sc\u00e9nographique d&#8217;Adeline Rispal.<\/p>\n<p>&nbsp;<\/p>\n<p>&nbsp;<\/p>\n<div id=\"attachment_1389\" style=\"width: 310px\" class=\"wp-caption alignleft\"><a href=\"https:\/\/www.sitem.fr\/wp-content\/uploads\/2013\/09\/StudioK_MarseilleAvantMarseille_007601_Museumexperts.jpg\"><img loading=\"lazy\" decoding=\"async\" aria-describedby=\"caption-attachment-1389\" class=\"size-medium wp-image-1389 \" alt=\"Marseille avant Marseille \u00a9 Studio K\" src=\"https:\/\/www.sitem.fr\/wp-content\/uploads\/2013\/09\/StudioK_MarseilleAvantMarseille_007601_Museumexperts-300x168.jpg\" width=\"300\" height=\"168\" srcset=\"https:\/\/www.sitem.fr\/wp-content\/uploads\/2013\/09\/StudioK_MarseilleAvantMarseille_007601_Museumexperts-300x168.jpg 300w, https:\/\/www.sitem.fr\/wp-content\/uploads\/2013\/09\/StudioK_MarseilleAvantMarseille_007601_Museumexperts-600x338.jpg 600w, https:\/\/www.sitem.fr\/wp-content\/uploads\/2013\/09\/StudioK_MarseilleAvantMarseille_007601_Museumexperts-1024x576.jpg 1024w\" sizes=\"auto, (max-width: 300px) 100vw, 300px\" \/><\/a><p id=\"caption-attachment-1389\" class=\"wp-caption-text\">Marseille avant Marseille \u00a9 Studio K<\/p><\/div>\n<p>De l&#8217;interview aux reconstitutions hyperr\u00e9alistes, en passant par le motion design, toutes les techniques actuelles les plus \u00e9volu\u00e9es sont employ\u00e9es pour raconter l&#8217;histoire de la plus ancienne ville de France. Quand commence t-elle ? Le spectacle introductif &#8220;Marseille avant Marseille&#8221; nous le d\u00e9voile.<\/p>\n<p>&nbsp;<\/p>\n<p>&nbsp;<\/p>\n<div id=\"attachment_1487\" style=\"width: 410px\" class=\"wp-caption aligncenter\"><img loading=\"lazy\" decoding=\"async\" aria-describedby=\"caption-attachment-1487\" class=\"size-full wp-image-1487\" alt=\"Lors de l'inauguration du Mus\u00e9e d'Histoire de Marseille \u00a9 Studio K\" src=\"https:\/\/www.sitem.fr\/wp-content\/uploads\/2013\/09\/StudioK_PhotoInaugurationMuseeHistoireMarseille_Museumexperts.jpg\" width=\"400\" height=\"284\" srcset=\"https:\/\/www.sitem.fr\/wp-content\/uploads\/2013\/09\/StudioK_PhotoInaugurationMuseeHistoireMarseille_Museumexperts.jpg 400w, https:\/\/www.sitem.fr\/wp-content\/uploads\/2013\/09\/StudioK_PhotoInaugurationMuseeHistoireMarseille_Museumexperts-300x213.jpg 300w\" sizes=\"auto, (max-width: 400px) 100vw, 400px\" \/><p id=\"caption-attachment-1487\" class=\"wp-caption-text\">Lors de l&#8217;inauguration du Mus\u00e9e d&#8217;Histoire de Marseille \u00a9 Studio K<\/p><\/div>\n<p>Studio K a remport\u00e9 l&#8217;appel d&#8217;offres de conception multim\u00e9dia lanc\u00e9 par Rennes M\u00e9tropole pour une future exposition.\u00a0Studio K assurera ainsi la conception multim\u00e9dia de l&#8217;exposition &#8220;Cochon&#8221;, qui aura lieu au printemps 2014 \u00e0 l&#8217;\u00c9comus\u00e9e du Pays de Rennes.\u00a0 L&#8217;exposition abordera notamment les aspects soci\u00e9taux et environnementaux li\u00e9s au porcin et \u00e0 son \u00e9levage. La sc\u00e9nographe est Claire Alban-Roscian.<\/p>\n<p><a href=\"http:\/\/www.studio-k.fr\/\" target=\"_blank\">www.studio-k.fr<br \/>\n<\/a><a href=\"http:\/\/www.musee-bretagne.fr\" target=\"_blank\">www.musee-bretagne.fr<br \/>\n<\/a><a href=\"http:\/\/www.marseille.fr\/siteculture\/jsp\/site\/Portal.jsp?page_id=57\" target=\"_blank\">www.marseille.fr\/siteculture\/jsp\/site\/Portal.jsp?page_id=57<\/a><\/p>\n<p><strong>Consultez la Fiche Annuaire de STUDIO K :<\/strong><br \/>\n<a href=\"http:\/\/www.museumexperts.com\/annuaire\/prestataire\/5404\" target=\"_blank\">www.museumexperts.com\/annuaire\/prestataire\/5404<\/a><\/p>\n","protected":false},"excerpt":{"rendered":"Pour le Mus\u00e9e d&#8217;Histoire de Marseille r\u00e9nov\u00e9, Studio K a r\u00e9alis\u00e9 25 films dont un spectacle in\u00e9dit sur la Grotte Cosquer et le bassin marseillais (&#8220;Marseille avant Marseille&#8221;). Les films tiennent chacun une place fondamentale dans le parcours mus\u00e9al, faisant parfois partie int\u00e9grante de la proposition sc\u00e9nographique d&#8217;Adeline Rispal. &nbsp; &nbsp; De l&#8217;interview aux reconstitutions&#8230; <br><a class=\"readm\" href=\"https:\/\/www.sitem.fr\/en\/studio-k-realise-25-films-pour-le-musee-d-histoire-de-marseille\/\">Read more<\/a>","protected":false},"author":2,"featured_media":1388,"comment_status":"open","ping_status":"open","sticky":false,"template":"","format":"standard","meta":{"_acf_changed":false,"footnotes":""},"categories":[137],"tags":[191,33,192,125],"class_list":["post-1386","post","type-post","status-publish","format-standard","has-post-thumbnail","hentry","category-audiovisuel-multimedia","tag-films","tag-multimedia","tag-musee-dhistoire-de-marseille","tag-studio-k"],"acf":[],"_links":{"self":[{"href":"https:\/\/www.sitem.fr\/en\/wp-json\/wp\/v2\/posts\/1386","targetHints":{"allow":["GET"]}}],"collection":[{"href":"https:\/\/www.sitem.fr\/en\/wp-json\/wp\/v2\/posts"}],"about":[{"href":"https:\/\/www.sitem.fr\/en\/wp-json\/wp\/v2\/types\/post"}],"author":[{"embeddable":true,"href":"https:\/\/www.sitem.fr\/en\/wp-json\/wp\/v2\/users\/2"}],"replies":[{"embeddable":true,"href":"https:\/\/www.sitem.fr\/en\/wp-json\/wp\/v2\/comments?post=1386"}],"version-history":[{"count":19,"href":"https:\/\/www.sitem.fr\/en\/wp-json\/wp\/v2\/posts\/1386\/revisions"}],"predecessor-version":[{"id":1490,"href":"https:\/\/www.sitem.fr\/en\/wp-json\/wp\/v2\/posts\/1386\/revisions\/1490"}],"wp:featuredmedia":[{"embeddable":true,"href":"https:\/\/www.sitem.fr\/en\/wp-json\/wp\/v2\/media\/1388"}],"wp:attachment":[{"href":"https:\/\/www.sitem.fr\/en\/wp-json\/wp\/v2\/media?parent=1386"}],"wp:term":[{"taxonomy":"category","embeddable":true,"href":"https:\/\/www.sitem.fr\/en\/wp-json\/wp\/v2\/categories?post=1386"},{"taxonomy":"post_tag","embeddable":true,"href":"https:\/\/www.sitem.fr\/en\/wp-json\/wp\/v2\/tags?post=1386"}],"curies":[{"name":"wp","href":"https:\/\/api.w.org\/{rel}","templated":true}]}}