{"id":1423,"date":"2013-09-18T10:24:47","date_gmt":"2013-09-18T08:24:47","guid":{"rendered":"https:\/\/www.sitem.fr\/?p=1423"},"modified":"2013-12-02T14:31:36","modified_gmt":"2013-12-02T13:31:36","slug":"tkgeo-sonorise-air-renaissance","status":"publish","type":"post","link":"https:\/\/www.sitem.fr\/en\/tkgeo-sonorise-air-renaissance\/","title":{"rendered":"TKGeo sonorise &#8220;Un air de Renaissance&#8221;."},"content":{"rendered":"<p><img loading=\"lazy\" decoding=\"async\" class=\"alignleft size-full wp-image-1425\" alt=\"TKGeo_Affiche_UnAirDeRenaissance_Museumexperts\" src=\"https:\/\/www.sitem.fr\/wp-content\/uploads\/2013\/09\/TKGeo_Affiche_UnAirDeRenaissance_Museumexperts.jpg\" width=\"129\" height=\"195\" \/>La musique de la Renaissance n\u2019avait pas encore fait l\u2019objet d\u2019une grande exposition.\u00a0 Depuis le 11 septembre, elle est mise \u00e0 l&#8217;honneur au Ch\u00e2teau d&#8217;\u00c9couen, \u00e0 travers l&#8217;exposition &#8220;Un air de Renaissance &#8211; La Musique au XVIe si\u00e8cle&#8221;, jusqu&#8217;au 6 janvier 2014. Elle est organis\u00e9e par le Mus\u00e9e national de la Renaissance et la R\u00e9union des Mus\u00e9es Nationaux-Grand Palais.<\/p>\n<p>TKGeo a sonoris\u00e9 l&#8217;exposition avec des haut-parleurs directionnels Flatphone \u00ae.<br \/>\nIls permettent une restitution exacte des \u00e9l\u00e9ments musicaux tout en confinant leur diffusion dans des espaces bien d\u00e9limit\u00e9s.<\/p>\n<p style=\"text-align: center;\"><img loading=\"lazy\" decoding=\"async\" class=\"aligncenter size-medium wp-image-1427\" alt=\"TKGeo_visuels_flatphone_Museumexperts\" src=\"https:\/\/www.sitem.fr\/wp-content\/uploads\/2013\/09\/TKGeo_visuels_flatphone_Museumexperts-300x215.jpg\" width=\"300\" height=\"215\" srcset=\"https:\/\/www.sitem.fr\/wp-content\/uploads\/2013\/09\/TKGeo_visuels_flatphone_Museumexperts-300x215.jpg 300w, https:\/\/www.sitem.fr\/wp-content\/uploads\/2013\/09\/TKGeo_visuels_flatphone_Museumexperts.jpg 453w\" sizes=\"auto, (max-width: 300px) 100vw, 300px\" \/><\/p>\n<p><a href=\"http:\/\/www.flatphone.fr\" target=\"_blank\">www.flatphone.fr<br \/>\n<\/a><a href=\"http:\/\/www.tkgeo.com\" target=\"_blank\">www.tkgeo.com<\/a><\/p>\n<p><strong>Consultez la Fiche Annuaire de TKGEO : <\/strong><br \/>\n<a href=\"http:\/\/www.museumexperts.com\/annuaire\/prestataire\/3021\" target=\"_blank\">www.museumexperts.com\/annuaire\/prestataire\/3021<\/a><\/p>\n","protected":false},"excerpt":{"rendered":"La musique de la Renaissance n\u2019avait pas encore fait l\u2019objet d\u2019une grande exposition.\u00a0 Depuis le 11 septembre, elle est mise \u00e0 l&#8217;honneur au Ch\u00e2teau d&#8217;\u00c9couen, \u00e0 travers l&#8217;exposition &#8220;Un air de Renaissance &#8211; La Musique au XVIe si\u00e8cle&#8221;, jusqu&#8217;au 6 janvier 2014. Elle est organis\u00e9e par le Mus\u00e9e national de la Renaissance et la R\u00e9union&#8230; <br><a class=\"readm\" href=\"https:\/\/www.sitem.fr\/en\/tkgeo-sonorise-air-renaissance\/\">Read more<\/a>","protected":false},"author":2,"featured_media":1475,"comment_status":"open","ping_status":"open","sticky":false,"template":"","format":"standard","meta":{"_acf_changed":false,"footnotes":""},"categories":[154],"tags":[38,39,194,36],"class_list":["post-1423","post","type-post","status-publish","format-standard","has-post-thumbnail","hentry","category-son-2","tag-flatphone","tag-installation-sonore","tag-musique","tag-tkgeo"],"acf":[],"_links":{"self":[{"href":"https:\/\/www.sitem.fr\/en\/wp-json\/wp\/v2\/posts\/1423","targetHints":{"allow":["GET"]}}],"collection":[{"href":"https:\/\/www.sitem.fr\/en\/wp-json\/wp\/v2\/posts"}],"about":[{"href":"https:\/\/www.sitem.fr\/en\/wp-json\/wp\/v2\/types\/post"}],"author":[{"embeddable":true,"href":"https:\/\/www.sitem.fr\/en\/wp-json\/wp\/v2\/users\/2"}],"replies":[{"embeddable":true,"href":"https:\/\/www.sitem.fr\/en\/wp-json\/wp\/v2\/comments?post=1423"}],"version-history":[{"count":7,"href":"https:\/\/www.sitem.fr\/en\/wp-json\/wp\/v2\/posts\/1423\/revisions"}],"predecessor-version":[{"id":2205,"href":"https:\/\/www.sitem.fr\/en\/wp-json\/wp\/v2\/posts\/1423\/revisions\/2205"}],"wp:featuredmedia":[{"embeddable":true,"href":"https:\/\/www.sitem.fr\/en\/wp-json\/wp\/v2\/media\/1475"}],"wp:attachment":[{"href":"https:\/\/www.sitem.fr\/en\/wp-json\/wp\/v2\/media?parent=1423"}],"wp:term":[{"taxonomy":"category","embeddable":true,"href":"https:\/\/www.sitem.fr\/en\/wp-json\/wp\/v2\/categories?post=1423"},{"taxonomy":"post_tag","embeddable":true,"href":"https:\/\/www.sitem.fr\/en\/wp-json\/wp\/v2\/tags?post=1423"}],"curies":[{"name":"wp","href":"https:\/\/api.w.org\/{rel}","templated":true}]}}