{"id":1505,"date":"2013-09-18T10:33:42","date_gmt":"2013-09-18T08:33:42","guid":{"rendered":"https:\/\/www.sitem.fr\/?p=1505"},"modified":"2013-10-23T15:14:19","modified_gmt":"2013-10-23T13:14:19","slug":"le-studio-adeline-rispal-signe-museographie-du-musee-dhistoire-marseille","status":"publish","type":"post","link":"https:\/\/www.sitem.fr\/en\/le-studio-adeline-rispal-signe-museographie-du-musee-dhistoire-marseille\/","title":{"rendered":"Le Studio Adeline Rispal signe la mus\u00e9ographie du Mus\u00e9e d&#8217;Histoire de Marseille."},"content":{"rendered":"<p>Le nouveau Mus\u00e9e d&#8217;Histoire de Marseille (Centre Bourse) a ouvert ses portes au public le 13 septembre 2013, dans le cadre de Marseille Provence 2013, Capitale Europ\u00e9enne de la Culture.<\/p>\n<p>Le Studio Adeline Rispal a con\u00e7u la mus\u00e9ographie de l&#8217;exposition permanente, en partenariat avec le groupement L\u00e9on Grosse et Carta Associes.\u00a0 R\u00e9nov\u00e9 et agrandi, le mus\u00e9e est d\u00e9sormais dot\u00e9 d&#8217;une surface d&#8217;exposition permanente de 3 250 m2 sur une superficie totale de 6 300\u00a0 m2. Les vestiges issus des fouilles arch\u00e9ologiques du site de la Bourse, qui avaient mis au jour\u00a0le port antique &#8211; dont la fameuse \u00e9pave &#8211; sont au c\u0153ur du dispositif mus\u00e9al et mus\u00e9ographique.<\/p>\n<div id=\"attachment_1517\" style=\"width: 410px\" class=\"wp-caption aligncenter\"><a href=\"https:\/\/www.sitem.fr\/wp-content\/uploads\/2013\/09\/StudioAdelineRispal_Photo-S-Demailly5354.jpg\"><img loading=\"lazy\" decoding=\"async\" aria-describedby=\"caption-attachment-1517\" class=\"size-full wp-image-1517 \" title=\"StudioAdelineRispal_Photo-S-Demailly5354\" alt=\"Carta Associ\u00e9s \/ Studio Adeline Rispal - Photo Serge Demailly\" src=\"https:\/\/www.sitem.fr\/wp-content\/uploads\/2013\/09\/StudioAdelineRispal_Photo-S-Demailly5354.jpg\" width=\"400\" height=\"166\" srcset=\"https:\/\/www.sitem.fr\/wp-content\/uploads\/2013\/09\/StudioAdelineRispal_Photo-S-Demailly5354.jpg 400w, https:\/\/www.sitem.fr\/wp-content\/uploads\/2013\/09\/StudioAdelineRispal_Photo-S-Demailly5354-300x124.jpg 300w\" sizes=\"auto, (max-width: 400px) 100vw, 400px\" \/><\/a><p id=\"caption-attachment-1517\" class=\"wp-caption-text\">\u00a9 Carta Associ\u00e9s \/ Studio Adeline Rispal &#8211; Photo Serge Demailly<\/p><\/div>\n<p style=\"text-align: left;\">Outre le Mus\u00e9e d&#8217;Histoire, le Studio Adeline Rispal s&#8217;est investi dans d&#8217;autres projets phares pour Marseille Provence 2013 : la mus\u00e9ographie de la Galerie de la M\u00e9diterran\u00e9e, l&#8217;exposition permanente du MuCEM.<\/p>\n<p><a href=\"http:\/\/www.museumexperts.com\/filer\/get\/860\/newsletter%20SAR_2013_09_MHM.pdf\" target=\"_blank\">Lire la Newsletter du Studio Adeline Rispal consacr\u00e9e au Mus\u00e9e d&#8217;Histoire de Marseille<\/a>.<\/p>\n<p>&nbsp;<\/p>\n<p><strong>Le Studio Adeline Rispal a \u00e9t\u00e9 nomin\u00e9 aux FX International Design Awards 2013<\/strong> pour la sc\u00e9nographie de la Galerie de la M\u00e9diterran\u00e9e du MuCEM. Prochaine \u00e9tape, le 27 novembre 2013.<\/p>\n<p><a href=\"http:\/\/www.adelinerispal.com\" target=\"_blank\">www.adelinerispal.com<br \/>\n<\/a><a href=\"http:\/\/www.marseille.fr\/siteculture\/jsp\/site\/Portal.jsp?page_id=57\" target=\"_blank\">www.marseille.fr\/siteculture\/jsp\/site\/Portal.jsp?page_id=57<\/a><\/p>\n<p><strong>Consultez la Fiche Annuaire du STUDIO ADELINE RISPAL :<\/strong><br \/>\n<a href=\"http:\/\/www.museumexperts.com\/annuaire\/prestataire\/4826\" target=\"_blank\">www.museumexperts.com\/annuaire\/prestataire\/4826<\/a><\/p>\n<p>&nbsp;<\/p>\n","protected":false},"excerpt":{"rendered":"Le nouveau Mus\u00e9e d&#8217;Histoire de Marseille (Centre Bourse) a ouvert ses portes au public le 13 septembre 2013, dans le cadre de Marseille Provence 2013, Capitale Europ\u00e9enne de la Culture. Le Studio Adeline Rispal a con\u00e7u la mus\u00e9ographie de l&#8217;exposition permanente, en partenariat avec le groupement L\u00e9on Grosse et Carta Associes.\u00a0 R\u00e9nov\u00e9 et agrandi, le&#8230; <br><a class=\"readm\" href=\"https:\/\/www.sitem.fr\/en\/le-studio-adeline-rispal-signe-museographie-du-musee-dhistoire-marseille\/\">Read more<\/a>","protected":false},"author":2,"featured_media":1507,"comment_status":"open","ping_status":"open","sticky":false,"template":"","format":"standard","meta":{"_acf_changed":false,"footnotes":""},"categories":[1],"tags":[214,53,192,54],"class_list":["post-1505","post","type-post","status-publish","format-standard","has-post-thumbnail","hentry","category-non-classifiee","tag-archeologie","tag-exposition","tag-musee-dhistoire-de-marseille","tag-studio-adeline-rispal"],"acf":[],"_links":{"self":[{"href":"https:\/\/www.sitem.fr\/en\/wp-json\/wp\/v2\/posts\/1505","targetHints":{"allow":["GET"]}}],"collection":[{"href":"https:\/\/www.sitem.fr\/en\/wp-json\/wp\/v2\/posts"}],"about":[{"href":"https:\/\/www.sitem.fr\/en\/wp-json\/wp\/v2\/types\/post"}],"author":[{"embeddable":true,"href":"https:\/\/www.sitem.fr\/en\/wp-json\/wp\/v2\/users\/2"}],"replies":[{"embeddable":true,"href":"https:\/\/www.sitem.fr\/en\/wp-json\/wp\/v2\/comments?post=1505"}],"version-history":[{"count":15,"href":"https:\/\/www.sitem.fr\/en\/wp-json\/wp\/v2\/posts\/1505\/revisions"}],"predecessor-version":[{"id":1538,"href":"https:\/\/www.sitem.fr\/en\/wp-json\/wp\/v2\/posts\/1505\/revisions\/1538"}],"wp:featuredmedia":[{"embeddable":true,"href":"https:\/\/www.sitem.fr\/en\/wp-json\/wp\/v2\/media\/1507"}],"wp:attachment":[{"href":"https:\/\/www.sitem.fr\/en\/wp-json\/wp\/v2\/media?parent=1505"}],"wp:term":[{"taxonomy":"category","embeddable":true,"href":"https:\/\/www.sitem.fr\/en\/wp-json\/wp\/v2\/categories?post=1505"},{"taxonomy":"post_tag","embeddable":true,"href":"https:\/\/www.sitem.fr\/en\/wp-json\/wp\/v2\/tags?post=1505"}],"curies":[{"name":"wp","href":"https:\/\/api.w.org\/{rel}","templated":true}]}}