{"id":15079,"date":"2020-07-30T15:25:25","date_gmt":"2020-07-30T13:25:25","guid":{"rendered":"http:\/\/actualites-pro-museumexperts.com\/?p=13235"},"modified":"2020-09-22T15:28:30","modified_gmt":"2020-09-22T13:28:30","slug":"les-cloisons-mila-wall-au-musee-dhistoire-naturelle-de-reutlingen-allemagne","status":"publish","type":"post","link":"https:\/\/www.sitem.fr\/en\/les-cloisons-mila-wall-au-musee-dhistoire-naturelle-de-reutlingen-allemagne\/","title":{"rendered":"Les cloisons Mila-wall au Mus\u00e9e d&#8217;histoire naturelle de Reutlingen (Allemagne)."},"content":{"rendered":"<p>Les cloisons Mila-wall au Mus\u00e9e d&#8217;histoire naturelle de Reutlingen (Allemagne).<\/p>\n<p>&nbsp;<\/p>\n<p>Nous avons eu le privil\u00e8ge d&#8217;installer nos cloisons dans la ville natale de notre usine et avons \u00e9t\u00e9 autoris\u00e9s \u00e0 documenter le tout par une belle vid\u00e9o.<\/p>\n<p>&nbsp;<\/p>\n<p>Un grand merci \u00e0 la direction du mus\u00e9e et \u00e0 l&#8217;artiste de l&#8217;exposition.<\/p>\n<p>&nbsp;<\/p>\n<p><a href=\"http:\/\/www.facebook.com\/mba.worldwide\/videos\/699688080868653\/?fref=mentions&amp;__tn__=K-R\">http:\/\/www.facebook.com<\/a><\/p>\n<p>&nbsp;<\/p>\n<p>&nbsp;<\/p>\n<p>&nbsp;<\/p>\n","protected":false},"excerpt":{"rendered":"Les cloisons Mila-wall au Mus\u00e9e d&#8217;histoire naturelle de Reutlingen (Allemagne). &nbsp; Nous avons eu le privil\u00e8ge d&#8217;installer nos cloisons dans la ville natale de notre usine et avons \u00e9t\u00e9 autoris\u00e9s \u00e0 documenter le tout par une belle vid\u00e9o. &nbsp; Un grand merci \u00e0 la direction du mus\u00e9e et \u00e0 l&#8217;artiste de l&#8217;exposition. &nbsp; http:\/\/www.facebook.com &nbsp;&#8230; <br><a class=\"readm\" href=\"https:\/\/www.sitem.fr\/en\/les-cloisons-mila-wall-au-musee-dhistoire-naturelle-de-reutlingen-allemagne\/\">Read more<\/a>","protected":false},"author":2,"featured_media":15115,"comment_status":"open","ping_status":"open","sticky":false,"template":"","format":"standard","meta":{"_acf_changed":false,"footnotes":""},"categories":[1111,142,139,1329],"tags":[939,14],"class_list":["post-15079","post","type-post","status-publish","format-standard","has-post-thumbnail","hentry","category-actualites-recentes","category-agencement","category-cloisons","category-equipement-conservation-gestion-des-collections-et-du-patrimoine","tag-cloison-mila-wall","tag-mba-france"],"acf":[],"_links":{"self":[{"href":"https:\/\/www.sitem.fr\/en\/wp-json\/wp\/v2\/posts\/15079","targetHints":{"allow":["GET"]}}],"collection":[{"href":"https:\/\/www.sitem.fr\/en\/wp-json\/wp\/v2\/posts"}],"about":[{"href":"https:\/\/www.sitem.fr\/en\/wp-json\/wp\/v2\/types\/post"}],"author":[{"embeddable":true,"href":"https:\/\/www.sitem.fr\/en\/wp-json\/wp\/v2\/users\/2"}],"replies":[{"embeddable":true,"href":"https:\/\/www.sitem.fr\/en\/wp-json\/wp\/v2\/comments?post=15079"}],"version-history":[{"count":2,"href":"https:\/\/www.sitem.fr\/en\/wp-json\/wp\/v2\/posts\/15079\/revisions"}],"predecessor-version":[{"id":25523,"href":"https:\/\/www.sitem.fr\/en\/wp-json\/wp\/v2\/posts\/15079\/revisions\/25523"}],"wp:featuredmedia":[{"embeddable":true,"href":"https:\/\/www.sitem.fr\/en\/wp-json\/wp\/v2\/media\/15115"}],"wp:attachment":[{"href":"https:\/\/www.sitem.fr\/en\/wp-json\/wp\/v2\/media?parent=15079"}],"wp:term":[{"taxonomy":"category","embeddable":true,"href":"https:\/\/www.sitem.fr\/en\/wp-json\/wp\/v2\/categories?post=15079"},{"taxonomy":"post_tag","embeddable":true,"href":"https:\/\/www.sitem.fr\/en\/wp-json\/wp\/v2\/tags?post=15079"}],"curies":[{"name":"wp","href":"https:\/\/api.w.org\/{rel}","templated":true}]}}