{"id":15082,"date":"2020-07-30T15:29:22","date_gmt":"2020-07-30T13:29:22","guid":{"rendered":"http:\/\/actualites-pro-museumexperts.com\/?p=13249"},"modified":"2020-09-22T15:27:25","modified_gmt":"2020-09-22T13:27:25","slug":"la-fabrique-creative-livre-le-nouvel-espace-dinterpretation-et-les-mobiliers-ponctuels-installes-dans-les-salles-historiques-du-chateau-de-bussy-rabutin","status":"publish","type":"post","link":"https:\/\/www.sitem.fr\/en\/la-fabrique-creative-livre-le-nouvel-espace-dinterpretation-et-les-mobiliers-ponctuels-installes-dans-les-salles-historiques-du-chateau-de-bussy-rabutin\/","title":{"rendered":"La Fabrique Cr\u00e9ative : nouvel espace d\u2019interpr\u00e9tation au ch\u00e2teau de Bussy-Rabutin"},"content":{"rendered":"<p class=\"p1\">La th\u00e9matique et l\u2019\u00e9crin d\u2019accueil ont conduit \u00e0 une cr\u00e9ation au parti pris fort, r\u00e9solument tranch\u00e9e, \u00e0 deux visages.<\/p>\n<p class=\"p1\">Roger de Bussy-Barbutin est une personnalit\u00e9 multi-facettes, chiffonn\u00e9e par les d\u00e9boires de sa vie\u00a0; l\u2019am\u00e9nagement sc\u00e9nographique l\u2019est \u00e9galement. Le mobilier tranche et dialogue ainsi avec le monument, sans mim\u00e9tisme.<\/p>\n<p class=\"p1\">Le concept sc\u00e9nographique et graphique propose un mobilier aux lignes droites, fines, pli\u00e9es, qui se d\u00e9ploie dans l\u2019espace pour recevoir les contenus. Ce concept s\u2019appuie sur le constat de la grande richesse iconographique des salles historiques du ch\u00e2teau, d\u00e9cor\u00e9es \u00e0 l\u2019extr\u00eame, qui impliquent une intervention ajust\u00e9e. Le style, r\u00e9solument contemporain, de l\u2019am\u00e9nagement tranche avec l\u2019esth\u00e9tique du ch\u00e2teau pour ne pas concurrencer les d\u00e9cors d\u00e9j\u00e0 pr\u00e9sents. L\u2019am\u00e9nagement vient en r\u00e9sonance avec cette esth\u00e9tique baroque en proposant une intervention bichromique, simple et \u00e9pur\u00e9e, de couleur vive.<\/p>\n<p class=\"p1\">Un monolithe \u00ab\u00a0miroir magique\u00a0\u00bb, central, refl\u00e8te la lumi\u00e8re et permet au visiteur de passer d\u2019une th\u00e9matique \u00e0 l\u2019autre de mani\u00e8re naturelle. Entre ces deux temps, le visiteur peut prendre un temps de pose plus intimiste, au sein de la tour ronde\u00a0o\u00f9 l\u2019histoire lui est cont\u00e9e par l\u2019interm\u00e9diaire d\u2019une projection panoramique circulaire immersive.<\/p>\n<p class=\"p1\">Ma\u00eetre d&#8217;ouvrage\u00a0: Centre des Monuments Nationaux<\/p>\n<p class=\"p1\"><span class=\"s1\">Groupement de conception et r\u00e9alisation : La Fabrique Cr\u00e9ative (mandataire, <\/span>sc\u00e9nographie, iconographie, graphisme, conception lumi\u00e8re et ing\u00e9nierie audiovisuel<span class=\"s1\">) et Opixido (production audiovisuelle et multim\u00e9dia), Sequoia (agencement g\u00e9n\u00e9ral), Novelty <\/span>(\u00e9quipements AV \/ MM et<span class=\"s1\"> lumi\u00e8re). <\/span>Maquettes tactiles, hors march\u00e9 (Tactile studio)<\/p>\n<p>&nbsp;<\/p>\n","protected":false},"excerpt":{"rendered":"La th\u00e9matique et l\u2019\u00e9crin d\u2019accueil ont conduit \u00e0 une cr\u00e9ation au parti pris fort, r\u00e9solument tranch\u00e9e, \u00e0 deux visages. Roger de Bussy-Barbutin est une personnalit\u00e9 multi-facettes, chiffonn\u00e9e par les d\u00e9boires de sa vie\u00a0; l\u2019am\u00e9nagement sc\u00e9nographique l\u2019est \u00e9galement. Le mobilier tranche et dialogue ainsi avec le monument, sans mim\u00e9tisme. Le concept sc\u00e9nographique et graphique propose un&#8230; <br><a class=\"readm\" href=\"https:\/\/www.sitem.fr\/en\/la-fabrique-creative-livre-le-nouvel-espace-dinterpretation-et-les-mobiliers-ponctuels-installes-dans-les-salles-historiques-du-chateau-de-bussy-rabutin\/\">Read more<\/a>","protected":false},"author":2,"featured_media":15112,"comment_status":"open","ping_status":"open","sticky":false,"template":"","format":"standard","meta":{"_acf_changed":false,"footnotes":""},"categories":[1111,1325],"tags":[1000,822,44,632],"class_list":["post-15082","post","type-post","status-publish","format-standard","has-post-thumbnail","hentry","category-actualites-recentes","category-museographie-scenographie-graphisme-signaletique","tag-amenagement","tag-graphisme","tag-la-fabrique-creative","tag-scenographie"],"acf":[],"_links":{"self":[{"href":"https:\/\/www.sitem.fr\/en\/wp-json\/wp\/v2\/posts\/15082","targetHints":{"allow":["GET"]}}],"collection":[{"href":"https:\/\/www.sitem.fr\/en\/wp-json\/wp\/v2\/posts"}],"about":[{"href":"https:\/\/www.sitem.fr\/en\/wp-json\/wp\/v2\/types\/post"}],"author":[{"embeddable":true,"href":"https:\/\/www.sitem.fr\/en\/wp-json\/wp\/v2\/users\/2"}],"replies":[{"embeddable":true,"href":"https:\/\/www.sitem.fr\/en\/wp-json\/wp\/v2\/comments?post=15082"}],"version-history":[{"count":4,"href":"https:\/\/www.sitem.fr\/en\/wp-json\/wp\/v2\/posts\/15082\/revisions"}],"predecessor-version":[{"id":25522,"href":"https:\/\/www.sitem.fr\/en\/wp-json\/wp\/v2\/posts\/15082\/revisions\/25522"}],"wp:featuredmedia":[{"embeddable":true,"href":"https:\/\/www.sitem.fr\/en\/wp-json\/wp\/v2\/media\/15112"}],"wp:attachment":[{"href":"https:\/\/www.sitem.fr\/en\/wp-json\/wp\/v2\/media?parent=15082"}],"wp:term":[{"taxonomy":"category","embeddable":true,"href":"https:\/\/www.sitem.fr\/en\/wp-json\/wp\/v2\/categories?post=15082"},{"taxonomy":"post_tag","embeddable":true,"href":"https:\/\/www.sitem.fr\/en\/wp-json\/wp\/v2\/tags?post=15082"}],"curies":[{"name":"wp","href":"https:\/\/api.w.org\/{rel}","templated":true}]}}