{"id":1660,"date":"2013-10-16T13:40:42","date_gmt":"2013-10-16T11:40:42","guid":{"rendered":"https:\/\/www.sitem.fr\/?p=1660"},"modified":"2013-10-16T13:43:06","modified_gmt":"2013-10-16T11:43:06","slug":"nicolas-adam-studio-librairie-boutique-musee-orsay","status":"publish","type":"post","link":"https:\/\/www.sitem.fr\/en\/nicolas-adam-studio-librairie-boutique-musee-orsay\/","title":{"rendered":"Nicolas Adam Studio signe le r\u00e9am\u00e9nagement de la librairie-boutique du Mus\u00e9e d&#8217;Orsay."},"content":{"rendered":"<p>La R\u00e9union des Mus\u00e9es Nationaux-Grand Palais a confi\u00e9 la refonte de la librairie-boutique au studio d&#8217;architecture int\u00e9rieure Nicolas Adam. En 2011, elle avait \u00e9galement confi\u00e9 \u00e0 l&#8217;architecte designer l&#8217;am\u00e9nagement de la Librairie des Princes dans l&#8217;Aile Sud des Ministres du Ch\u00e2teau de Versailles.<\/p>\n<p>Au Mus\u00e9e d&#8217;Orsay, le nouvel espace de 240 m\u00b2 se compose de deux modules strictement sym\u00e9triques, perc\u00e9s de larges baies et ferm\u00e9s par une fa\u00e7ade vitr\u00e9e en vis \u00e0 vis.<\/p>\n<p style=\"text-align: center;\"><a href=\"https:\/\/www.sitem.fr\/wp-content\/uploads\/2013\/10\/NicolasAdamStudio_Orsay-31.jpg\"><img loading=\"lazy\" decoding=\"async\" class=\"size-full wp-image-1676 aligncenter\" alt=\"\u00a9 nicolas adam studio\" src=\"https:\/\/www.sitem.fr\/wp-content\/uploads\/2013\/10\/NicolasAdamStudio_Orsay-31.jpg\" width=\"500\" height=\"260\" srcset=\"https:\/\/www.sitem.fr\/wp-content\/uploads\/2013\/10\/NicolasAdamStudio_Orsay-31.jpg 500w, https:\/\/www.sitem.fr\/wp-content\/uploads\/2013\/10\/NicolasAdamStudio_Orsay-31-300x156.jpg 300w\" sizes=\"auto, (max-width: 500px) 100vw, 500px\" \/><\/a><\/p>\n<p>Le concept architectural de coque vitr\u00e9e offre une grande visibilit\u00e9 sur les am\u00e9nagements int\u00e9rieurs et les produits de la librairie-boutique ainsi que sur le hall d&#8217;accueil et l&#8217;acc\u00e8s aux collections du Mus\u00e9e d&#8217;Orsay.<\/p>\n<div id=\"attachment_1677\" style=\"width: 510px\" class=\"wp-caption aligncenter\"><a href=\"https:\/\/www.sitem.fr\/wp-content\/uploads\/2013\/10\/NicolasAdamStudio_Orsay-21.jpg\"><img loading=\"lazy\" decoding=\"async\" aria-describedby=\"caption-attachment-1677\" class=\"size-full wp-image-1677\" alt=\"\u00a9 nicolas adam studio\" src=\"https:\/\/www.sitem.fr\/wp-content\/uploads\/2013\/10\/NicolasAdamStudio_Orsay-21.jpg\" width=\"500\" height=\"375\" srcset=\"https:\/\/www.sitem.fr\/wp-content\/uploads\/2013\/10\/NicolasAdamStudio_Orsay-21.jpg 500w, https:\/\/www.sitem.fr\/wp-content\/uploads\/2013\/10\/NicolasAdamStudio_Orsay-21-300x225.jpg 300w, https:\/\/www.sitem.fr\/wp-content\/uploads\/2013\/10\/NicolasAdamStudio_Orsay-21-80x60.jpg 80w\" sizes=\"auto, (max-width: 500px) 100vw, 500px\" \/><\/a><p id=\"caption-attachment-1677\" class=\"wp-caption-text\">\u00a9 nicolas adam studio<\/p><\/div>\n<div style=\"width: 310px\" class=\"wp-caption alignleft\"><a href=\"https:\/\/www.sitem.fr\/wp-content\/uploads\/2013\/10\/NicolasAdamStudio_Orsay-1.jpg\"><img loading=\"lazy\" decoding=\"async\" alt=\"\u00a9 nicolas adam studio\" src=\"https:\/\/www.sitem.fr\/wp-content\/uploads\/2013\/10\/NicolasAdamStudio_Orsay-1-300x225.jpg\" width=\"300\" height=\"225\" \/><\/a><p class=\"wp-caption-text\">\u00a9 nicolas adam studio<\/p><\/div>\n<p>La librairie et la boutique sont deux entit\u00e9s clairement distinctes mais unitaires, am\u00e9nag\u00e9es en continuit\u00e9 avec des mobiliers et des rayonnages blancs modulables qui permettent de faire \u00e9voluer les espaces selon les besoins et les produits.<\/p>\n<p>Des tours, l\u00e9g\u00e8rement plus hautes que la coque, mettent en avant des produits sp\u00e9cifiques, dans une ambiance plus intimiste : des bijoux et des cadeaux c\u00f4t\u00e9 boutique, par exemple.<\/p>\n<p>&nbsp;<\/p>\n<p>&nbsp;<\/p>\n<p>La coque ext\u00e9rieure de la boutique peut \u00e9galement recevoir une \u00e9ventuelle animation graphique adh\u00e9sive, en ad\u00e9quation avec les expositions temporaires et les \u00e9v\u00e9nements propos\u00e9s par le Mus\u00e9e d&#8217;Orsay.<\/p>\n<p><a href=\"http:\/\/nicolasadamstudio.com\/\" target=\"_blank\">http:\/\/nicolasadamstudio.com<\/a><\/p>\n<p><a href=\"http:\/\/www.musee-orsay.fr\/\" target=\"_blank\">http:\/\/www.musee-orsay.fr<\/a><\/p>\n","protected":false},"excerpt":{"rendered":"La R\u00e9union des Mus\u00e9es Nationaux-Grand Palais a confi\u00e9 la refonte de la librairie-boutique au studio d&#8217;architecture int\u00e9rieure Nicolas Adam. En 2011, elle avait \u00e9galement confi\u00e9 \u00e0 l&#8217;architecte designer l&#8217;am\u00e9nagement de la Librairie des Princes dans l&#8217;Aile Sud des Ministres du Ch\u00e2teau de Versailles. Au Mus\u00e9e d&#8217;Orsay, le nouvel espace de 240 m\u00b2 se compose de&#8230; <br><a class=\"readm\" href=\"https:\/\/www.sitem.fr\/en\/nicolas-adam-studio-librairie-boutique-musee-orsay\/\">Read more<\/a>","protected":false},"author":2,"featured_media":1677,"comment_status":"open","ping_status":"open","sticky":false,"template":"","format":"standard","meta":{"_acf_changed":false,"footnotes":""},"categories":[136,138],"tags":[168,196,195],"class_list":["post-1660","post","type-post","status-publish","format-standard","has-post-thumbnail","hentry","category-architecture-2","category-boutiques","tag-boutique-de-musee","tag-musee-dorsay","tag-nicolas-adam-studio"],"acf":[],"_links":{"self":[{"href":"https:\/\/www.sitem.fr\/en\/wp-json\/wp\/v2\/posts\/1660","targetHints":{"allow":["GET"]}}],"collection":[{"href":"https:\/\/www.sitem.fr\/en\/wp-json\/wp\/v2\/posts"}],"about":[{"href":"https:\/\/www.sitem.fr\/en\/wp-json\/wp\/v2\/types\/post"}],"author":[{"embeddable":true,"href":"https:\/\/www.sitem.fr\/en\/wp-json\/wp\/v2\/users\/2"}],"replies":[{"embeddable":true,"href":"https:\/\/www.sitem.fr\/en\/wp-json\/wp\/v2\/comments?post=1660"}],"version-history":[{"count":14,"href":"https:\/\/www.sitem.fr\/en\/wp-json\/wp\/v2\/posts\/1660\/revisions"}],"predecessor-version":[{"id":1679,"href":"https:\/\/www.sitem.fr\/en\/wp-json\/wp\/v2\/posts\/1660\/revisions\/1679"}],"wp:featuredmedia":[{"embeddable":true,"href":"https:\/\/www.sitem.fr\/en\/wp-json\/wp\/v2\/media\/1677"}],"wp:attachment":[{"href":"https:\/\/www.sitem.fr\/en\/wp-json\/wp\/v2\/media?parent=1660"}],"wp:term":[{"taxonomy":"category","embeddable":true,"href":"https:\/\/www.sitem.fr\/en\/wp-json\/wp\/v2\/categories?post=1660"},{"taxonomy":"post_tag","embeddable":true,"href":"https:\/\/www.sitem.fr\/en\/wp-json\/wp\/v2\/tags?post=1660"}],"curies":[{"name":"wp","href":"https:\/\/api.w.org\/{rel}","templated":true}]}}