{"id":1744,"date":"2013-10-17T11:09:34","date_gmt":"2013-10-17T09:09:34","guid":{"rendered":"https:\/\/www.sitem.fr\/?p=1744"},"modified":"2013-10-17T11:36:06","modified_gmt":"2013-10-17T09:36:06","slug":"interview-jacqueline-eidelman-musees-em-portables","status":"publish","type":"post","link":"https:\/\/www.sitem.fr\/en\/interview-jacqueline-eidelman-musees-em-portables\/","title":{"rendered":"Festival mus\u00e9es (em)portables, 3e \u00e9dition. Interview de Jacqueline Eidelman."},"content":{"rendered":"<p><a href=\"http:\/\/www.museumexperts.com\/musees_em_portables\/presentation\/\" target=\"_blank\"><img loading=\"lazy\" decoding=\"async\" class=\"alignleft size-full wp-image-1747\" alt=\"Musees-em-portables_ICONE-WEB_JAUNE\" src=\"https:\/\/www.sitem.fr\/wp-content\/uploads\/2013\/10\/Musees-em-portables_ICONE-WEB_JAUNE.jpg\" width=\"136\" height=\"149\" \/><\/a><br \/>\n<strong>Jacqueline Eidelman est Chef du D\u00e9partement de la politique des publics \u00e0 la Direction G\u00e9n\u00e9rale des Patrimoines \/ Minist\u00e8re de la Culture et de la Communication.<\/strong><br \/>\nElle est directrice de recherche \u00e0 l\u2019Universit\u00e9, responsable du s\u00e9minaire doctoral de mus\u00e9ologie de l\u2019\u00c9cole du Louvre, directrice de la collection Mus\u00e9es-Monde \u00e0 la Documentation Fran\u00e7aise.<\/p>\n<p>&nbsp;<\/p>\n<h3>Pourquoi avez-vous d\u00e9cid\u00e9 de participer au festival mus\u00e9es (em)portables ?<\/h3>\n<p>Son id\u00e9e de base colle parfaitement avec les nouvelles pratiques et les nouveaux usages des mus\u00e9es. La pratique de visite n\u2019est pas simplement un parcours par le regard mais \u00e9galement un parcours par le geste. Mus\u00e9es (em)portables cumule les deux aspects en m\u00eame temps qu\u2019il op\u00e8re dans la dur\u00e9e de la visite et en transcrit le sens profond pour chacun.<\/p>\n<h3>Que pensez-vous qu\u2019il puisse apporter aux visiteurs en g\u00e9n\u00e9ral ?<\/h3>\n<p>L\u2019\u00e9laboration du film, dans l\u2019apr\u00e8s-visite, peut les aider \u00e0 se rendre compte du travail d\u2019interpr\u00e9tation auquel ils se livrent, consciemment ou pas, \u00e0 le formaliser, \u00e0 le partager. Ainsi cette activit\u00e9 cr\u00e9ative participe \u00e0 la construction du jugement individuel autant que du jugement collectif\u00a0: d\u2019une part, elle mat\u00e9rialise la r\u00e9flexion que m\u00e8ne tout un chacun sur ce qui lui est arriv\u00e9, et, d\u2019autre part, c\u2019est une mani\u00e8re simple de s\u2019adresser aux autres parce que le support en est un objet de la vie quotidienne.<\/p>\n<h3>Et aux visiteurs de moins de 18 ans puisque c\u2019est la population que vous visez ?<\/h3>\n<p>S\u2019adresser aux autres, se parler \u00e0 soi-m\u00eame, ne sont pas choses ais\u00e9es au temps de l\u2019adolescence, \u00e0 l\u2019or\u00e9e de l\u2019\u00e2ge adulte. Partager une exp\u00e9rience complexe comme celle de la visite d\u2019un mus\u00e9e ou d\u2019une exposition, laisser s\u2019exprimer les \u00e9motions, s\u2019interroger sur ce qu\u2019on a compris, int\u00e9grer cette exp\u00e9rience dans le flux des \u00e9v\u00e8nements quotidiens et de ses r\u00e9flexions sur le sens de la vie\u2026 Mus\u00e9es (em)portables, comme par magie, laisse imaginer que c\u2019est pourtant simple.<\/p>\n<h3>Et aux directions des publics des mus\u00e9es ?<\/h3>\n<p>La prise de vue \u2013 films ou photos, via les appareils num\u00e9riques \u2013 fait d\u00e9sormais partie int\u00e9grante de la visite. D\u2019abord, elle exprime la relation que tente d\u2019\u00e9tablir chaque individu avec les \u0153uvres de culture. A plus d\u2019un \u00e9gard, la d\u00e9marche est cr\u00e9ative puisqu\u2019on s\u2019essaye ainsi \u00e0 ajuster, \u00e0 affuter,\u00a0 son regard, \u00e0 poser un jugement. Ensuite, parce qu\u2019il s\u2019agit le plus souvent d\u2019une visite en compagnie, la prise de vue c\u2019est aussi la m\u00e9moire d\u2019une exp\u00e9rience partag\u00e9e. Enfin, elle contribue \u00e0 cr\u00e9er une relation d\u2019attachement avec l\u2019institution mus\u00e9ale (ce mus\u00e9e-l\u00e0, tous les mus\u00e9es) en inscrivant l\u2019exp\u00e9rience filmique dans la s\u00e9rie des exp\u00e9riences culturelles fructueuses. Au total, c\u2019est un lien durable, un lien de confiance, qui peut se construire pour autant que le visiteur per\u00e7oive qu\u2019il se trouve dans un lieu hospitalier et qu\u2019il peut, lui aussi, \u00e0 sa mesure, contribuer \u00e0 la diffusion de la culture en faisant usage de son imagination et en s\u2019essayant \u00e0 diff\u00e9rents modes d\u2019expression. Il a juste \u00e0 jouer le jeu de l\u2019hospitalit\u00e9\u00a0: faire attention aux autres et aux \u0153uvres&#8230;<\/p>\n<h3>\u00e0 voir aussi :<\/h3>\n<div id=\"attachment_1790\" style=\"width: 260px\" class=\"wp-caption alignnone\"><a href=\"http:\/\/www.youtube.com\/watch?v=d94gnWARl1M\" target=\"_blank\"><img loading=\"lazy\" decoding=\"async\" aria-describedby=\"caption-attachment-1790\" class=\"size-full wp-image-1790\" alt=\"La vid\u00e9o du Laur\u00e9at de la 1\u00e8re \u00e9dition de mus\u00e9es (em)portables.\" src=\"https:\/\/www.sitem.fr\/wp-content\/uploads\/2013\/10\/Musees-em-portables_Laureat20121.jpg\" width=\"250\" height=\"138\" \/><\/a><p id=\"caption-attachment-1790\" class=\"wp-caption-text\">La vid\u00e9o du Laur\u00e9at de la 1\u00e8re \u00e9dition de mus\u00e9es (em)portables.<\/p><\/div>\n<div id=\"attachment_1776\" style=\"width: 238px\" class=\"wp-caption alignnone\"><a href=\"http:\/\/www.youtube.com\/watch?v=9jGibe56F2I\" target=\"_blank\"><img loading=\"lazy\" decoding=\"async\" aria-describedby=\"caption-attachment-1776\" class=\"size-full wp-image-1776      \" alt=\"La vid\u00e9o du Laur\u00e9at de la 2e \u00e9dition de mus\u00e9es (em)portables.\" src=\"https:\/\/www.sitem.fr\/wp-content\/uploads\/2013\/10\/Musees-em-portables_laureat2013.jpg\" width=\"228\" height=\"138\" \/><\/a><p id=\"caption-attachment-1776\" class=\"wp-caption-text\">La vid\u00e9o du Laur\u00e9at de la 2e \u00e9dition de mus\u00e9es (em)portables.<\/p><\/div>\n<div id=\"attachment_1761\" style=\"width: 260px\" class=\"wp-caption alignnone\"><a href=\"http:\/\/www.museumexperts.com\/musees_em_portables\/video\/\" target=\"_blank\"><img loading=\"lazy\" decoding=\"async\" aria-describedby=\"caption-attachment-1761\" class=\" wp-image-1761 \" alt=\"Musees-em-portables_MosaiqueFilms\" src=\"https:\/\/www.sitem.fr\/wp-content\/uploads\/2013\/10\/Musees-em-portables_MosaiqueFilms.jpg\" width=\"250\" height=\"138\" \/><\/a><p id=\"caption-attachment-1761\" class=\"wp-caption-text\">Les vid\u00e9os de mus\u00e9es (em)portables.<\/p><\/div>\n<div id=\"attachment_1768\" style=\"width: 237px\" class=\"wp-caption alignnone\"><a href=\"http:\/\/www.youtube.com\/watch?v=hDIEZbfgQXU\" target=\"_blank\"><img loading=\"lazy\" decoding=\"async\" aria-describedby=\"caption-attachment-1768\" class=\"size-full wp-image-1768\" alt=\"Musees-em-portables_Prix-2013\" src=\"https:\/\/www.sitem.fr\/wp-content\/uploads\/2013\/10\/Musees-em-portables_Prix-2013.jpg\" width=\"227\" height=\"138\" \/><\/a><p id=\"caption-attachment-1768\" class=\"wp-caption-text\">La vid\u00e9o de la remise des prix, 2e \u00e9dition.<\/p><\/div>\n<p>&nbsp;<\/p>\n","protected":false},"excerpt":{"rendered":"Jacqueline Eidelman est Chef du D\u00e9partement de la politique des publics \u00e0 la Direction G\u00e9n\u00e9rale des Patrimoines \/ Minist\u00e8re de la Culture et de la Communication. Elle est directrice de recherche \u00e0 l\u2019Universit\u00e9, responsable du s\u00e9minaire doctoral de mus\u00e9ologie de l\u2019\u00c9cole du Louvre, directrice de la collection Mus\u00e9es-Monde \u00e0 la Documentation Fran\u00e7aise. &nbsp; Pourquoi avez-vous&#8230; <br><a class=\"readm\" href=\"https:\/\/www.sitem.fr\/en\/interview-jacqueline-eidelman-musees-em-portables\/\">Read more<\/a>","protected":false},"author":2,"featured_media":1774,"comment_status":"open","ping_status":"open","sticky":false,"template":"","format":"standard","meta":{"_acf_changed":false,"footnotes":""},"categories":[140],"tags":[202],"class_list":["post-1744","post","type-post","status-publish","format-standard","has-post-thumbnail","hentry","category-communication","tag-musees-emportables"],"acf":[],"_links":{"self":[{"href":"https:\/\/www.sitem.fr\/en\/wp-json\/wp\/v2\/posts\/1744","targetHints":{"allow":["GET"]}}],"collection":[{"href":"https:\/\/www.sitem.fr\/en\/wp-json\/wp\/v2\/posts"}],"about":[{"href":"https:\/\/www.sitem.fr\/en\/wp-json\/wp\/v2\/types\/post"}],"author":[{"embeddable":true,"href":"https:\/\/www.sitem.fr\/en\/wp-json\/wp\/v2\/users\/2"}],"replies":[{"embeddable":true,"href":"https:\/\/www.sitem.fr\/en\/wp-json\/wp\/v2\/comments?post=1744"}],"version-history":[{"count":37,"href":"https:\/\/www.sitem.fr\/en\/wp-json\/wp\/v2\/posts\/1744\/revisions"}],"predecessor-version":[{"id":1792,"href":"https:\/\/www.sitem.fr\/en\/wp-json\/wp\/v2\/posts\/1744\/revisions\/1792"}],"wp:featuredmedia":[{"embeddable":true,"href":"https:\/\/www.sitem.fr\/en\/wp-json\/wp\/v2\/media\/1774"}],"wp:attachment":[{"href":"https:\/\/www.sitem.fr\/en\/wp-json\/wp\/v2\/media?parent=1744"}],"wp:term":[{"taxonomy":"category","embeddable":true,"href":"https:\/\/www.sitem.fr\/en\/wp-json\/wp\/v2\/categories?post=1744"},{"taxonomy":"post_tag","embeddable":true,"href":"https:\/\/www.sitem.fr\/en\/wp-json\/wp\/v2\/tags?post=1744"}],"curies":[{"name":"wp","href":"https:\/\/api.w.org\/{rel}","templated":true}]}}