{"id":1861,"date":"2013-10-23T17:27:58","date_gmt":"2013-10-23T15:27:58","guid":{"rendered":"https:\/\/www.sitem.fr\/?p=1861"},"modified":"2015-07-17T09:51:01","modified_gmt":"2015-07-17T07:51:01","slug":"editag-monalitag-exposition-grand-atelier-du-midi","status":"publish","type":"post","link":"https:\/\/www.sitem.fr\/en\/editag-monalitag-exposition-grand-atelier-du-midi\/","title":{"rendered":"Le Grand Atelier du Midi sous haute protection avec monalitag."},"content":{"rendered":"<p><a href=\"https:\/\/www.sitem.fr\/wp-content\/uploads\/2013\/10\/monalitag-editag-Grand-Atelier-Midi.jpg\"><img loading=\"lazy\" decoding=\"async\" class=\"alignleft size-medium wp-image-1862\" style=\"border: 1px solid black;\" alt=\"monalitag-editag-Grand-Atelier-Midi\" src=\"https:\/\/www.sitem.fr\/wp-content\/uploads\/2013\/10\/monalitag-editag-Grand-Atelier-Midi-300x124.jpg\" width=\"300\" height=\"124\" srcset=\"https:\/\/www.sitem.fr\/wp-content\/uploads\/2013\/10\/monalitag-editag-Grand-Atelier-Midi-300x124.jpg 300w, https:\/\/www.sitem.fr\/wp-content\/uploads\/2013\/10\/monalitag-editag-Grand-Atelier-Midi.jpg 500w\" sizes=\"auto, (max-width: 300px) 100vw, 300px\" \/><\/a>&#8220;Le Grand Atelier du Midi&#8221;, l&#8217;exposition en deux volets qui s&#8217;est tenue au Mus\u00e9e des Beaux-Arts de Marseille et au Mus\u00e9e Granet d&#8217;Aix-en-Provence jusqu&#8217;au 13 octobre 2013, fut l&#8217;un des grands \u00e9v\u00e9nements culturels de Marseille-Provence 2013.<\/p>\n<p>&nbsp;<\/p>\n<p>L&#8217;exposition rassemblait pr\u00e8s de 200 chefs-d&#8217;\u0153uvre de la peinture entre 1880 et 1950-1960, de C\u00e9zanne \u00e0 Matisse (Mus\u00e9e Granet) et de Van Gogh \u00e0 Bonnard (Mus\u00e9e des Beaux-Arts de Marseille).<\/p>\n<p>Editag, fournisseur officiel de solutions de protection rapproch\u00e9e des \u0153uvres, a \u00e9quip\u00e9 cette exposition avec monalitag\u00ae, la solution \u00e9lectronique. Les deux mus\u00e9es ont ainsi pu exploiter la souplesse du syst\u00e8me de protection d&#8217;Editag.<\/p>\n<p><a href=\"http:\/\/www.monalitag.com\" target=\"_blank\">www.monalitag.com<\/a><\/p>\n<p><a href=\"http:\/\/www.editag.eu\/\" target=\"_blank\">www.editag.eu<\/a><\/p>\n<p>www.mp2013.fr\/grand-atelier-du-midi<\/p>\n<p><strong>Consultez la Fiche Annuaire d\u2019EDITAG :<\/strong><br \/>\n<a href=\"http:\/\/www.museumexperts.com\/annuaire\/prestataire\/3324\" target=\"_blank\">www.museumexperts.com\/annuaire\/prestataire\/3324<\/a><\/p>\n","protected":false},"excerpt":{"rendered":"&#8220;Le Grand Atelier du Midi&#8221;, l&#8217;exposition en deux volets qui s&#8217;est tenue au Mus\u00e9e des Beaux-Arts de Marseille et au Mus\u00e9e Granet d&#8217;Aix-en-Provence jusqu&#8217;au 13 octobre 2013, fut l&#8217;un des grands \u00e9v\u00e9nements culturels de Marseille-Provence 2013. &nbsp; L&#8217;exposition rassemblait pr\u00e8s de 200 chefs-d&#8217;\u0153uvre de la peinture entre 1880 et 1950-1960, de C\u00e9zanne \u00e0 Matisse (Mus\u00e9e&#8230; <br><a class=\"readm\" href=\"https:\/\/www.sitem.fr\/en\/editag-monalitag-exposition-grand-atelier-du-midi\/\">Read more<\/a>","protected":false},"author":2,"featured_media":1946,"comment_status":"open","ping_status":"open","sticky":false,"template":"","format":"standard","meta":{"_acf_changed":false,"footnotes":""},"categories":[152],"tags":[114,116,208,197,115],"class_list":["post-1861","post","type-post","status-publish","format-standard","has-post-thumbnail","hentry","category-securite-2","tag-editag","tag-monalitag","tag-musee-granet","tag-palais-longchamp-marseille","tag-protection-rapprochee-des-oeuvres"],"acf":[],"_links":{"self":[{"href":"https:\/\/www.sitem.fr\/en\/wp-json\/wp\/v2\/posts\/1861","targetHints":{"allow":["GET"]}}],"collection":[{"href":"https:\/\/www.sitem.fr\/en\/wp-json\/wp\/v2\/posts"}],"about":[{"href":"https:\/\/www.sitem.fr\/en\/wp-json\/wp\/v2\/types\/post"}],"author":[{"embeddable":true,"href":"https:\/\/www.sitem.fr\/en\/wp-json\/wp\/v2\/users\/2"}],"replies":[{"embeddable":true,"href":"https:\/\/www.sitem.fr\/en\/wp-json\/wp\/v2\/comments?post=1861"}],"version-history":[{"count":10,"href":"https:\/\/www.sitem.fr\/en\/wp-json\/wp\/v2\/posts\/1861\/revisions"}],"predecessor-version":[{"id":5532,"href":"https:\/\/www.sitem.fr\/en\/wp-json\/wp\/v2\/posts\/1861\/revisions\/5532"}],"wp:featuredmedia":[{"embeddable":true,"href":"https:\/\/www.sitem.fr\/en\/wp-json\/wp\/v2\/media\/1946"}],"wp:attachment":[{"href":"https:\/\/www.sitem.fr\/en\/wp-json\/wp\/v2\/media?parent=1861"}],"wp:term":[{"taxonomy":"category","embeddable":true,"href":"https:\/\/www.sitem.fr\/en\/wp-json\/wp\/v2\/categories?post=1861"},{"taxonomy":"post_tag","embeddable":true,"href":"https:\/\/www.sitem.fr\/en\/wp-json\/wp\/v2\/tags?post=1861"}],"curies":[{"name":"wp","href":"https:\/\/api.w.org\/{rel}","templated":true}]}}