{"id":2383,"date":"2014-01-16T10:24:43","date_gmt":"2014-01-16T09:24:43","guid":{"rendered":"https:\/\/www.sitem.fr\/?p=2383"},"modified":"2018-10-08T17:21:44","modified_gmt":"2018-10-08T15:21:44","slug":"la-fabrique-creative-scenographies-2014","status":"publish","type":"post","link":"https:\/\/www.sitem.fr\/en\/la-fabrique-creative-scenographies-2014\/","title":{"rendered":"2014, Work in progress pour La fabrique cr\u00e9ative."},"content":{"rendered":"<p style=\"text-align: left;\"><a href=\"https:\/\/www.sitem.fr\/wp-content\/uploads\/2014\/01\/La-fabrique-creative_2014-Annee-Jaures.jpg\"><img loading=\"lazy\" decoding=\"async\" class=\"aligncenter size-full wp-image-2393\" alt=\"La-fabrique-creative_2014-Annee-Jaures\" src=\"https:\/\/www.sitem.fr\/wp-content\/uploads\/2014\/01\/La-fabrique-creative_2014-Annee-Jaures.jpg\" width=\"400\" height=\"319\" srcset=\"https:\/\/www.sitem.fr\/wp-content\/uploads\/2014\/01\/La-fabrique-creative_2014-Annee-Jaures.jpg 400w, https:\/\/www.sitem.fr\/wp-content\/uploads\/2014\/01\/La-fabrique-creative_2014-Annee-Jaures-300x239.jpg 300w\" sizes=\"auto, (max-width: 400px) 100vw, 400px\" \/><\/a>Le d\u00e9but d&#8217;ann\u00e9e s&#8217;annonce intense pour La fabrique cr\u00e9ative. Les 4 premiers mois de 2014 verront la livraison de 4 expositions.<\/p>\n<p>La premi\u00e8re, en janvier \u00e0 la Corderie Royale de Rochefort, intitul\u00e9e &#8220;Des embruns dans les bulles&#8221;, est sur la th\u00e9matique de la BD et de la mer. Une nouvelle mani\u00e8re d&#8217;appr\u00e9hender cette th\u00e9matique, \u00e0 partir de contenus originaux, de manipulations et de multim\u00e9dias vari\u00e9s.<\/p>\n<p>La deuxi\u00e8me, aux Archives Nationales, H\u00f4tel de Soubise, \u00e0 Paris, intitul\u00e9e &#8220;Jaur\u00e8s&#8221;, marquera le centenaire de sa mort. Une sc\u00e9nographie p\u00e9dagogique et immersive \u00e0 la fois, pour mieux comprendre les multiples facettes de ce grand homme.<\/p>\n<p>La troisi\u00e8me, &#8220;L&#8217;eau sur Mars&#8221; au Pavillon de l&#8217;eau \u00e0 Paris, mettra en lumi\u00e8re les r\u00e9centes d\u00e9couvertes des scientifiques autour de la mission Curiosity.<\/p>\n<p>Enfin, apr\u00e8s la conception du logotype-label de la comm\u00e9moration de la mort de Jean-Jaur\u00e8s, &#8220;2014 ann\u00e9e Jaur\u00e8s&#8221;, et l&#8217;exposition aux Archives Nationales, l&#8217;agence devient co-\u00e9ditrice d&#8217;une exposition mobile (quinze panneaux graphiques et un module audiovisuel sur la base de vues 3D de la Guerre de 14-18), p\u00e9dagogique et tr\u00e8s abordable financi\u00e8rement, sur le parcours de Jean Jaur\u00e8s (en visuel).<\/p>\n<p>L&#8217;agence livrera aussi la seconde et derni\u00e8re phase de travail pour la r\u00e9alisation du Centre d&#8217;Information Touristique du Mont St Michel.<\/p>\n<p><b>\u00a0<\/b>www.la-fabrique-creative.fr<\/p>\n<p><strong>La fabrique cr\u00e9ative sera pr\u00e9sente au SimeSitem sur le stand B9, les 28-29-30 janvier 2014 au Carrousel du Louvre.<\/strong><\/p>\n<p><strong>Consultez la Fiche Annuaire de LA FABRIQUE CR\u00c9ATIVE : <\/strong><br \/>\n<a href=\"http:\/\/www.museumexperts.com\/annuaire\/prestataire\/3242\" target=\"_blank\">www.museumexperts.com\/annuaire\/prestataire\/3242<\/a><\/p>\n<p><strong>\u00a0<\/strong><\/p>\n","protected":false},"excerpt":{"rendered":"Le d\u00e9but d&#8217;ann\u00e9e s&#8217;annonce intense pour La fabrique cr\u00e9ative. Les 4 premiers mois de 2014 verront la livraison de 4 expositions. La premi\u00e8re, en janvier \u00e0 la Corderie Royale de Rochefort, intitul\u00e9e &#8220;Des embruns dans les bulles&#8221;, est sur la th\u00e9matique de la BD et de la mer. Une nouvelle mani\u00e8re d&#8217;appr\u00e9hender cette th\u00e9matique, \u00e0&#8230; <br><a class=\"readm\" href=\"https:\/\/www.sitem.fr\/en\/la-fabrique-creative-scenographies-2014\/\">Read more<\/a>","protected":false},"author":2,"featured_media":2487,"comment_status":"open","ping_status":"open","sticky":false,"template":"","format":"standard","meta":{"_acf_changed":false,"footnotes":""},"categories":[1],"tags":[166,112,53,236,44,47,219],"class_list":["post-2383","post","type-post","status-publish","format-standard","has-post-thumbnail","hentry","category-non-classifiee","tag-archives-nationales","tag-corderie-royale","tag-exposition","tag-jaures","tag-la-fabrique-creative","tag-mont-saint-michel","tag-simesitem-2014"],"acf":[],"_links":{"self":[{"href":"https:\/\/www.sitem.fr\/en\/wp-json\/wp\/v2\/posts\/2383","targetHints":{"allow":["GET"]}}],"collection":[{"href":"https:\/\/www.sitem.fr\/en\/wp-json\/wp\/v2\/posts"}],"about":[{"href":"https:\/\/www.sitem.fr\/en\/wp-json\/wp\/v2\/types\/post"}],"author":[{"embeddable":true,"href":"https:\/\/www.sitem.fr\/en\/wp-json\/wp\/v2\/users\/2"}],"replies":[{"embeddable":true,"href":"https:\/\/www.sitem.fr\/en\/wp-json\/wp\/v2\/comments?post=2383"}],"version-history":[{"count":10,"href":"https:\/\/www.sitem.fr\/en\/wp-json\/wp\/v2\/posts\/2383\/revisions"}],"predecessor-version":[{"id":10714,"href":"https:\/\/www.sitem.fr\/en\/wp-json\/wp\/v2\/posts\/2383\/revisions\/10714"}],"wp:featuredmedia":[{"embeddable":true,"href":"https:\/\/www.sitem.fr\/en\/wp-json\/wp\/v2\/media\/2487"}],"wp:attachment":[{"href":"https:\/\/www.sitem.fr\/en\/wp-json\/wp\/v2\/media?parent=2383"}],"wp:term":[{"taxonomy":"category","embeddable":true,"href":"https:\/\/www.sitem.fr\/en\/wp-json\/wp\/v2\/categories?post=2383"},{"taxonomy":"post_tag","embeddable":true,"href":"https:\/\/www.sitem.fr\/en\/wp-json\/wp\/v2\/tags?post=2383"}],"curies":[{"name":"wp","href":"https:\/\/api.w.org\/{rel}","templated":true}]}}