{"id":24925,"date":"2020-09-10T12:26:02","date_gmt":"2020-09-10T10:26:02","guid":{"rendered":"https:\/\/www.sitem.fr\/?p=24925"},"modified":"2020-09-10T16:09:45","modified_gmt":"2020-09-10T14:09:45","slug":"kunstmuseum-ahrenshoop-un-musee-pour-relier-les-artistes-avec-le-paysage-par-staab-architekten","status":"publish","type":"post","link":"https:\/\/www.sitem.fr\/en\/kunstmuseum-ahrenshoop-un-musee-pour-relier-les-artistes-avec-le-paysage-par-staab-architekten\/","title":{"rendered":"Kunstmuseum Ahrenshoop, un mus\u00e9e pour relier les artistes avec le paysage par Staab Architekten"},"content":{"rendered":"<p>Le <a href=\"https:\/\/kunstmuseum-ahrenshoop.de\/\" target=\"_blank\" rel=\"noopener noreferrer\">Kunstmuseum<\/a> con\u00e7u par <a href=\"http:\/\/staab-architekten.com\/\" target=\"_blank\" rel=\"noopener noreferrer\">Staab Architekten<\/a> se situe \u00e0 Ahrenshoop, sur l\u2019\u00e9troite p\u00e9ninsule entre Fischland et Darss, en Allemagne. Cette zone peu peupl\u00e9e de la mer Baltique, avec ses dunes et ses vastes prairies et champs, offre une incroyable richesse de paysages.<\/p>\n<p>&nbsp;<\/p>\n<p>Une colonie d\u2019artistes a \u00e9t\u00e9 fond\u00e9e dans cette station baln\u00e9aire \u00e0 la fin du XIXe si\u00e8cle, attirant des artistes dont le travail et les maisons refl\u00e8tent un lien profond avec le paysage et la tradition de construction de la r\u00e9gion. Un mus\u00e9e d\u2019art devait \u00eatre d\u00e9di\u00e9 \u00e0 ces artistes et \u00e0 l\u2019histoire de leur colonie. C\u2019est pourquoi, un terrain sinueux \u00e0 l\u2019entr\u00e9e d\u2019Ahrenshoop a \u00e9t\u00e9 mis \u00e0 disposition avec un petit budget de construction.<\/p>\n<p>&nbsp;<\/p>\n<p><em>\u00ab\u00a0La cl\u00e9 de notre concept architectural r\u00e9side dans la relation \u00e9troite des artistes avec le paysage. Le but \u00e9tait de cr\u00e9er un b\u00e2timent qui, \u00e0 premi\u00e8re vue, semblait avoir \u00e9t\u00e9 l\u00e0 depuis toujours, et ce n\u2019est qu\u2019au second regard que d\u00e9ploierait son autonomie en tant qu\u2019institution culturelle.\u00a0\u00bb <\/em>\u2013\u00a0Staab Architekten<\/p>\n<p>&nbsp;<\/p>\n<p>Source et suite de l&#8217;article sur : <strong><a href=\"http:\/\/www.journal-du-design.fr\/architecture\/kunstmuseum-ahrenshoop-un-musee-pour-relier-les-artistes-avec-le-paysage-par-staab-architekten-129637\/\">http:\/\/www.journal-du-design.fr\/architecture\/kunstmuseum-ahrenshoop-un-musee-pour-relier-les-artistes-avec-le-paysage-par-staab-architekten-129637\/<\/a><\/strong><\/p>\n<p>&nbsp;<\/p>\n<p><strong>En savoir plus sur\u00a0<a href=\"http:\/\/staab-architekten.com\/\" target=\"_blank\" rel=\"noopener noreferrer\">Staab Architekten<\/a><\/strong><br \/>\n<strong>Photos :\u00a0<a href=\"http:\/\/stefanjosefmueller.de\/\" target=\"_blank\" rel=\"noopener noreferrer\">Stefan M\u00fcller<\/a><\/strong><\/p>\n<p><img loading=\"lazy\" decoding=\"async\" width=\"620\" height=\"426\" class=\"alignnone size-medium wp-image-24930\" src=\"https:\/\/www.sitem.fr\/wp-content\/uploads\/2020\/09\/Kunstmuseum-Ahrenshoop-3-tt-width-620-height-426-lazyload-0-crop-1-bgcolor-000000-except_gif-1.jpg\" alt=\"\" srcset=\"https:\/\/www.sitem.fr\/wp-content\/uploads\/2020\/09\/Kunstmuseum-Ahrenshoop-3-tt-width-620-height-426-lazyload-0-crop-1-bgcolor-000000-except_gif-1.jpg 620w, https:\/\/www.sitem.fr\/wp-content\/uploads\/2020\/09\/Kunstmuseum-Ahrenshoop-3-tt-width-620-height-426-lazyload-0-crop-1-bgcolor-000000-except_gif-1-600x412.jpg 600w\" sizes=\"auto, (max-width: 620px) 100vw, 620px\" \/><\/p>\n","protected":false},"excerpt":{"rendered":"Le Kunstmuseum con\u00e7u par Staab Architekten se situe \u00e0 Ahrenshoop, sur l\u2019\u00e9troite p\u00e9ninsule entre Fischland et Darss, en Allemagne. Cette zone peu peupl\u00e9e de la mer Baltique, avec ses dunes et ses vastes prairies et champs, offre une incroyable richesse de paysages. &nbsp; Une colonie d\u2019artistes a \u00e9t\u00e9 fond\u00e9e dans cette station baln\u00e9aire \u00e0 la&#8230; <br><a class=\"readm\" href=\"https:\/\/www.sitem.fr\/en\/kunstmuseum-ahrenshoop-un-musee-pour-relier-les-artistes-avec-le-paysage-par-staab-architekten\/\">Read more<\/a>","protected":false},"author":12,"featured_media":24928,"comment_status":"closed","ping_status":"closed","sticky":false,"template":"","format":"standard","meta":{"_acf_changed":false,"footnotes":""},"categories":[1111,1],"tags":[],"class_list":["post-24925","post","type-post","status-publish","format-standard","has-post-thumbnail","hentry","category-actualites-recentes","category-non-classifiee"],"acf":[],"_links":{"self":[{"href":"https:\/\/www.sitem.fr\/en\/wp-json\/wp\/v2\/posts\/24925","targetHints":{"allow":["GET"]}}],"collection":[{"href":"https:\/\/www.sitem.fr\/en\/wp-json\/wp\/v2\/posts"}],"about":[{"href":"https:\/\/www.sitem.fr\/en\/wp-json\/wp\/v2\/types\/post"}],"author":[{"embeddable":true,"href":"https:\/\/www.sitem.fr\/en\/wp-json\/wp\/v2\/users\/12"}],"replies":[{"embeddable":true,"href":"https:\/\/www.sitem.fr\/en\/wp-json\/wp\/v2\/comments?post=24925"}],"version-history":[{"count":4,"href":"https:\/\/www.sitem.fr\/en\/wp-json\/wp\/v2\/posts\/24925\/revisions"}],"predecessor-version":[{"id":24997,"href":"https:\/\/www.sitem.fr\/en\/wp-json\/wp\/v2\/posts\/24925\/revisions\/24997"}],"wp:featuredmedia":[{"embeddable":true,"href":"https:\/\/www.sitem.fr\/en\/wp-json\/wp\/v2\/media\/24928"}],"wp:attachment":[{"href":"https:\/\/www.sitem.fr\/en\/wp-json\/wp\/v2\/media?parent=24925"}],"wp:term":[{"taxonomy":"category","embeddable":true,"href":"https:\/\/www.sitem.fr\/en\/wp-json\/wp\/v2\/categories?post=24925"},{"taxonomy":"post_tag","embeddable":true,"href":"https:\/\/www.sitem.fr\/en\/wp-json\/wp\/v2\/tags?post=24925"}],"curies":[{"name":"wp","href":"https:\/\/api.w.org\/{rel}","templated":true}]}}