{"id":24933,"date":"2020-09-10T12:24:10","date_gmt":"2020-09-10T10:24:10","guid":{"rendered":"https:\/\/www.sitem.fr\/?p=24933"},"modified":"2020-09-10T16:11:12","modified_gmt":"2020-09-10T14:11:12","slug":"dans-les-musees-des-mouvements-sociaux-invisibles","status":"publish","type":"post","link":"https:\/\/www.sitem.fr\/en\/dans-les-musees-des-mouvements-sociaux-invisibles\/","title":{"rendered":"Dans les mus\u00e9es, des mouvements sociaux invisibles"},"content":{"rendered":"<p>Un membre du personnel du Louvre traverse le hall, sous la pyramide. Thomas Coex\/AFP<\/p>\n<p>&nbsp;<\/p>\n<p>Apr\u00e8s trois mois de fermeture li\u00e9e \u00e0 la pand\u00e9mie de Covid-19, visiteurs et touristes reprennent progressivement les chemins des mus\u00e9es rouverts de fa\u00e7on partielle depuis le 2\u00a0juin. Dans le secteur, les d\u00e9ficits caus\u00e9s par la pand\u00e9mie, parfois consid\u00e9rables, risquent de les affecter durablement. Priv\u00e9s de trois mois de recettes de billetterie et amput\u00e9s de leurs autres ressources (revenus des concessions, privatisation d\u2019espaces, itin\u00e9rances d\u2019expositions, \u00e9dition\u2026) tous les mus\u00e9es constatent une s\u00e9v\u00e8re d\u00e9gradation de\u00a0<a href=\"https:\/\/www.lemonde.fr\/economie\/article\/2020\/04\/09\/coronavirus-l-economie-des-musees-touchee-de-plein-fouet_6036089_3234.html\">leurs r\u00e9sultats financiers<\/a>.<\/p>\n<p>&nbsp;<\/p>\n<p>Si quelques mus\u00e9es et monuments n\u2019ont pas ouvert leurs portes le jour des gr\u00e8ves nationales de janvier 2020\u00a0contre la r\u00e9forme des retraites, comme le mus\u00e9e d\u2019Orsay ou le mus\u00e9e Picasso, d\u2019autres mus\u00e9es sont rest\u00e9s ouverts mais pas \u00e0 plein r\u00e9gime \u2013 seules certaines salles \u00e9tant ferm\u00e9es. Les raisons de la faible participation des travailleurs de la Culture \u00e0 la gr\u00e8ve contre la r\u00e9forme des retraites, en dehors de cas embl\u00e9matiques comme l\u2019Op\u00e9ra de Paris ou la Com\u00e9die-Fran\u00e7aise, tiennent certes \u00e0 leur attachement \u00e0 la\u00a0<a href=\"https:\/\/www.lemonde.fr\/idees\/article\/2020\/01\/24\/la-greve-ne-prend-pas-car-les-musees-ou-les-salles-de-spectacles-sont-attaches-a-ce-que-l-art-continue_6027111_3232.html\">continuit\u00e9 du service public artistique<\/a>.<\/p>\n<p>&nbsp;<\/p>\n<p>Source et Suite de l&#8217;article sur <strong><a href=\"https:\/\/theconversation.com\/dans-les-musees-des-mouvements-sociaux-invisibles-133486\">https:\/\/theconversation.com\/dans-les-musees-des-mouvements-sociaux-invisibles-133486<\/a><\/strong><\/p>\n<p>&nbsp;<\/p>\n","protected":false},"excerpt":{"rendered":"Un membre du personnel du Louvre traverse le hall, sous la pyramide. Thomas Coex\/AFP &nbsp; Apr\u00e8s trois mois de fermeture li\u00e9e \u00e0 la pand\u00e9mie de Covid-19, visiteurs et touristes reprennent progressivement les chemins des mus\u00e9es rouverts de fa\u00e7on partielle depuis le 2\u00a0juin. Dans le secteur, les d\u00e9ficits caus\u00e9s par la pand\u00e9mie, parfois consid\u00e9rables, risquent de&#8230; <br><a class=\"readm\" href=\"https:\/\/www.sitem.fr\/en\/dans-les-musees-des-mouvements-sociaux-invisibles\/\">Read more<\/a>","protected":false},"author":12,"featured_media":24934,"comment_status":"closed","ping_status":"closed","sticky":false,"template":"","format":"standard","meta":{"_acf_changed":false,"footnotes":""},"categories":[1111],"tags":[],"class_list":["post-24933","post","type-post","status-publish","format-standard","has-post-thumbnail","hentry","category-actualites-recentes"],"acf":[],"_links":{"self":[{"href":"https:\/\/www.sitem.fr\/en\/wp-json\/wp\/v2\/posts\/24933","targetHints":{"allow":["GET"]}}],"collection":[{"href":"https:\/\/www.sitem.fr\/en\/wp-json\/wp\/v2\/posts"}],"about":[{"href":"https:\/\/www.sitem.fr\/en\/wp-json\/wp\/v2\/types\/post"}],"author":[{"embeddable":true,"href":"https:\/\/www.sitem.fr\/en\/wp-json\/wp\/v2\/users\/12"}],"replies":[{"embeddable":true,"href":"https:\/\/www.sitem.fr\/en\/wp-json\/wp\/v2\/comments?post=24933"}],"version-history":[{"count":3,"href":"https:\/\/www.sitem.fr\/en\/wp-json\/wp\/v2\/posts\/24933\/revisions"}],"predecessor-version":[{"id":24999,"href":"https:\/\/www.sitem.fr\/en\/wp-json\/wp\/v2\/posts\/24933\/revisions\/24999"}],"wp:featuredmedia":[{"embeddable":true,"href":"https:\/\/www.sitem.fr\/en\/wp-json\/wp\/v2\/media\/24934"}],"wp:attachment":[{"href":"https:\/\/www.sitem.fr\/en\/wp-json\/wp\/v2\/media?parent=24933"}],"wp:term":[{"taxonomy":"category","embeddable":true,"href":"https:\/\/www.sitem.fr\/en\/wp-json\/wp\/v2\/categories?post=24933"},{"taxonomy":"post_tag","embeddable":true,"href":"https:\/\/www.sitem.fr\/en\/wp-json\/wp\/v2\/tags?post=24933"}],"curies":[{"name":"wp","href":"https:\/\/api.w.org\/{rel}","templated":true}]}}