{"id":25564,"date":"2020-09-23T12:38:43","date_gmt":"2020-09-23T10:38:43","guid":{"rendered":"https:\/\/www.sitem.fr\/?p=25564"},"modified":"2020-09-23T12:39:01","modified_gmt":"2020-09-23T10:39:01","slug":"akken-letrange-balade-sonore-de-fontenay","status":"publish","type":"post","link":"https:\/\/www.sitem.fr\/en\/akken-letrange-balade-sonore-de-fontenay\/","title":{"rendered":"Akken : L&#8217;Etrange balade sonore de Fontenay"},"content":{"rendered":"<p>Les visiteurs, petits ou grands, d\u00e9couvrent <a href=\"https:\/\/www.fontenay-vendee-tourisme.com\/decouvrir\/nos-experiences\/fontenautes\">Fontenay-le-Comte<\/a>, munis d&#8217;un casque audio. Ils sont accompagn\u00e9s d&#8217;un curieux petit personnage, sorte d\u2019ami invisible et imaginaire, qui va les guider au fur et \u00e0 mesure de leurs p\u00e9r\u00e9grinations.<\/p>\n<p>Par une \u00e9coute g\u00e9olocalis\u00e9e dans les rues de Fontenay, cette balade est une invitation \u00e0 s\u2019aventurer dans cette interzone parall\u00e8le et secr\u00e8te, intens\u00e9ment habit\u00e9e par les personnages r\u00e9els ou fictifs qui ont arpent\u00e9 la ville avant nous.<\/p>\n<p>Partez \u00e0 la rencontre de Tanagrau, le g\u00e9ant de l&#8217;H\u00f4tel de la P\u00e9rate, de la Dormeuse de Chaix, des Ondines qui peuplent la Rivi\u00e8re Vend\u00e9e, d&#8217;un petit mulot qui idol\u00e2tre le G\u00e9n\u00e9ral Belliard ou encore de deux coqs qui s&#8217;invectivent \u00e0 longueur de si\u00e8cles au dessus de nos t\u00eates&#8230;\u00a0!<\/p>\n<p><strong><a href=\"https:\/\/www.fontenay-vendee-tourisme.com\/decouvrir\/nos-experiences\/fontenautes\">https:\/\/www.fontenay-vendee-tourisme.com\/decouvrir\/nos-experiences\/fontenautes<\/a><\/strong><\/p>\n","protected":false},"excerpt":{"rendered":"Les visiteurs, petits ou grands, d\u00e9couvrent Fontenay-le-Comte, munis d&#8217;un casque audio. Ils sont accompagn\u00e9s d&#8217;un curieux petit personnage, sorte d\u2019ami invisible et imaginaire, qui va les guider au fur et \u00e0 mesure de leurs p\u00e9r\u00e9grinations. Par une \u00e9coute g\u00e9olocalis\u00e9e dans les rues de Fontenay, cette balade est une invitation \u00e0 s\u2019aventurer dans cette interzone parall\u00e8le&#8230; <br><a class=\"readm\" href=\"https:\/\/www.sitem.fr\/en\/akken-letrange-balade-sonore-de-fontenay\/\">Read more<\/a>","protected":false},"author":12,"featured_media":25565,"comment_status":"closed","ping_status":"closed","sticky":false,"template":"","format":"standard","meta":{"_acf_changed":false,"footnotes":""},"categories":[1111,149,154,916,1327],"tags":[491,927,41,797],"class_list":["post-25564","post","type-post","status-publish","format-standard","has-post-thumbnail","hentry","category-actualites-recentes","category-interactivite-2","category-son-2","category-tourisme","category-valorisation-et-etude-des-collections-museales-et-patrimoniales","tag-akken","tag-interactivite","tag-tourisme-culturel","tag-visite-guidee"],"acf":[],"_links":{"self":[{"href":"https:\/\/www.sitem.fr\/en\/wp-json\/wp\/v2\/posts\/25564","targetHints":{"allow":["GET"]}}],"collection":[{"href":"https:\/\/www.sitem.fr\/en\/wp-json\/wp\/v2\/posts"}],"about":[{"href":"https:\/\/www.sitem.fr\/en\/wp-json\/wp\/v2\/types\/post"}],"author":[{"embeddable":true,"href":"https:\/\/www.sitem.fr\/en\/wp-json\/wp\/v2\/users\/12"}],"replies":[{"embeddable":true,"href":"https:\/\/www.sitem.fr\/en\/wp-json\/wp\/v2\/comments?post=25564"}],"version-history":[{"count":1,"href":"https:\/\/www.sitem.fr\/en\/wp-json\/wp\/v2\/posts\/25564\/revisions"}],"predecessor-version":[{"id":25568,"href":"https:\/\/www.sitem.fr\/en\/wp-json\/wp\/v2\/posts\/25564\/revisions\/25568"}],"wp:featuredmedia":[{"embeddable":true,"href":"https:\/\/www.sitem.fr\/en\/wp-json\/wp\/v2\/media\/25565"}],"wp:attachment":[{"href":"https:\/\/www.sitem.fr\/en\/wp-json\/wp\/v2\/media?parent=25564"}],"wp:term":[{"taxonomy":"category","embeddable":true,"href":"https:\/\/www.sitem.fr\/en\/wp-json\/wp\/v2\/categories?post=25564"},{"taxonomy":"post_tag","embeddable":true,"href":"https:\/\/www.sitem.fr\/en\/wp-json\/wp\/v2\/tags?post=25564"}],"curies":[{"name":"wp","href":"https:\/\/api.w.org\/{rel}","templated":true}]}}