{"id":25587,"date":"2020-09-24T15:57:49","date_gmt":"2020-09-24T13:57:49","guid":{"rendered":"https:\/\/www.sitem.fr\/?p=25587"},"modified":"2020-09-24T15:57:49","modified_gmt":"2020-09-24T13:57:49","slug":"tilde-signe-lexposition-curieuses-collections-au-musee-archeologique-de-loise-picardie","status":"publish","type":"post","link":"https:\/\/www.sitem.fr\/en\/tilde-signe-lexposition-curieuses-collections-au-musee-archeologique-de-loise-picardie\/","title":{"rendered":"TILDE signe l\u2019exposition Curieuses Collections au Mus\u00e9e Arch\u00e9ologique de l\u2019Oise Picardie"},"content":{"rendered":"<p>Quel est le point commun entre un silex taill\u00e9, une monnaie gauloise, des col\u00e9opt\u00e8res, des amulettes maraboutiques s\u00e9n\u00e9galaises et des arbres sacr\u00e9s picards\u00a0?<\/p>\n<p>Tous ces objets h\u00e9t\u00e9roclites de prime abord, sont en fait le r\u00e9sultat de collectes scientifiques, qui mettent en avant des classifications et des mani\u00e8res de comprendre le Vivant ou les soci\u00e9t\u00e9s humaines. A travers ces objets, c\u2019est tout le processus scientifique qui est mis en avant\u00a0: comment d\u00e9termine-t-on ce qu\u2019on collecte\u00a0? Pourquoi\u00a0? Dans quels buts\u00a0? Comment se cr\u00e9ent les collections\u00a0?<\/p>\n<p>L\u2019exposition s&#8217;articule\u00a0autour de quatre th\u00e9matiques\u00a0: Collecter le Pass\u00e9,\u00a0Collecter et enseigner la Nature, Collecter Au-del\u00e0 de nos fronti\u00e8res, Collecter l\u2019Immat\u00e9riel.<\/p>\n<p>Et pour finir, un petit clin d\u2019\u0153il vous attend : la reconstitution d\u2019un cabinet de curiosit\u00e9 d\u2019un collectionneur du 19<sup>e<\/sup> si\u00e8cle pour plonger dans l\u2019atmosph\u00e8re et l\u2019\u00e9mulation de l\u2019\u00e9poque&#8230;<\/p>\n<p><img loading=\"lazy\" decoding=\"async\" width=\"680\" height=\"437\" class=\"size-medium wp-image-25588 alignleft\" src=\"https:\/\/www.sitem.fr\/wp-content\/uploads\/2020\/09\/meubles3_expo_curieuses_collections-680x437.jpg\" alt=\"\" srcset=\"https:\/\/www.sitem.fr\/wp-content\/uploads\/2020\/09\/meubles3_expo_curieuses_collections-680x437.jpg 680w, https:\/\/www.sitem.fr\/wp-content\/uploads\/2020\/09\/meubles3_expo_curieuses_collections-600x386.jpg 600w, https:\/\/www.sitem.fr\/wp-content\/uploads\/2020\/09\/meubles3_expo_curieuses_collections-768x494.jpg 768w, https:\/\/www.sitem.fr\/wp-content\/uploads\/2020\/09\/meubles3_expo_curieuses_collections.jpg 1111w\" sizes=\"auto, (max-width: 680px) 100vw, 680px\" \/><\/p>\n<p>&nbsp;<\/p>\n<p>&nbsp;<\/p>\n<p>&nbsp;<\/p>\n<p>&nbsp;<\/p>\n<p>&nbsp;<\/p>\n<p>&nbsp;<\/p>\n<p>&nbsp;<\/p>\n<p>&nbsp;<\/p>\n<p>&nbsp;<\/p>\n<p>&nbsp;<\/p>\n<p>&nbsp;<\/p>\n<p>&nbsp;<\/p>\n<p><strong><a href=\"https:\/\/m-a-o.org\/fr\/rb\/503687\/curieuses-collections\">L&#8217;art de la collecte\u00a0: En hommage aux collectionneurs et cabinets de curiosit\u00e9s XIXe.<\/a><\/strong><\/p>\n<p>Au MAO \u2022 Mus\u00e9e Arch\u00e9ologique de l\u2019Oise Picardie,\u00a0 Vendeuil-Caply. Exposition annuelle du 15 f\u00e9vrier au 31<sup>\u00a0<\/sup>juillet 2021\u00a0\u00a9 Commissariat d\u2019exposition\u00a0: Val\u00e9rie Kozlowksi, r\u00e9gie des \u0153uvres\u00a0: Sandra Legrand Peinture. Installation accrochage\u00a0: services techniques, M\u00e9diation public\u00a0: Amandine Lagny &amp; Nicolas Delaire<\/p>\n<p><strong><a href=\"https:\/\/atelier-tilde.fr\/2020\/03\/09\/curieuses-collections-exposition\/\">Conception et r\u00e9alisation de la sc\u00e9nographie, du graphisme et la communication visuelle de l\u2019exposition\u00a0: TILDE 2020<\/a><\/strong><\/p>\n<p>Direction artistique et pose signal\u00e9tique\u00a0: Th\u00e9matique argent\u00e9e \/ gris architectural avec des pointes de couleurs fluos en stickers et en r\u00e9tro\u00e9clairage. \u00a9 Mathilde Marguerite Bardel. Avec des mobiliers d\u2019\u00e9poque repeints et chin\u00e9s chez Emma\u00fcs (remerciements \u00e0 la communaut\u00e9 de Mably et Marcigny et \u00e0 MC sans qui rien ne serait possible\u00a0!)<\/p>\n<p><img loading=\"lazy\" decoding=\"async\" width=\"680\" height=\"437\" class=\"alignnone size-medium wp-image-25592\" src=\"https:\/\/www.sitem.fr\/wp-content\/uploads\/2020\/09\/salle3_expo_curieuses_collec-680x437.jpg\" alt=\"\" srcset=\"https:\/\/www.sitem.fr\/wp-content\/uploads\/2020\/09\/salle3_expo_curieuses_collec-680x437.jpg 680w, https:\/\/www.sitem.fr\/wp-content\/uploads\/2020\/09\/salle3_expo_curieuses_collec-600x386.jpg 600w, https:\/\/www.sitem.fr\/wp-content\/uploads\/2020\/09\/salle3_expo_curieuses_collec-768x494.jpg 768w, https:\/\/www.sitem.fr\/wp-content\/uploads\/2020\/09\/salle3_expo_curieuses_collec.jpg 1111w\" sizes=\"auto, (max-width: 680px) 100vw, 680px\" \/><\/p>\n<p>Photographies \u2022 2020 \u00a9 Guillaume Cousin pour<strong> <a href=\"http:\/\/www.atelier-tilde.fr\">www.atelier-tilde.fr<\/a><\/strong><\/p>\n","protected":false},"excerpt":{"rendered":"Quel est le point commun entre un silex taill\u00e9, une monnaie gauloise, des col\u00e9opt\u00e8res, des amulettes maraboutiques s\u00e9n\u00e9galaises et des arbres sacr\u00e9s picards\u00a0? Tous ces objets h\u00e9t\u00e9roclites de prime abord, sont en fait le r\u00e9sultat de collectes scientifiques, qui mettent en avant des classifications et des mani\u00e8res de comprendre le Vivant ou les soci\u00e9t\u00e9s humaines&#8230;. <br><a class=\"readm\" href=\"https:\/\/www.sitem.fr\/en\/tilde-signe-lexposition-curieuses-collections-au-musee-archeologique-de-loise-picardie\/\">Read more<\/a>","protected":false},"author":12,"featured_media":25590,"comment_status":"closed","ping_status":"closed","sticky":false,"template":"","format":"standard","meta":{"_acf_changed":false,"footnotes":""},"categories":[140,1325],"tags":[508,53,822,632],"class_list":["post-25587","post","type-post","status-publish","format-standard","has-post-thumbnail","hentry","category-communication","category-museographie-scenographie-graphisme-signaletique","tag-atelier-tilde","tag-exposition","tag-graphisme","tag-scenographie"],"acf":[],"_links":{"self":[{"href":"https:\/\/www.sitem.fr\/en\/wp-json\/wp\/v2\/posts\/25587","targetHints":{"allow":["GET"]}}],"collection":[{"href":"https:\/\/www.sitem.fr\/en\/wp-json\/wp\/v2\/posts"}],"about":[{"href":"https:\/\/www.sitem.fr\/en\/wp-json\/wp\/v2\/types\/post"}],"author":[{"embeddable":true,"href":"https:\/\/www.sitem.fr\/en\/wp-json\/wp\/v2\/users\/12"}],"replies":[{"embeddable":true,"href":"https:\/\/www.sitem.fr\/en\/wp-json\/wp\/v2\/comments?post=25587"}],"version-history":[{"count":1,"href":"https:\/\/www.sitem.fr\/en\/wp-json\/wp\/v2\/posts\/25587\/revisions"}],"predecessor-version":[{"id":25594,"href":"https:\/\/www.sitem.fr\/en\/wp-json\/wp\/v2\/posts\/25587\/revisions\/25594"}],"wp:featuredmedia":[{"embeddable":true,"href":"https:\/\/www.sitem.fr\/en\/wp-json\/wp\/v2\/media\/25590"}],"wp:attachment":[{"href":"https:\/\/www.sitem.fr\/en\/wp-json\/wp\/v2\/media?parent=25587"}],"wp:term":[{"taxonomy":"category","embeddable":true,"href":"https:\/\/www.sitem.fr\/en\/wp-json\/wp\/v2\/categories?post=25587"},{"taxonomy":"post_tag","embeddable":true,"href":"https:\/\/www.sitem.fr\/en\/wp-json\/wp\/v2\/tags?post=25587"}],"curies":[{"name":"wp","href":"https:\/\/api.w.org\/{rel}","templated":true}]}}