{"id":25601,"date":"2020-09-24T16:31:27","date_gmt":"2020-09-24T14:31:27","guid":{"rendered":"https:\/\/www.sitem.fr\/?p=25601"},"modified":"2020-09-24T16:31:27","modified_gmt":"2020-09-24T14:31:27","slug":"polymorphe-design-cree-le-deuxieme-dispositif-multisensoriel-au-musee-reattu-arles","status":"publish","type":"post","link":"https:\/\/www.sitem.fr\/en\/polymorphe-design-cree-le-deuxieme-dispositif-multisensoriel-au-musee-reattu-arles\/","title":{"rendered":"Polymorphe Design cr\u00e9e le deuxi\u00e8me dispositif multisensoriel au Mus\u00e9e R\u00e9attu (Arles)"},"content":{"rendered":"<p class=\"p1\"><span class=\"s1\">L&#8217;\u0153uvre du moment, c&#8217;est un petit bijou. Une huile sur toile de petit format, peinte avec un pinceau qui ne semble fait que d&#8217;un seul poil tellement le d\u00e9tail est fin. Une image pr\u00e9cise qui nous renseigne sur le travail dans un atelier de couture proven\u00e7al de la seconde moiti\u00e9 du XVIIIe si\u00e8cle. <\/span><\/p>\n<p class=\"p1\"><span class=\"s1\">Foisonnement est un mot qui r\u00e9sume cette \u0153uvre : plein de couleurs, plein de plis, plein de motifs&#8230; on a l&#8217;impression de toucher les tissus, les bobines et les aiguilles entre points de couture et touches de peinture. De cet atelier pris sur le vif \u00e9mane une sensation de calme, de maitrise, de savoir-faire.<\/span><\/p>\n<p class=\"p1\"><span class=\"s1\">Cette \u0153uvre d&#8217;Antoine Raspal (c&#8217;est l&#8217;oncle de Jacques R\u00e9attu) est mise en avant \u00e0 Arles au mus\u00e9e Reattu jusqu&#8217;\u00e0 l&#8217;automne 2020. Si l&#8217;actualit\u00e9 sanitaire a n\u00e9cessit\u00e9 de supprimer les boites \u00e0 tissus, la transposition tactile du tableau est expos\u00e9e pour les visiteurs d\u00e9ficients visuels et les autres, et donne \u00e0 percevoir la sc\u00e8ne, ses personnages et la pr\u00e9ciosit\u00e9 de ses motifs.<\/span><\/p>\n<p class=\"p1\"><span class=\"s1\">Pour compl\u00e9ter l&#8217;accessibilit\u00e9 \u00e0 l&#8217;\u0153uvre, Julie MAZ\u00c9 (charg\u00e9e de la m\u00e9diation culturelle au mus\u00e9e R\u00e9attu) a r\u00e9dig\u00e9 l&#8217;audiodescription, enregistr\u00e9e par les donneurs de voix de la Biblioth\u00e8que Sonore du Pays d\u2019Arles, et a fait appel \u00e0 Vivien FONTVIEILLE et \u00e0 l&#8217;ASIP Vaucluse pour la mise en avant de cet \u0153uvre en LSF (visionnable ici : <strong><a href=\"https:\/\/vimeo.com\/263852499\"><span class=\"s2\">https:\/\/vimeo.com\/263852499<\/span><\/a><\/strong> )<\/span><\/p>\n<p class=\"p1\"><span class=\"s1\">Atelier de couture de Antoine Raspal, vers 1780, image tactile \u00e0 voir et \u00e0 toucher au mus\u00e9e R\u00e9attu, \u00e0 Arles<span class=\"Apple-converted-space\">\u00a0 <\/span>: <strong><a href=\"http:\/\/www.museereattu.arles.fr\/\"><span class=\"s2\">http:\/\/www.museereattu.arles.fr<\/span><\/a><\/strong><\/span><\/p>\n<p>\u00a0<img loading=\"lazy\" decoding=\"async\" width=\"330\" height=\"440\" class=\"alignnone size-medium wp-image-25604\" src=\"https:\/\/www.sitem.fr\/wp-content\/uploads\/2020\/09\/REATTU-RASPAL-TACTILE-2-330x440.jpeg\" alt=\"\" srcset=\"https:\/\/www.sitem.fr\/wp-content\/uploads\/2020\/09\/REATTU-RASPAL-TACTILE-2-330x440.jpeg 330w, https:\/\/www.sitem.fr\/wp-content\/uploads\/2020\/09\/REATTU-RASPAL-TACTILE-2-600x800.jpeg 600w, https:\/\/www.sitem.fr\/wp-content\/uploads\/2020\/09\/REATTU-RASPAL-TACTILE-2-768x1024.jpeg 768w, https:\/\/www.sitem.fr\/wp-content\/uploads\/2020\/09\/REATTU-RASPAL-TACTILE-2.jpeg 960w\" sizes=\"auto, (max-width: 330px) 100vw, 330px\" \/><\/p>\n","protected":false},"excerpt":{"rendered":"L&#8217;\u0153uvre du moment, c&#8217;est un petit bijou. Une huile sur toile de petit format, peinte avec un pinceau qui ne semble fait que d&#8217;un seul poil tellement le d\u00e9tail est fin. Une image pr\u00e9cise qui nous renseigne sur le travail dans un atelier de couture proven\u00e7al de la seconde moiti\u00e9 du XVIIIe si\u00e8cle. Foisonnement est&#8230; <br><a class=\"readm\" href=\"https:\/\/www.sitem.fr\/en\/polymorphe-design-cree-le-deuxieme-dispositif-multisensoriel-au-musee-reattu-arles\/\">Read more<\/a>","protected":false},"author":12,"featured_media":25602,"comment_status":"closed","ping_status":"closed","sticky":false,"template":"","format":"standard","meta":{"_acf_changed":false,"footnotes":""},"categories":[87,1328,149,154,1327],"tags":[778,705,703,329],"class_list":["post-25601","post","type-post","status-publish","format-standard","has-post-thumbnail","hentry","category-accessibilite","category-accessibilite-gestion-des-publics-aide-a-la-visite","category-interactivite-2","category-son-2","category-valorisation-et-etude-des-collections-museales-et-patrimoniales","tag-accessibilite","tag-arles","tag-dispositif-multisensoriel","tag-polymorphe-design"],"acf":[],"_links":{"self":[{"href":"https:\/\/www.sitem.fr\/en\/wp-json\/wp\/v2\/posts\/25601","targetHints":{"allow":["GET"]}}],"collection":[{"href":"https:\/\/www.sitem.fr\/en\/wp-json\/wp\/v2\/posts"}],"about":[{"href":"https:\/\/www.sitem.fr\/en\/wp-json\/wp\/v2\/types\/post"}],"author":[{"embeddable":true,"href":"https:\/\/www.sitem.fr\/en\/wp-json\/wp\/v2\/users\/12"}],"replies":[{"embeddable":true,"href":"https:\/\/www.sitem.fr\/en\/wp-json\/wp\/v2\/comments?post=25601"}],"version-history":[{"count":2,"href":"https:\/\/www.sitem.fr\/en\/wp-json\/wp\/v2\/posts\/25601\/revisions"}],"predecessor-version":[{"id":25607,"href":"https:\/\/www.sitem.fr\/en\/wp-json\/wp\/v2\/posts\/25601\/revisions\/25607"}],"wp:featuredmedia":[{"embeddable":true,"href":"https:\/\/www.sitem.fr\/en\/wp-json\/wp\/v2\/media\/25602"}],"wp:attachment":[{"href":"https:\/\/www.sitem.fr\/en\/wp-json\/wp\/v2\/media?parent=25601"}],"wp:term":[{"taxonomy":"category","embeddable":true,"href":"https:\/\/www.sitem.fr\/en\/wp-json\/wp\/v2\/categories?post=25601"},{"taxonomy":"post_tag","embeddable":true,"href":"https:\/\/www.sitem.fr\/en\/wp-json\/wp\/v2\/tags?post=25601"}],"curies":[{"name":"wp","href":"https:\/\/api.w.org\/{rel}","templated":true}]}}