{"id":25608,"date":"2020-09-24T16:34:15","date_gmt":"2020-09-24T14:34:15","guid":{"rendered":"https:\/\/www.sitem.fr\/?p=25608"},"modified":"2020-10-05T18:01:01","modified_gmt":"2020-10-05T16:01:01","slug":"point-de-fuite-scenographie-de-lexposition-la-police-des-lumieres-aux-archives-nationales","status":"publish","type":"post","link":"https:\/\/www.sitem.fr\/en\/point-de-fuite-scenographie-de-lexposition-la-police-des-lumieres-aux-archives-nationales\/","title":{"rendered":"Point de Fuite : Sc\u00e9nographie de l&#8217;exposition &#8220;La police des Lumi\u00e8res&#8221; aux Archives nationales"},"content":{"rendered":"<p class=\"p1\"><span class=\"s1\">Le 18 septembre s\u2019ouvre la nouvelle exposition des Archives nationales sur le site de Paris : La police des Lumi\u00e8res, ordre et d\u00e9sordre dans les villes au 18e si\u00e8cle.<\/span><\/p>\n<p class=\"p1\"><span class=\"s1\">\u00c0 travers environ 200 documents originaux provenant en grande partie des fonds du Ch\u00e2telet de Paris mais aussi de la biblioth\u00e8que de l&#8217;Arsenal, cette exposition illustre l&#8217;\u00e9mergence d&#8217;une police professionnalis\u00e9e \u00e0 Paris et dans les villes en pleine expansion du 18e si\u00e8cle. Le si\u00e8cle des Lumi\u00e8res est en mati\u00e8re de police un moment d&#8217;\u00e9changes intenses, de r\u00e9flexions et d&#8217;exp\u00e9rimentations.<\/span><\/p>\n<p class=\"p1\"><span class=\"s1\"><strong><a href=\"http:\/\/www.pointdefuite.fr\/\">L\u2019agence Point de Fuite<\/a> <\/strong>en a con\u00e7u la sc\u00e9nographie. Celle-ci, con\u00e7ue comme un cheminement urbain, propose aux visiteurs une d\u00e9ambulation entre de grandes structures anim\u00e9es et color\u00e9es de plus de 4 m de haut. L\u2019ensemble est impactant tout en respectant la volont\u00e9 p\u00e9dagogique forte pr\u00e9sentant les 7 th\u00e8mes de l\u2019exposition de fa\u00e7on distincte. La sc\u00e9nographie est aussi constitu\u00e9e de l\u2019\u00e9vocation d\u2019un bureau de commissaire, sous forme de d\u00e9cor r\u00e9aliste.<\/span><\/p>\n<p class=\"p1\"><span class=\"s1\">L\u2019agence Point de Fuite a \u00e9galement con\u00e7u tout l\u2019habillage graphique de l\u2019exposition : visuels, panneaux, d\u00e9cors, mais \u00e9galement la communication : affiches, invitations, d\u00e9pliant, sans oublier les outils de m\u00e9diation : livret de visite de plus de 100 pages\u2026 offrant ainsi une conception compl\u00e8te et coh\u00e9rente en faisant dialoguer \u00e9troitement la sc\u00e9nographie et le graphisme.<\/span><\/p>\n<p class=\"p1\"><span class=\"s1\">Ce projet est la cinqui\u00e8me collaboration entre Fr\u00e9d\u00e9ric Chauvaux et les services des Archives nationales.<\/span><\/p>\n<p>&nbsp;<\/p>\n","protected":false},"excerpt":{"rendered":"Le 18 septembre s\u2019ouvre la nouvelle exposition des Archives nationales sur le site de Paris : La police des Lumi\u00e8res, ordre et d\u00e9sordre dans les villes au 18e si\u00e8cle. \u00c0 travers environ 200 documents originaux provenant en grande partie des fonds du Ch\u00e2telet de Paris mais aussi de la biblioth\u00e8que de l&#8217;Arsenal, cette exposition illustre&#8230; <br><a class=\"readm\" href=\"https:\/\/www.sitem.fr\/en\/point-de-fuite-scenographie-de-lexposition-la-police-des-lumieres-aux-archives-nationales\/\">Read more<\/a>","protected":false},"author":12,"featured_media":25609,"comment_status":"closed","ping_status":"closed","sticky":false,"template":"","format":"standard","meta":{"_acf_changed":false,"footnotes":""},"categories":[1325],"tags":[70,166,53,632],"class_list":["post-25608","post","type-post","status-publish","format-standard","has-post-thumbnail","hentry","category-museographie-scenographie-graphisme-signaletique","tag-agence-point-de-fuite","tag-archives-nationales","tag-exposition","tag-scenographie"],"acf":[],"_links":{"self":[{"href":"https:\/\/www.sitem.fr\/en\/wp-json\/wp\/v2\/posts\/25608","targetHints":{"allow":["GET"]}}],"collection":[{"href":"https:\/\/www.sitem.fr\/en\/wp-json\/wp\/v2\/posts"}],"about":[{"href":"https:\/\/www.sitem.fr\/en\/wp-json\/wp\/v2\/types\/post"}],"author":[{"embeddable":true,"href":"https:\/\/www.sitem.fr\/en\/wp-json\/wp\/v2\/users\/12"}],"replies":[{"embeddable":true,"href":"https:\/\/www.sitem.fr\/en\/wp-json\/wp\/v2\/comments?post=25608"}],"version-history":[{"count":3,"href":"https:\/\/www.sitem.fr\/en\/wp-json\/wp\/v2\/posts\/25608\/revisions"}],"predecessor-version":[{"id":25712,"href":"https:\/\/www.sitem.fr\/en\/wp-json\/wp\/v2\/posts\/25608\/revisions\/25712"}],"wp:featuredmedia":[{"embeddable":true,"href":"https:\/\/www.sitem.fr\/en\/wp-json\/wp\/v2\/media\/25609"}],"wp:attachment":[{"href":"https:\/\/www.sitem.fr\/en\/wp-json\/wp\/v2\/media?parent=25608"}],"wp:term":[{"taxonomy":"category","embeddable":true,"href":"https:\/\/www.sitem.fr\/en\/wp-json\/wp\/v2\/categories?post=25608"},{"taxonomy":"post_tag","embeddable":true,"href":"https:\/\/www.sitem.fr\/en\/wp-json\/wp\/v2\/tags?post=25608"}],"curies":[{"name":"wp","href":"https:\/\/api.w.org\/{rel}","templated":true}]}}