{"id":25710,"date":"2020-10-06T13:03:44","date_gmt":"2020-10-06T11:03:44","guid":{"rendered":"https:\/\/www.sitem.fr\/?p=25710"},"modified":"2020-10-06T13:03:44","modified_gmt":"2020-10-06T11:03:44","slug":"un-musee-numerique-souvre-au-musee-du-chateau-de-flers-inedit-cest-la-premiere-micro-folie-installee-dans-lorne-61","status":"publish","type":"post","link":"https:\/\/www.sitem.fr\/en\/un-musee-numerique-souvre-au-musee-du-chateau-de-flers-inedit-cest-la-premiere-micro-folie-installee-dans-lorne-61\/","title":{"rendered":"Un mus\u00e9e num\u00e9rique s\u2019ouvre au mus\u00e9e du ch\u00e2teau de Flers, in\u00e9dit, c\u2019est la premi\u00e8re Micro-folie install\u00e9e dans l\u2019Orne (61)."},"content":{"rendered":"<p>Un mus\u00e9e num\u00e9rique sera officiellement inaugur\u00e9 ce vendredi 11 septembre \u00e0 Flers (Normandie-Orne). Les visiteurs du <a href=\"https:\/\/www.flers-agglo.fr\/culture-sports-et-loisirs\/vie-culturelle\/visiter-une-exposition\/musee-du-chateau-de-flers-decouverte-de-lart-expositions-animations-pour-tous-les-ages\/\">ch\u00e2teau-mus\u00e9e<\/a> peuvent maintenant d\u00e9couvrir les plus grands chefs-d\u2019\u0153uvre des mus\u00e9es nationaux et du territoire sur un \u00e9cran g\u00e9ant de plus de 3 m\u00e8tres 50 de base par une hauteur de 2 m\u00e8tres install\u00e9 par l\u2019\u00e9quipe <a href=\"https:\/\/contact-ste.com\/\">Contact STE<\/a> ! Un dispositif num\u00e9rique compl\u00e9t\u00e9 par une dizaine de tablettes tactiles qui peuvent interagir avec le grand \u00e9cran.<\/p>\n<p>Ce dispositif est propos\u00e9 par la Villette. Il s\u2019agit de la premi\u00e8re <a href=\"https:\/\/lavillette.com\/page\/micro-folie_a405\/1\">Micro-Folie<\/a> install\u00e9e dans l\u2019Orne. Elle est soutenue par la pr\u00e9fecture de l\u2019Orne dans le cadre de la Dotation de la Politique de la Ville.<\/p>\n<p>&nbsp;<\/p>\n<p>&nbsp;<\/p>\n<p><img loading=\"lazy\" decoding=\"async\" width=\"567\" height=\"425\" class=\"size-full wp-image-25725 aligncenter\" src=\"https:\/\/www.sitem.fr\/wp-content\/uploads\/2020\/10\/20200622_175318_min.jpg\" alt=\"\" \/><\/p>\n<p>&nbsp;<\/p>\n<p>Dans ce cadre Flers Agglo a confi\u00e9 \u00e0 l\u2019entreprise, normande, <a href=\"https:\/\/contact-ste.com\/\">Contact STE<\/a>, la fourniture et la pose d\u2019un mur d\u2019image dot\u00e9 d\u2019un pied de sol sur mesure et d\u2019une sonorisation st\u00e9r\u00e9o.<\/p>\n<p>Pour pouvoir r\u00e9aliser un \u00e9cran d\u2019une telle taille, le choix s\u2019est port\u00e9 sur la mise en place d\u2019un \u00ab\u00a0mur d\u2019images\u00a0\u00bb, c\u2019est-\u00e0-dire l\u2019assemblage de plusieurs moniteurs (\u00e9crans professionnels) LED Full HD \u00e0 bord tr\u00e8s fin (moins de 1.8mm). Ici ce sont 9 moniteurs 55\u2019\u2019 qui ont \u00e9t\u00e9 n\u00e9cessaires. L\u2019avantage de ces moniteurs, de derni\u00e8re g\u00e9n\u00e9ration (<a href=\"https:\/\/panasonic.net\/cns\/prodisplays\/products\/lfv9\/\">S\u00e9rie LFV9<\/a>), c\u2019est qu\u2019ils sont dot\u00e9s d\u2019un chainage en r\u00e9solution 4K garantissant un rendu optimal des d\u00e9tails des \u0153uvres pr\u00e9sent\u00e9es. Ils ont aussi une dalle mate, afin d\u2019\u00e9viter les reflets, ainsi qu\u2019une forte luminosit\u00e9 de 500cd\/m\u00b2, un angle de vue tr\u00e8s large (178\u00b0), un fort taux de contraste (1200:1) et sont fait pour fonctionner 24\/24-7j\/7.<\/p>\n<p>&nbsp;<\/p>\n<p>&nbsp;<\/p>\n<p>C\u2019est pour l\u2019ensemble de ces caract\u00e9ristiques essentiels que Contact STE a propos\u00e9 de r\u00e9aliser ce projet avec du mat\u00e9riel de la marque Japonaise PANASONIC garantissant un excellent rapport qualit\u00e9\/prix.<\/p>\n<p>Afin de maintenir 9 \u00e9crans les uns \u00e0 cot\u00e9 des autres, il a fallu faire fabriquer un pied de sol sur mesure, pour cela Contact STE \u00e0 fait appel \u00e0 l\u2019expertise de l\u2019entreprise fran\u00e7aise <a href=\"https:\/\/www.erardpro.com\/fr\/supports-pour-mur-d-images\/325-support-sol-pour-mur-d-images.html\">ERARD PRO<\/a> qui ont fabriqu\u00e9 une structure support, en acier, de plus de 350Kg dot\u00e9 d\u2019une multitudes de r\u00e9glages, sur les diff\u00e9rents axes, pour chaque \u00e9cran et ceux de mani\u00e8re ind\u00e9pendante afin de garantir un \u00e9cran parfaitement uniforme malgr\u00e9 l\u2019utilisation de 9 moniteurs distincts.<\/p>\n<p>&nbsp;<\/p>\n<p>&nbsp;<\/p>\n<p>Enfin pour sonoriser le dispositif, Contact STE a propos\u00e9 des enceintes colonnes <a href=\"https:\/\/www.bose.fr\/fr_fr\/products\/speakers\/portable_pa_speakers\/l1-compact-system.html\">L1 Compact<\/a> de chez BOSE afin de garantir un rendu sonore tr\u00e8s qualitatif tout en \u00e9tant le plus discret et esth\u00e9tique possible.<\/p>\n<p>&nbsp;<\/p>\n<p><img loading=\"lazy\" decoding=\"async\" width=\"330\" height=\"440\" class=\"size-medium wp-image-25713 aligncenter\" src=\"https:\/\/www.sitem.fr\/wp-content\/uploads\/2020\/10\/20200622_162713_min-330x440.jpg\" alt=\"\" srcset=\"https:\/\/www.sitem.fr\/wp-content\/uploads\/2020\/10\/20200622_162713_min-330x440.jpg 330w, https:\/\/www.sitem.fr\/wp-content\/uploads\/2020\/10\/20200622_162713_min.jpg 425w\" sizes=\"auto, (max-width: 330px) 100vw, 330px\" \/><\/p>\n<p>&nbsp;<\/p>\n<p>Si vous avez un projet d\u2019int\u00e9gration et o\u00f9 de programmation audiovisuelle, n\u2019h\u00e9sitez pas \u00e0 contacter, votre charg\u00e9 d\u2019affaires sp\u00e9cialis\u00e9 chez <a href=\"https:\/\/contact-ste.com\/distribution-integration-sav\/\">CONTACT STE<\/a>, Christopher Colin (06 99 81 54 16 \u2013 <a href=\"mailto:christopher.colin@contact-ste.com\">christopher.colin@contact-ste.com<\/a>)<\/p>\n<p>&nbsp;<\/p>\n<p>VOUS SOUHAITEZ EN SAVOIR PLUS SUR LE DISPOSITIF PROPOSE PAR LA VILLETTE\u00a0?<\/p>\n<p><img loading=\"lazy\" decoding=\"async\" width=\"587\" height=\"440\" class=\"size-medium wp-image-25719 aligncenter\" src=\"https:\/\/www.sitem.fr\/wp-content\/uploads\/2020\/10\/20200622_163058-587x440.jpg\" alt=\"\" srcset=\"https:\/\/www.sitem.fr\/wp-content\/uploads\/2020\/10\/20200622_163058-587x440.jpg 587w, https:\/\/www.sitem.fr\/wp-content\/uploads\/2020\/10\/20200622_163058-scaled-600x450.jpg 600w, https:\/\/www.sitem.fr\/wp-content\/uploads\/2020\/10\/20200622_163058-1067x800.jpg 1067w, https:\/\/www.sitem.fr\/wp-content\/uploads\/2020\/10\/20200622_163058-768x576.jpg 768w, https:\/\/www.sitem.fr\/wp-content\/uploads\/2020\/10\/20200622_163058-1536x1152.jpg 1536w, https:\/\/www.sitem.fr\/wp-content\/uploads\/2020\/10\/20200622_163058-2048x1536.jpg 2048w\" sizes=\"auto, (max-width: 587px) 100vw, 587px\" \/><\/p>\n<p>&nbsp;<\/p>\n<p>&nbsp;<\/p>\n<p><strong>Le mus\u00e9e num\u00e9rique\u00a0: le\u00a0c\u0153ur de la Micro-Folie<\/strong><\/p>\n<p>La <a href=\"https:\/\/lavillette.com\/page\/micro-folie_a405\/1\">Micro-Folie<\/a> est articul\u00e9e autour du mus\u00e9e num\u00e9rique. R\u00e9unissant plusieurs milliers de chefs-d\u2019\u0153uvre de nombreuses institutions et mus\u00e9es, nationaux et territoriaux, cette galerie d\u2019art num\u00e9rique est une offre culturelle in\u00e9dite. Commun \u00e0 toutes les Micro-Folies, le mus\u00e9e num\u00e9rique est une porte ouverte sur la diversit\u00e9 des tr\u00e9sors de l\u2019humanit\u00e9. Beaux-arts, architecture, cultures scientifiques, spectacles vivantes\u2026, cette galerie virtuelle incite \u00e0 la curiosit\u00e9, s\u2019adresse \u00e0 tous les publics et se d\u00e9cline en un v\u00e9ritable outil d\u2019\u00e9ducation artistique et culturelle. En visite libre ou en mode conf\u00e9rencier, le mus\u00e9e num\u00e9rique est particuli\u00e8rement adapt\u00e9 aux parcours d\u2019\u00e9ducation artistique et culturelle.<\/p>\n<p>&nbsp;<\/p>\n<p>&nbsp;<\/p>\n<p><strong>Des \u0153uvres accessibles gr\u00e2ce au num\u00e9rique<\/strong><\/p>\n<p>Le mus\u00e9e num\u00e9rique permet de d\u00e9couvrir, \u00e0 c\u00f4t\u00e9 de chez soi,\u00a0<a href=\"https:\/\/lavillette.com\/page\/les-chefs-d-oeuvre-s-invitent-chez-vous_a558\/1\/\">les tr\u00e9sors des plus grandes institutions nationales<\/a>\u00a0et de toutes les institutions partenaires. Num\u00e9ris\u00e9es en tr\u00e8s haute d\u00e9finition, les \u0153uvres de cette galerie \u00e9clectique \u00e9merveillent, surprennent, interpellent. Ce mus\u00e9e tr\u00e8s simple d\u2019acc\u00e8s peut \u00eatre une premi\u00e8re \u00e9tape avant de visiter les institutions voisines. Le mus\u00e9e num\u00e9rique est disponible en plusieurs langues.<\/p>\n<p>&nbsp;<\/p>\n<p><strong>Des collections qui enrichissent le mus\u00e9e<\/strong><\/p>\n<p>La collection s\u2019enrichit chaque ann\u00e9e. Chaque collection contient en moyenne de 250 \u00e0 400 chefs-d\u2019\u0153uvre. Autant d\u2019occasions d\u2019inviter les publics \u00e0 revenir\u00a0!<\/p>\n<p><strong>L\u2019espace atelier \/ Fablab<\/strong><\/p>\n<p>&nbsp;<\/p>\n<p>En lien avec les Bains Douches Num\u00e9riques de Flers Agglo, certaines actions seront men\u00e9es pour ceux qui souhaitent d\u00e9velopper leur cr\u00e9ativit\u00e9 (designers, artistes, \u00e9tudiants, bricoleurs\u2026)<\/p>\n<p><strong>La r\u00e9alit\u00e9 virtuelle<\/strong><\/p>\n<p>&nbsp;<\/p>\n<p>La Micro-Folie offrira \u00e9galement un espace de r\u00e9alit\u00e9 virtuelle qui proposera une s\u00e9lection de contenus immersifs \u00e0 360\u00b0\u00a0: documentaires, spectacles\u2026<\/p>\n<p><strong>Deux modes de visite<\/strong><\/p>\n<p>&nbsp;<\/p>\n<p>\u2013\u00a0<u>Le mode visite libre<\/u>\u00a0: permet de laisser le mus\u00e9e num\u00e9rique en libre acc\u00e8s \u00e0 tous. Chacun peut suivre sa propre navigation, entre l\u2019\u00e9cran et sa tablette, en lisant les cartels con\u00e7us par les conservateurs des mus\u00e9es, en d\u00e9couvrant les secrets des tableaux, en jouant\u2026<\/p>\n<p>\u2013\u00a0<u>Le mode conf\u00e9rencier<\/u>\u00a0: permet d\u2019organiser des visites th\u00e9matis\u00e9es et programm\u00e9es pour les groupes. V\u00e9ritable outil d\u2019\u00e9ducation artistique et culturelle, le mus\u00e9e num\u00e9rique devient un support de m\u00e9diation incroyable pour les professeurs et les animateurs.<\/p>\n<p><strong>La Micro-Folie de Flers est en acc\u00e8s libre et gratuit :<\/strong><br \/>\n<strong>\u2013 Public individuel : du mardi au dimanche de 14h \u00e0 18h en visite libre<\/strong><br \/>\n<strong>\u2013 Groupes : tous les jours sur rendez-vous uniquement.<\/strong><\/p>\n","protected":false},"excerpt":{"rendered":"Un mus\u00e9e num\u00e9rique sera officiellement inaugur\u00e9 ce vendredi 11 septembre \u00e0 Flers (Normandie-Orne). Les visiteurs du ch\u00e2teau-mus\u00e9e peuvent maintenant d\u00e9couvrir les plus grands chefs-d\u2019\u0153uvre des mus\u00e9es nationaux et du territoire sur un \u00e9cran g\u00e9ant de plus de 3 m\u00e8tres 50 de base par une hauteur de 2 m\u00e8tres install\u00e9 par l\u2019\u00e9quipe Contact STE ! Un&#8230; <br><a class=\"readm\" href=\"https:\/\/www.sitem.fr\/en\/un-musee-numerique-souvre-au-musee-du-chateau-de-flers-inedit-cest-la-premiere-micro-folie-installee-dans-lorne-61\/\">Read more<\/a>","protected":false},"author":12,"featured_media":25723,"comment_status":"closed","ping_status":"closed","sticky":false,"template":"","format":"standard","meta":{"_acf_changed":false,"footnotes":""},"categories":[149,367,1327],"tags":[1350,1352,185,792],"class_list":["post-25710","post","type-post","status-publish","format-standard","has-post-thumbnail","hentry","category-interactivite-2","category-parcours-dinterpretation","category-valorisation-et-etude-des-collections-museales-et-patrimoniales","tag-audiovisuel-multimedia","tag-contact-ste","tag-parcours-dinterpretation","tag-tourisme"],"acf":[],"_links":{"self":[{"href":"https:\/\/www.sitem.fr\/en\/wp-json\/wp\/v2\/posts\/25710","targetHints":{"allow":["GET"]}}],"collection":[{"href":"https:\/\/www.sitem.fr\/en\/wp-json\/wp\/v2\/posts"}],"about":[{"href":"https:\/\/www.sitem.fr\/en\/wp-json\/wp\/v2\/types\/post"}],"author":[{"embeddable":true,"href":"https:\/\/www.sitem.fr\/en\/wp-json\/wp\/v2\/users\/12"}],"replies":[{"embeddable":true,"href":"https:\/\/www.sitem.fr\/en\/wp-json\/wp\/v2\/comments?post=25710"}],"version-history":[{"count":2,"href":"https:\/\/www.sitem.fr\/en\/wp-json\/wp\/v2\/posts\/25710\/revisions"}],"predecessor-version":[{"id":25730,"href":"https:\/\/www.sitem.fr\/en\/wp-json\/wp\/v2\/posts\/25710\/revisions\/25730"}],"wp:featuredmedia":[{"embeddable":true,"href":"https:\/\/www.sitem.fr\/en\/wp-json\/wp\/v2\/media\/25723"}],"wp:attachment":[{"href":"https:\/\/www.sitem.fr\/en\/wp-json\/wp\/v2\/media?parent=25710"}],"wp:term":[{"taxonomy":"category","embeddable":true,"href":"https:\/\/www.sitem.fr\/en\/wp-json\/wp\/v2\/categories?post=25710"},{"taxonomy":"post_tag","embeddable":true,"href":"https:\/\/www.sitem.fr\/en\/wp-json\/wp\/v2\/tags?post=25710"}],"curies":[{"name":"wp","href":"https:\/\/api.w.org\/{rel}","templated":true}]}}