{"id":25860,"date":"2020-10-15T14:30:51","date_gmt":"2020-10-15T12:30:51","guid":{"rendered":"https:\/\/www.sitem.fr\/?p=25860"},"modified":"2020-10-15T14:30:51","modified_gmt":"2020-10-15T12:30:51","slug":"les-reserves-mutualisees-de-la-ville-de-reims","status":"publish","type":"post","link":"https:\/\/www.sitem.fr\/en\/les-reserves-mutualisees-de-la-ville-de-reims\/","title":{"rendered":"Les r\u00e9serves mutualis\u00e9es de la ville de Reims"},"content":{"rendered":"<p>La Ville de Reims s&#8217;est dot\u00e9e de\u00a0r\u00e9serves externalis\u00e9es\u00a0afin d&#8217;y accueillir des collections de certains de ses \u00e9tablissements culturels. Install\u00e9es tout pr\u00e8s des Archives municipales et communautaires de Reims, elles ont n\u00e9cessit\u00e9 trois ann\u00e9es d&#8217;\u00e9tudes. Le chantier a d\u00e9but\u00e9 en septembre 2018 pour une livraison en mars 2020. Les collections sont en cours de transfert et commencent \u00e0 y \u00eatre install\u00e9es.<\/p>\n<p>Le b\u00e2timent, d&#8217;une superficie de pr\u00e8s de\u00a05500 m<sup>2<\/sup>, est majoritairement d\u00e9di\u00e9 \u00e0 la conservation d&#8217;\u0153uvres venant de la\u00a0biblioth\u00e8que Carnegie et des principaux mus\u00e9es de la ville ainsi que du Plan\u00e9tarium et\u00a0des Archives municipales et communautaires. Les espaces de conservation\u00a0accueillent diff\u00e9rents types de mat\u00e9riaux et d&#8217;\u0153uvres tels que du mobilier, des peintures, des sculptures, des textiles, des m\u00e9taux et des ouvrages imprim\u00e9s.<\/p>\n<p><img loading=\"lazy\" decoding=\"async\" width=\"485\" height=\"364\" class=\"alignnone size-full wp-image-25863\" src=\"https:\/\/www.sitem.fr\/wp-content\/uploads\/2020\/10\/Sans-titre.png\" alt=\"\" \/><\/p>\n<p><img loading=\"lazy\" decoding=\"async\" width=\"481\" height=\"362\" class=\"alignnone size-full wp-image-25861\" src=\"https:\/\/www.sitem.fr\/wp-content\/uploads\/2020\/10\/Sans-titr-e.png\" alt=\"\" \/><\/p>\n<p>Bruynzeel Storage Systems a remport\u00e9 le march\u00e9 et mis en place l\u2019ensemble du mobilier de rangement. Les solutions incluent des rayonnages mobiles Compactus\u00ae, des meubles \u00e0 plans, des grilles \u00e0 tableaux fixes et mobiles, des r\u00e2teliers grande hauteur, des tablettes coulissantes, des meubles \u00e9tanches \u00e0 atmosph\u00e8re contr\u00f4l\u00e9e, des stockeurs rotatifs pour tapisseries, des racks \u00e0 palettes, des Cantilevers&#8230;. Un ensemble parfaitement adapt\u00e9 \u00e0 une multitude de besoins<\/p>\n<p><strong><a href=\"https:\/\/bruynzeel.fr\/\">https:\/\/bruynzeel.fr\/<\/a><\/strong><\/p>\n","protected":false},"excerpt":{"rendered":"La Ville de Reims s&#8217;est dot\u00e9e de\u00a0r\u00e9serves externalis\u00e9es\u00a0afin d&#8217;y accueillir des collections de certains de ses \u00e9tablissements culturels. Install\u00e9es tout pr\u00e8s des Archives municipales et communautaires de Reims, elles ont n\u00e9cessit\u00e9 trois ann\u00e9es d&#8217;\u00e9tudes. Le chantier a d\u00e9but\u00e9 en septembre 2018 pour une livraison en mars 2020. Les collections sont en cours de transfert et&#8230; <br><a class=\"readm\" href=\"https:\/\/www.sitem.fr\/en\/les-reserves-mutualisees-de-la-ville-de-reims\/\">Read more<\/a>","protected":false},"author":12,"featured_media":25865,"comment_status":"closed","ping_status":"closed","sticky":false,"template":"","format":"standard","meta":{"_acf_changed":false,"footnotes":""},"categories":[1329,1317,144,1034,363],"tags":[1361,1359,590,817,1360,72],"class_list":["post-25860","post","type-post","status-publish","format-standard","has-post-thumbnail","hentry","category-equipement-conservation-gestion-des-collections-et-du-patrimoine","category-gestion","category-mobilier","category-oeuvres","category-reserves","tag-archives","tag-bruynzeel","tag-collections-patrimoniales","tag-gestion-des-collections","tag-reserves","tag-transfert-des-collections"],"acf":[],"_links":{"self":[{"href":"https:\/\/www.sitem.fr\/en\/wp-json\/wp\/v2\/posts\/25860","targetHints":{"allow":["GET"]}}],"collection":[{"href":"https:\/\/www.sitem.fr\/en\/wp-json\/wp\/v2\/posts"}],"about":[{"href":"https:\/\/www.sitem.fr\/en\/wp-json\/wp\/v2\/types\/post"}],"author":[{"embeddable":true,"href":"https:\/\/www.sitem.fr\/en\/wp-json\/wp\/v2\/users\/12"}],"replies":[{"embeddable":true,"href":"https:\/\/www.sitem.fr\/en\/wp-json\/wp\/v2\/comments?post=25860"}],"version-history":[{"count":4,"href":"https:\/\/www.sitem.fr\/en\/wp-json\/wp\/v2\/posts\/25860\/revisions"}],"predecessor-version":[{"id":25937,"href":"https:\/\/www.sitem.fr\/en\/wp-json\/wp\/v2\/posts\/25860\/revisions\/25937"}],"wp:featuredmedia":[{"embeddable":true,"href":"https:\/\/www.sitem.fr\/en\/wp-json\/wp\/v2\/media\/25865"}],"wp:attachment":[{"href":"https:\/\/www.sitem.fr\/en\/wp-json\/wp\/v2\/media?parent=25860"}],"wp:term":[{"taxonomy":"category","embeddable":true,"href":"https:\/\/www.sitem.fr\/en\/wp-json\/wp\/v2\/categories?post=25860"},{"taxonomy":"post_tag","embeddable":true,"href":"https:\/\/www.sitem.fr\/en\/wp-json\/wp\/v2\/tags?post=25860"}],"curies":[{"name":"wp","href":"https:\/\/api.w.org\/{rel}","templated":true}]}}