{"id":25872,"date":"2020-10-15T15:06:39","date_gmt":"2020-10-15T13:06:39","guid":{"rendered":"https:\/\/www.sitem.fr\/?p=25872"},"modified":"2020-10-15T15:16:17","modified_gmt":"2020-10-15T13:16:17","slug":"luxam-a-lexposition-luxes-au-musee-des-art-decoratifs-de-paris","status":"publish","type":"post","link":"https:\/\/www.sitem.fr\/en\/luxam-a-lexposition-luxes-au-musee-des-art-decoratifs-de-paris\/","title":{"rendered":"Luxam \u00e0 l\u2019exposition LUXES au Mus\u00e9e des Art D\u00e9coratifs de Paris"},"content":{"rendered":"<p>Du 15 Octobre 2020 au 2 Mai 2021, le Mus\u00e9e des Arts D\u00e9coratifs de Paris pr\u00e9sente l\u2019exposition \u00ab\u00a0<em>LUXES<\/em>\u00bb faisant suite \u00e0 \u00ab\u00a0Dix mille ans de luxe\u00a0\u00bb (con\u00e7ue en partenariat avec le Louvre Abu Dhabi en 2019).<\/p>\n<div id=\"attachment_25875\" style=\"width: 374px\" class=\"wp-caption alignnone\"><img loading=\"lazy\" decoding=\"async\" aria-describedby=\"caption-attachment-25875\" class=\"wp-image-25875 size-medium\" src=\"https:\/\/www.sitem.fr\/wp-content\/uploads\/2020\/10\/Sans-titre-2-364x440.png\" alt=\"\" width=\"364\" height=\"440\" srcset=\"https:\/\/www.sitem.fr\/wp-content\/uploads\/2020\/10\/Sans-titre-2-364x440.png 364w, https:\/\/www.sitem.fr\/wp-content\/uploads\/2020\/10\/Sans-titre-2-600x725.png 600w, https:\/\/www.sitem.fr\/wp-content\/uploads\/2020\/10\/Sans-titre-2-662x800.png 662w, https:\/\/www.sitem.fr\/wp-content\/uploads\/2020\/10\/Sans-titre-2-768x928.png 768w, https:\/\/www.sitem.fr\/wp-content\/uploads\/2020\/10\/Sans-titre-2.png 1022w\" sizes=\"auto, (max-width: 364px) 100vw, 364px\" \/><p id=\"caption-attachment-25875\" class=\"wp-caption-text\">(cr\u00e9dit photo : Martina 0\u2019Shea)<\/p><\/div>\n<p>&nbsp;<\/p>\n<p>Luxam fut sollicit\u00e9 pour mettre en lumi\u00e8re la vitrine des bijoux Tiffany, fort de sa collaboration avec cette marque prestigieuse lors de son exposition \u00e0 Shangai l\u2019an dernier.<\/p>\n<div id=\"attachment_25877\" style=\"width: 611px\" class=\"wp-caption alignnone\"><img loading=\"lazy\" decoding=\"async\" aria-describedby=\"caption-attachment-25877\" class=\"wp-image-25877 size-medium\" src=\"https:\/\/www.sitem.fr\/wp-content\/uploads\/2020\/10\/Sans-tyitre-601x440.png\" alt=\"\" width=\"601\" height=\"440\" srcset=\"https:\/\/www.sitem.fr\/wp-content\/uploads\/2020\/10\/Sans-tyitre-601x440.png 601w, https:\/\/www.sitem.fr\/wp-content\/uploads\/2020\/10\/Sans-tyitre-600x439.png 600w, https:\/\/www.sitem.fr\/wp-content\/uploads\/2020\/10\/Sans-tyitre-768x562.png 768w, https:\/\/www.sitem.fr\/wp-content\/uploads\/2020\/10\/Sans-tyitre.png 1089w\" sizes=\"auto, (max-width: 601px) 100vw, 601px\" \/><p id=\"caption-attachment-25877\" class=\"wp-caption-text\">(cr\u00e9dit photo\u00a0: Albine Scelles)<\/p><\/div>\n<p>&nbsp;<\/p>\n<p>La conception lumi\u00e8re fut r\u00e9alis\u00e9e gr\u00e2ce \u00e0 notre g\u00e9n\u00e9rateur Led Hybrid 24 pour fibres optiques permettant de faire varier individuellement l\u2019intensit\u00e9 des 24 fibres cr\u00e9ant un \u00e9clairage dynamique. Ces fibres sont reli\u00e9es \u00e0 autant de terminaisons optiques focalisables et orientables, permettant \u00e0 la dimension artistique du lighting designer de s\u2019exprimer librement<\/p>\n<p>&nbsp;<\/p>\n<p>Luxam, Lighting for Museum <strong><a href=\"http:\/\/luxam.fr\/\">http:\/\/luxam.fr\/<\/a><\/strong><\/p>\n","protected":false},"excerpt":{"rendered":"Du 15 Octobre 2020 au 2 Mai 2021, le Mus\u00e9e des Arts D\u00e9coratifs de Paris pr\u00e9sente l\u2019exposition \u00ab\u00a0LUXES\u00bb faisant suite \u00e0 \u00ab\u00a0Dix mille ans de luxe\u00a0\u00bb (con\u00e7ue en partenariat avec le Louvre Abu Dhabi en 2019). &nbsp; Luxam fut sollicit\u00e9 pour mettre en lumi\u00e8re la vitrine des bijoux Tiffany, fort de sa collaboration avec cette&#8230; <br><a class=\"readm\" href=\"https:\/\/www.sitem.fr\/en\/luxam-a-lexposition-luxes-au-musee-des-art-decoratifs-de-paris\/\">Read more<\/a>","protected":false},"author":12,"featured_media":25873,"comment_status":"closed","ping_status":"closed","sticky":false,"template":"","format":"standard","meta":{"_acf_changed":false,"footnotes":""},"categories":[1111,830,143,1329,1034,156],"tags":[1369,937,1367,1368,444,1370],"class_list":["post-25872","post","type-post","status-publish","format-standard","has-post-thumbnail","hentry","category-actualites-recentes","category-decor","category-eclairage","category-equipement-conservation-gestion-des-collections-et-du-patrimoine","category-oeuvres","category-vitrines","tag-bijoux-tiffany","tag-luxam","tag-luxes","tag-mise-en-lumiere","tag-musee-des-arts-decoratifs","tag-vitrines"],"acf":[],"_links":{"self":[{"href":"https:\/\/www.sitem.fr\/en\/wp-json\/wp\/v2\/posts\/25872","targetHints":{"allow":["GET"]}}],"collection":[{"href":"https:\/\/www.sitem.fr\/en\/wp-json\/wp\/v2\/posts"}],"about":[{"href":"https:\/\/www.sitem.fr\/en\/wp-json\/wp\/v2\/types\/post"}],"author":[{"embeddable":true,"href":"https:\/\/www.sitem.fr\/en\/wp-json\/wp\/v2\/users\/12"}],"replies":[{"embeddable":true,"href":"https:\/\/www.sitem.fr\/en\/wp-json\/wp\/v2\/comments?post=25872"}],"version-history":[{"count":3,"href":"https:\/\/www.sitem.fr\/en\/wp-json\/wp\/v2\/posts\/25872\/revisions"}],"predecessor-version":[{"id":25954,"href":"https:\/\/www.sitem.fr\/en\/wp-json\/wp\/v2\/posts\/25872\/revisions\/25954"}],"wp:featuredmedia":[{"embeddable":true,"href":"https:\/\/www.sitem.fr\/en\/wp-json\/wp\/v2\/media\/25873"}],"wp:attachment":[{"href":"https:\/\/www.sitem.fr\/en\/wp-json\/wp\/v2\/media?parent=25872"}],"wp:term":[{"taxonomy":"category","embeddable":true,"href":"https:\/\/www.sitem.fr\/en\/wp-json\/wp\/v2\/categories?post=25872"},{"taxonomy":"post_tag","embeddable":true,"href":"https:\/\/www.sitem.fr\/en\/wp-json\/wp\/v2\/tags?post=25872"}],"curies":[{"name":"wp","href":"https:\/\/api.w.org\/{rel}","templated":true}]}}