{"id":25880,"date":"2020-10-15T14:51:27","date_gmt":"2020-10-15T12:51:27","guid":{"rendered":"https:\/\/www.sitem.fr\/?p=25880"},"modified":"2020-10-15T14:51:27","modified_gmt":"2020-10-15T12:51:27","slug":"mba-france-equipe-le-musee-de-lorangerie-en-vitrines-sehner-a-loccasion-de-la-nouvelle-presentation-de-la-collection","status":"publish","type":"post","link":"https:\/\/www.sitem.fr\/en\/mba-france-equipe-le-musee-de-lorangerie-en-vitrines-sehner-a-loccasion-de-la-nouvelle-presentation-de-la-collection\/","title":{"rendered":"MBA France \u00e9quipe le Mus\u00e9e de l\u2019Orangerie en vitrines SEHNER \u00e0 l\u2019occasion de la nouvelle pr\u00e9sentation de la collection."},"content":{"rendered":"<p>La nouvelle pr\u00e9sentation de la collection du mus\u00e9e de l\u2019Orangerie, dans des espaces r\u00e9nov\u00e9s, dont la r\u00e9ouverture a eu lieu le 16 septembre 2020, permet de relier plus nettement les deux p\u00f4les des collections \u2013 <em>Nymph\u00e9as<\/em> \/ \u00c9cole de Paris du d\u00e9but du XXe si\u00e8cle \u2013 selon une coh\u00e9rence spatiale et visuelle \u00e9l\u00e9gante du b\u00e2timent et un parcours fluide, inform\u00e9 et stimulant. Le d\u00e9p\u00f4t exceptionnel d\u2019un ensemble de sculptures d\u2019Afrique et d\u2019Oc\u00e9anie, anciennement collection Paul Guillaume, par le Mus\u00e9e du Quai Branly &#8211; Jacques Chirac, ainsi que quelques dessins et archives, enrichissent le parcours.<\/p>\n<p>C\u2019est notamment pour ces objets que nous avons eu le plaisir de fabriquer des vitrines enti\u00e8rement sur mesure. Elles sont toutes r\u00e9alis\u00e9es en verre feuillet\u00e9 anti-reflets, \u00e9quip\u00e9es de contacteurs d\u2019alarme, d\u2019\u00e9clairage et de contr\u00f4le passif de l\u2019hygrom\u00e9trie, pour une parfaite conservation et mise en avant des \u0153uvres.<\/p>\n<p>&nbsp;<\/p>\n<p><strong><a href=\"https:\/\/www.musee-orangerie.fr\/fr\/article\/septembre-2020-nouvelle-presentation-de-la-collection\">https:\/\/www.musee-orangerie.fr\/fr\/article\/septembre-2020-nouvelle-presentation-de-la-collection<\/a><\/strong><\/p>\n<p><strong><a href=\"http:\/\/www.mba-france.fr\/\">www.mba-france.fr<\/a><\/strong><\/p>\n<p><img loading=\"lazy\" decoding=\"async\" width=\"651\" height=\"440\" class=\"alignnone size-medium wp-image-25885\" src=\"https:\/\/www.sitem.fr\/wp-content\/uploads\/2020\/10\/salle-vitrines-art-africain_-7-651x440.jpg\" alt=\"\" srcset=\"https:\/\/www.sitem.fr\/wp-content\/uploads\/2020\/10\/salle-vitrines-art-africain_-7-651x440.jpg 651w, https:\/\/www.sitem.fr\/wp-content\/uploads\/2020\/10\/salle-vitrines-art-africain_-7-scaled-600x406.jpg 600w, https:\/\/www.sitem.fr\/wp-content\/uploads\/2020\/10\/salle-vitrines-art-africain_-7-1183x800.jpg 1183w, https:\/\/www.sitem.fr\/wp-content\/uploads\/2020\/10\/salle-vitrines-art-africain_-7-768x519.jpg 768w, https:\/\/www.sitem.fr\/wp-content\/uploads\/2020\/10\/salle-vitrines-art-africain_-7-1536x1039.jpg 1536w, https:\/\/www.sitem.fr\/wp-content\/uploads\/2020\/10\/salle-vitrines-art-africain_-7-2048x1385.jpg 2048w\" sizes=\"auto, (max-width: 651px) 100vw, 651px\" \/><\/p>\n<p><img loading=\"lazy\" decoding=\"async\" width=\"660\" height=\"440\" class=\"alignnone size-medium wp-image-25881\" src=\"https:\/\/www.sitem.fr\/wp-content\/uploads\/2020\/10\/salle-Rousseau-09-09-20-2-660x440.jpg\" alt=\"\" srcset=\"https:\/\/www.sitem.fr\/wp-content\/uploads\/2020\/10\/salle-Rousseau-09-09-20-2-660x440.jpg 660w, https:\/\/www.sitem.fr\/wp-content\/uploads\/2020\/10\/salle-Rousseau-09-09-20-2-scaled-600x400.jpg 600w, https:\/\/www.sitem.fr\/wp-content\/uploads\/2020\/10\/salle-Rousseau-09-09-20-2-1200x800.jpg 1200w, https:\/\/www.sitem.fr\/wp-content\/uploads\/2020\/10\/salle-Rousseau-09-09-20-2-768x512.jpg 768w, https:\/\/www.sitem.fr\/wp-content\/uploads\/2020\/10\/salle-Rousseau-09-09-20-2-1536x1024.jpg 1536w, https:\/\/www.sitem.fr\/wp-content\/uploads\/2020\/10\/salle-Rousseau-09-09-20-2-2048x1365.jpg 2048w\" sizes=\"auto, (max-width: 660px) 100vw, 660px\" \/><\/p>\n<p>Copyright photos\u00a0: Sophie Crepy<\/p>\n","protected":false},"excerpt":{"rendered":"La nouvelle pr\u00e9sentation de la collection du mus\u00e9e de l\u2019Orangerie, dans des espaces r\u00e9nov\u00e9s, dont la r\u00e9ouverture a eu lieu le 16 septembre 2020, permet de relier plus nettement les deux p\u00f4les des collections \u2013 Nymph\u00e9as \/ \u00c9cole de Paris du d\u00e9but du XXe si\u00e8cle \u2013 selon une coh\u00e9rence spatiale et visuelle \u00e9l\u00e9gante du b\u00e2timent&#8230; <br><a class=\"readm\" href=\"https:\/\/www.sitem.fr\/en\/mba-france-equipe-le-musee-de-lorangerie-en-vitrines-sehner-a-loccasion-de-la-nouvelle-presentation-de-la-collection\/\">Read more<\/a>","protected":false},"author":12,"featured_media":25883,"comment_status":"closed","ping_status":"closed","sticky":false,"template":"","format":"standard","meta":{"_acf_changed":false,"footnotes":""},"categories":[1111,142,139,1329,144,1034],"tags":[597,14,1372,1371,775],"class_list":["post-25880","post","type-post","status-publish","format-standard","has-post-thumbnail","hentry","category-actualites-recentes","category-agencement","category-cloisons","category-equipement-conservation-gestion-des-collections-et-du-patrimoine","category-mobilier","category-oeuvres","tag-conservation","tag-mba-france","tag-mise-en-avant-des-oeuvres","tag-musee-de-lorangerie","tag-parcours"],"acf":[],"_links":{"self":[{"href":"https:\/\/www.sitem.fr\/en\/wp-json\/wp\/v2\/posts\/25880","targetHints":{"allow":["GET"]}}],"collection":[{"href":"https:\/\/www.sitem.fr\/en\/wp-json\/wp\/v2\/posts"}],"about":[{"href":"https:\/\/www.sitem.fr\/en\/wp-json\/wp\/v2\/types\/post"}],"author":[{"embeddable":true,"href":"https:\/\/www.sitem.fr\/en\/wp-json\/wp\/v2\/users\/12"}],"replies":[{"embeddable":true,"href":"https:\/\/www.sitem.fr\/en\/wp-json\/wp\/v2\/comments?post=25880"}],"version-history":[{"count":1,"href":"https:\/\/www.sitem.fr\/en\/wp-json\/wp\/v2\/posts\/25880\/revisions"}],"predecessor-version":[{"id":25887,"href":"https:\/\/www.sitem.fr\/en\/wp-json\/wp\/v2\/posts\/25880\/revisions\/25887"}],"wp:featuredmedia":[{"embeddable":true,"href":"https:\/\/www.sitem.fr\/en\/wp-json\/wp\/v2\/media\/25883"}],"wp:attachment":[{"href":"https:\/\/www.sitem.fr\/en\/wp-json\/wp\/v2\/media?parent=25880"}],"wp:term":[{"taxonomy":"category","embeddable":true,"href":"https:\/\/www.sitem.fr\/en\/wp-json\/wp\/v2\/categories?post=25880"},{"taxonomy":"post_tag","embeddable":true,"href":"https:\/\/www.sitem.fr\/en\/wp-json\/wp\/v2\/tags?post=25880"}],"curies":[{"name":"wp","href":"https:\/\/api.w.org\/{rel}","templated":true}]}}