{"id":25903,"date":"2020-10-15T14:56:34","date_gmt":"2020-10-15T12:56:34","guid":{"rendered":"https:\/\/www.sitem.fr\/?p=25903"},"modified":"2020-10-15T14:56:34","modified_gmt":"2020-10-15T12:56:34","slug":"opixido-et-la-fabrique-creative-au-chateau-de-bussy-rabutin","status":"publish","type":"post","link":"https:\/\/www.sitem.fr\/en\/opixido-et-la-fabrique-creative-au-chateau-de-bussy-rabutin\/","title":{"rendered":"Opixido et la Fabrique cr\u00e9ative au Ch\u00e2teau de Bussy-Rabutin"},"content":{"rendered":"<p>Choisi comme monument embl\u00e9matique de la r\u00e9gion Bourgogne-Franche-Comt\u00e9 pour l\u2019\u00e9dition 2018 du Loto du Patrimoine, le Ch\u00e2teau de Bussy-Rabutin a fait l\u2019objet d\u2019une campagne de restauration men\u00e9e par le Centre des monuments nationaux avec le soutien du minist\u00e8re de la Culture. \u00c0 cette occasion, un nouvel espace de m\u00e9diation de 90m\u00b2 a \u00e9t\u00e9 am\u00e9nag\u00e9.<\/p>\n<p>La conception-r\u00e9alisation de cet espace a \u00e9t\u00e9 confi\u00e9e au groupement La Fabrique cr\u00e9ative \/ opixido.<\/p>\n<p>Opixido a r\u00e9alis\u00e9 les dispositifs num\u00e9riques adapt\u00e9s \u00e0 la vari\u00e9t\u00e9 des contenus et en \u00e9troite collaboration avec les sc\u00e9nographes :<\/p>\n<p>&#8211; 1 projection tangible &#8211;\u00a0 <em>La France entre deux r\u00e8gnes <\/em>des \u00e9coutes audios \u2013<em>Bussy le Grand, Bussy l\u2019impertinent.<\/em><\/p>\n<p>&#8211; 1 spectacle audiovisuel projet\u00e9 \u00e0 180\u00b0 \u00e9voquant \u00a0<em>L\u2019histoire amoureuse des <\/em><em>Gaules<\/em>.<\/p>\n<p>-Une table tactile avec les correspondances de Roger Bussy-Rabutin.<\/p>\n<p>-Une consultation tactile facilitant la visite du ch\u00e2teau.<\/p>\n<p>-Une mosa\u00efque d\u2019\u00e9crans pilot\u00e9e par un \u00e9cran tactile intitul\u00e9e <em>Les D\u00e9cors interpr\u00e9t\u00e9s.<\/em><\/p>\n<p><img loading=\"lazy\" decoding=\"async\" width=\"680\" height=\"350\" class=\"alignnone size-medium wp-image-25906\" src=\"https:\/\/www.sitem.fr\/wp-content\/uploads\/2020\/10\/Bussy-11-A-680x350.jpg\" alt=\"\" srcset=\"https:\/\/www.sitem.fr\/wp-content\/uploads\/2020\/10\/Bussy-11-A-680x350.jpg 680w, https:\/\/www.sitem.fr\/wp-content\/uploads\/2020\/10\/Bussy-11-A-600x308.jpg 600w, https:\/\/www.sitem.fr\/wp-content\/uploads\/2020\/10\/Bussy-11-A-1200x617.jpg 1200w, https:\/\/www.sitem.fr\/wp-content\/uploads\/2020\/10\/Bussy-11-A-768x395.jpg 768w, https:\/\/www.sitem.fr\/wp-content\/uploads\/2020\/10\/Bussy-11-A.jpg 1280w\" sizes=\"auto, (max-width: 680px) 100vw, 680px\" \/><\/p>\n<p><strong><a href=\"https:\/\/opixido.com\/fr\/\">https:\/\/opixido.com\/fr\/<\/a><\/strong><\/p>\n","protected":false},"excerpt":{"rendered":"Choisi comme monument embl\u00e9matique de la r\u00e9gion Bourgogne-Franche-Comt\u00e9 pour l\u2019\u00e9dition 2018 du Loto du Patrimoine, le Ch\u00e2teau de Bussy-Rabutin a fait l\u2019objet d\u2019une campagne de restauration men\u00e9e par le Centre des monuments nationaux avec le soutien du minist\u00e8re de la Culture. \u00c0 cette occasion, un nouvel espace de m\u00e9diation de 90m\u00b2 a \u00e9t\u00e9 am\u00e9nag\u00e9. La&#8230; <br><a class=\"readm\" href=\"https:\/\/www.sitem.fr\/en\/opixido-et-la-fabrique-creative-au-chateau-de-bussy-rabutin\/\">Read more<\/a>","protected":false},"author":12,"featured_media":25904,"comment_status":"closed","ping_status":"closed","sticky":false,"template":"","format":"standard","meta":{"_acf_changed":false,"footnotes":""},"categories":[1111,137,149,1325,367,1327],"tags":[1071,1379,822,435,632],"class_list":["post-25903","post","type-post","status-publish","format-standard","has-post-thumbnail","hentry","category-actualites-recentes","category-audiovisuel-multimedia","category-interactivite-2","category-museographie-scenographie-graphisme-signaletique","category-parcours-dinterpretation","category-valorisation-et-etude-des-collections-museales-et-patrimoniales","tag-chateau-de-bussy-rabutin","tag-dispositif-numerique","tag-graphisme","tag-opixido","tag-scenographie"],"acf":[],"_links":{"self":[{"href":"https:\/\/www.sitem.fr\/en\/wp-json\/wp\/v2\/posts\/25903","targetHints":{"allow":["GET"]}}],"collection":[{"href":"https:\/\/www.sitem.fr\/en\/wp-json\/wp\/v2\/posts"}],"about":[{"href":"https:\/\/www.sitem.fr\/en\/wp-json\/wp\/v2\/types\/post"}],"author":[{"embeddable":true,"href":"https:\/\/www.sitem.fr\/en\/wp-json\/wp\/v2\/users\/12"}],"replies":[{"embeddable":true,"href":"https:\/\/www.sitem.fr\/en\/wp-json\/wp\/v2\/comments?post=25903"}],"version-history":[{"count":2,"href":"https:\/\/www.sitem.fr\/en\/wp-json\/wp\/v2\/posts\/25903\/revisions"}],"predecessor-version":[{"id":25945,"href":"https:\/\/www.sitem.fr\/en\/wp-json\/wp\/v2\/posts\/25903\/revisions\/25945"}],"wp:featuredmedia":[{"embeddable":true,"href":"https:\/\/www.sitem.fr\/en\/wp-json\/wp\/v2\/media\/25904"}],"wp:attachment":[{"href":"https:\/\/www.sitem.fr\/en\/wp-json\/wp\/v2\/media?parent=25903"}],"wp:term":[{"taxonomy":"category","embeddable":true,"href":"https:\/\/www.sitem.fr\/en\/wp-json\/wp\/v2\/categories?post=25903"},{"taxonomy":"post_tag","embeddable":true,"href":"https:\/\/www.sitem.fr\/en\/wp-json\/wp\/v2\/tags?post=25903"}],"curies":[{"name":"wp","href":"https:\/\/api.w.org\/{rel}","templated":true}]}}