{"id":25964,"date":"2020-10-16T11:58:08","date_gmt":"2020-10-16T09:58:08","guid":{"rendered":"https:\/\/www.sitem.fr\/?p=25964"},"modified":"2020-10-16T11:58:56","modified_gmt":"2020-10-16T09:58:56","slug":"contact-ste-et-loupi-mettent-en-lumiere-le-nouvel-ecrin-de-la-collection-de-beaux-arts-de-la-ville-de-la-ferte-mace","status":"publish","type":"post","link":"https:\/\/www.sitem.fr\/en\/contact-ste-et-loupi-mettent-en-lumiere-le-nouvel-ecrin-de-la-collection-de-beaux-arts-de-la-ville-de-la-ferte-mace\/","title":{"rendered":"Contact STE et LOUPI mettent en lumi\u00e8re le nouvel \u00e9crin de la collection de beaux-arts, de la ville de la Fert\u00e9 Mac\u00e9"},"content":{"rendered":"<p>Les projecteurs LOUPI mettent en lumi\u00e8re le nouvel \u00e9crin de la collection de beaux-arts, de la ville de la Fert\u00e9 Mac\u00e9, appellation \u00ab\u00a0mus\u00e9e de France\u00a0\u00bb.<\/p>\n<p><img loading=\"lazy\" decoding=\"async\" width=\"330\" height=\"440\" class=\"size-medium wp-image-25967 aligncenter\" src=\"https:\/\/www.sitem.fr\/wp-content\/uploads\/2020\/10\/20200709_160006-330x440.jpg\" alt=\"\" srcset=\"https:\/\/www.sitem.fr\/wp-content\/uploads\/2020\/10\/20200709_160006-330x440.jpg 330w, https:\/\/www.sitem.fr\/wp-content\/uploads\/2020\/10\/20200709_160006-scaled-600x800.jpg 600w, https:\/\/www.sitem.fr\/wp-content\/uploads\/2020\/10\/20200709_160006-768x1024.jpg 768w, https:\/\/www.sitem.fr\/wp-content\/uploads\/2020\/10\/20200709_160006-1152x1536.jpg 1152w, https:\/\/www.sitem.fr\/wp-content\/uploads\/2020\/10\/20200709_160006-1536x2048.jpg 1536w, https:\/\/www.sitem.fr\/wp-content\/uploads\/2020\/10\/20200709_160006-scaled.jpg 1920w\" sizes=\"auto, (max-width: 330px) 100vw, 330px\" \/><\/p>\n<p>&nbsp;<\/p>\n<p>L\u2019objectif de la municipalit\u00e9 de la ville de la Fert\u00e9 Mac\u00e9, en Normandie, dans l\u2019orne, \u00e9tait de pouvoir montrer et valoriser les \u0153uvres de sa riche et importante collection de beaux-arts qui est titulaire de l\u2019appellation \u00ab\u00a0mus\u00e9e de France\u00a0\u00bb. Pour ce nouvel \u00e9crin, l\u2019\u00e9quipe municipale a choisi l\u2019imposant couloir du 1er \u00e9tage de la Mairie, b\u00e2timent datant des ann\u00e9es 1900, desservant la salle des mariages, la salle de r\u00e9union, les services du personnel, le secr\u00e9tariat g\u00e9n\u00e9ral et la biblioth\u00e8que des Contades qui est aussi le bureau du maire.<\/p>\n<p>Le sc\u00e9nographe,<strong> <a href=\"https:\/\/www.linkedin.com\/in\/nicolas-br%C3%A9ard-b3643b101\/?originalSubdomain=fr\">Nicolas Br\u00e9ard<\/a><\/strong>, d\u00e9clare que la mission, confi\u00e9e la collectivit\u00e9 \u00e9tait un joli d\u00e9fi car le lieu retenu \u00e9tait complexe architecturalement parlant et pas forc\u00e9ment adapt\u00e9 \u00e0 recevoir des collections. En effet, ce couloir a une tr\u00e8s grande hauteur sous plafond, il est \u00e9troit, sombre et avec du passage. \u00ab\u00a0Je savais que la qualit\u00e9 de l\u2019\u00e9clairage, sur ce projet particuli\u00e8rement, serait la principale cl\u00e9 de la r\u00e9ussite du d\u00e9fi\u00a0qu\u2019on m\u2019avait lanc\u00e9. La soci\u00e9t\u00e9 <strong><a href=\"https:\/\/contact-ste.com\/\">CONTACT STE<\/a><\/strong> nous a propos\u00e9 les projecteurs <strong><a href=\"https:\/\/www.loupi-lighting.fr\/fr\">LOUPI<\/a> <\/strong>et, \u00e0 la suite d\u2019une s\u00e9ance de tests en condition r\u00e9elle, nous avons valid\u00e9 ce mat\u00e9riel particuli\u00e8rement discret et performant\u00a0\u00bb<\/p>\n<p>&nbsp;<\/p>\n<p><img loading=\"lazy\" decoding=\"async\" width=\"330\" height=\"440\" class=\"size-medium wp-image-25969 aligncenter\" src=\"https:\/\/www.sitem.fr\/wp-content\/uploads\/2020\/10\/20200709_160752-330x440.jpg\" alt=\"\" srcset=\"https:\/\/www.sitem.fr\/wp-content\/uploads\/2020\/10\/20200709_160752-330x440.jpg 330w, https:\/\/www.sitem.fr\/wp-content\/uploads\/2020\/10\/20200709_160752-scaled-600x800.jpg 600w, https:\/\/www.sitem.fr\/wp-content\/uploads\/2020\/10\/20200709_160752-768x1024.jpg 768w, https:\/\/www.sitem.fr\/wp-content\/uploads\/2020\/10\/20200709_160752-1152x1536.jpg 1152w, https:\/\/www.sitem.fr\/wp-content\/uploads\/2020\/10\/20200709_160752-1536x2048.jpg 1536w, https:\/\/www.sitem.fr\/wp-content\/uploads\/2020\/10\/20200709_160752-scaled.jpg 1920w\" sizes=\"auto, (max-width: 330px) 100vw, 330px\" \/><\/p>\n<p>&nbsp;<\/p>\n<p>Une fois de plus les projecteurs <strong><a href=\"https:\/\/www.loupi-lighting.fr\/fr\">LOUPI<\/a> <\/strong>ont d\u00e9montr\u00e9 leur int\u00e9r\u00eat car en d\u00e9pit d\u2019un plafond \u00e0 plus de 5 m\u00e8tres, tout le monde a \u00e9t\u00e9 unanime \u00e0 souligner leur efficacit\u00e9 ainsi que leur extr\u00eame discr\u00e8tion.<\/p>\n<p>La soci\u00e9t\u00e9 <strong><a href=\"https:\/\/contact-ste.com\/\">CONTACT STE<\/a> <\/strong>est distributeur et int\u00e9grateur LOUPI, en Normandie. M. COLIN, charg\u00e9 d\u2019affaires sp\u00e9cialis\u00e9 en \u00e9clairage mus\u00e9ographique et audiovisuel, est votre interlocuteur privil\u00e9gi\u00e9 pour toute \u00e9tude et\/ou d\u00e9monstration de la gamme pour vos futurs projets de mise en valeur de vos collections lors d\u2019expositions temporaires comme permanentes. Vous pouvez prendre contact avec lui au 06 99 81 54 16 ou par e-mail <strong><a href=\"mailto:christopher.colin@contact-ste.com\">christopher.colin@contact-ste.com<\/a> <\/strong><\/p>\n<p>L\u2019installation en quelques chiffres\u00a0:<\/p>\n<ul>\n<li>50 m\u00e8tres lin\u00e9aires de <strong><a href=\"https:\/\/www.loupi-lighting.fr\/fr\/products\/ra-001p\">rail 24 volts piccolo<\/a><\/strong><\/li>\n<li>30 projecteurs <strong><a href=\"https:\/\/www.loupi-lighting.fr\/fr\/products\/sc001-p\">Spot C piccolo<\/a><\/strong> pour la mise en valeur des \u0153uvres au mur<\/li>\n<li>15 projecteurs <strong><a href=\"https:\/\/www.loupi-lighting.fr\/fr\/products\/sc005-p\">Spot C5 piccolo<\/a><\/strong> pour l\u2019\u00e9clairage de circulation et d\u2019ambiance<\/li>\n<li>10 projecteurs <strong><a href=\"https:\/\/www.loupi-lighting.fr\/fr\/products\/sc000-p\">Micro C piccolo<\/a><\/strong> pour la mise en valeur des \u0153uvres en vitrine<\/li>\n<li>Budget \u00e9clairage autour de 10K\u20ac HT.<\/li>\n<\/ul>\n","protected":false},"excerpt":{"rendered":"Les projecteurs LOUPI mettent en lumi\u00e8re le nouvel \u00e9crin de la collection de beaux-arts, de la ville de la Fert\u00e9 Mac\u00e9, appellation \u00ab\u00a0mus\u00e9e de France\u00a0\u00bb. &nbsp; L\u2019objectif de la municipalit\u00e9 de la ville de la Fert\u00e9 Mac\u00e9, en Normandie, dans l\u2019orne, \u00e9tait de pouvoir montrer et valoriser les \u0153uvres de sa riche et importante collection&#8230; <br><a class=\"readm\" href=\"https:\/\/www.sitem.fr\/en\/contact-ste-et-loupi-mettent-en-lumiere-le-nouvel-ecrin-de-la-collection-de-beaux-arts-de-la-ville-de-la-ferte-mace\/\">Read more<\/a>","protected":false},"author":12,"featured_media":25965,"comment_status":"closed","ping_status":"closed","sticky":false,"template":"","format":"standard","meta":{"_acf_changed":false,"footnotes":""},"categories":[1111,137,143,1329],"tags":[1395,1352,175,1394,1396],"class_list":["post-25964","post","type-post","status-publish","format-standard","has-post-thumbnail","hentry","category-actualites-recentes","category-audiovisuel-multimedia","category-eclairage","category-equipement-conservation-gestion-des-collections-et-du-patrimoine","tag-audiovisuel","tag-contact-ste","tag-eclairage-2","tag-loupi","tag-musee-de-france"],"acf":[],"_links":{"self":[{"href":"https:\/\/www.sitem.fr\/en\/wp-json\/wp\/v2\/posts\/25964","targetHints":{"allow":["GET"]}}],"collection":[{"href":"https:\/\/www.sitem.fr\/en\/wp-json\/wp\/v2\/posts"}],"about":[{"href":"https:\/\/www.sitem.fr\/en\/wp-json\/wp\/v2\/types\/post"}],"author":[{"embeddable":true,"href":"https:\/\/www.sitem.fr\/en\/wp-json\/wp\/v2\/users\/12"}],"replies":[{"embeddable":true,"href":"https:\/\/www.sitem.fr\/en\/wp-json\/wp\/v2\/comments?post=25964"}],"version-history":[{"count":3,"href":"https:\/\/www.sitem.fr\/en\/wp-json\/wp\/v2\/posts\/25964\/revisions"}],"predecessor-version":[{"id":25973,"href":"https:\/\/www.sitem.fr\/en\/wp-json\/wp\/v2\/posts\/25964\/revisions\/25973"}],"wp:featuredmedia":[{"embeddable":true,"href":"https:\/\/www.sitem.fr\/en\/wp-json\/wp\/v2\/media\/25965"}],"wp:attachment":[{"href":"https:\/\/www.sitem.fr\/en\/wp-json\/wp\/v2\/media?parent=25964"}],"wp:term":[{"taxonomy":"category","embeddable":true,"href":"https:\/\/www.sitem.fr\/en\/wp-json\/wp\/v2\/categories?post=25964"},{"taxonomy":"post_tag","embeddable":true,"href":"https:\/\/www.sitem.fr\/en\/wp-json\/wp\/v2\/tags?post=25964"}],"curies":[{"name":"wp","href":"https:\/\/api.w.org\/{rel}","templated":true}]}}