{"id":2624,"date":"2014-02-20T10:29:41","date_gmt":"2014-02-20T09:29:41","guid":{"rendered":"https:\/\/www.sitem.fr\/?p=2624"},"modified":"2014-02-20T12:02:05","modified_gmt":"2014-02-20T11:02:05","slug":"archi-tact-maquette-tactile-palais-roi-rome-rambouillet","status":"publish","type":"post","link":"https:\/\/www.sitem.fr\/en\/archi-tact-maquette-tactile-palais-roi-rome-rambouillet\/","title":{"rendered":"Archi-Tact a r\u00e9alis\u00e9 une maquette tactile du Palais du Roi de Rome \u00e0 Rambouillet."},"content":{"rendered":"<p>Le Palais du Roi de Rome \u00e9tait \u00e0 l&#8217;origine un h\u00f4tel particulier (l&#8217;H\u00f4tel du Gouvernement) command\u00e9 par Louis XVI \u00e0 l&#8217;architecte Jacques-Jean Th\u00e9venin pour le gouverneur de la ville, le comte d&#8217;Angiviller. Saccag\u00e9 durant la R\u00e9volution Fran\u00e7aise, il a \u00e9t\u00e9 reconstruit\u00a0\u00e0 la demande de Napol\u00e9on 1er. L&#8217;Empereur voulait faire de cette demeure attenante au parc du Ch\u00e2teau de Rambouillet une r\u00e9sidence pour son fils, le Roi de Rome. La reconstruction et le r\u00e9am\u00e9nagement du site ont \u00e9t\u00e9 confi\u00e9s \u00e0 l&#8217;architecte Auguste Famin (\u00e9l\u00e8ve de Percier). Il conserva le plan originel et r\u00e9utilisa les deux ailes basses \u00e0 usage de d\u00e9pendances. Le Roi de Rome n&#8217;y s\u00e9journa jamais. La demeure fut occup\u00e9e d\u00e8s 1816 par le nouveau gouverneur de Rambouillet et fut ensuite vendue \u00e0 un particulier.<\/p>\n<div id=\"attachment_2635\" style=\"width: 310px\" class=\"wp-caption alignnone\"><a href=\"https:\/\/www.sitem.fr\/wp-content\/uploads\/2014\/02\/Rambouillet-Palais-Roi-Rome-1813-maquette-Arch-Tact.jpg\"><img loading=\"lazy\" decoding=\"async\" aria-describedby=\"caption-attachment-2635\" class=\"size-medium wp-image-2635\" alt=\"Le Palais du Roi de Rome (Rambouillet) en 1813. Maquette tactile d\u00e9montable \u00a9 Archi-Tact.\" src=\"https:\/\/www.sitem.fr\/wp-content\/uploads\/2014\/02\/Rambouillet-Palais-Roi-Rome-1813-maquette-Arch-Tact-300x225.jpg\" width=\"300\" height=\"225\" srcset=\"https:\/\/www.sitem.fr\/wp-content\/uploads\/2014\/02\/Rambouillet-Palais-Roi-Rome-1813-maquette-Arch-Tact-300x225.jpg 300w, https:\/\/www.sitem.fr\/wp-content\/uploads\/2014\/02\/Rambouillet-Palais-Roi-Rome-1813-maquette-Arch-Tact-80x60.jpg 80w, https:\/\/www.sitem.fr\/wp-content\/uploads\/2014\/02\/Rambouillet-Palais-Roi-Rome-1813-maquette-Arch-Tact.jpg 600w\" sizes=\"auto, (max-width: 300px) 100vw, 300px\" \/><\/a><p id=\"caption-attachment-2635\" class=\"wp-caption-text\">Le Palais du Roi de Rome (Rambouillet) en 1813. Maquette tactile d\u00e9montable \u00a9 Archi-Tact.<\/p><\/div>\n<div id=\"attachment_2636\" style=\"width: 310px\" class=\"wp-caption alignnone\"><a href=\"https:\/\/www.sitem.fr\/wp-content\/uploads\/2014\/02\/Rambouillet-Palais-Roi-Rome-1843-maquette-Arch-Tact.jpg\"><img loading=\"lazy\" decoding=\"async\" aria-describedby=\"caption-attachment-2636\" class=\"size-medium wp-image-2636\" alt=\"Le Palais du Roi de Rome (Rambouillet) en 1843. Maquette tactile d\u00e9montable \u00a9 Archi-Tact.\" src=\"https:\/\/www.sitem.fr\/wp-content\/uploads\/2014\/02\/Rambouillet-Palais-Roi-Rome-1843-maquette-Arch-Tact-300x225.jpg\" width=\"300\" height=\"225\" srcset=\"https:\/\/www.sitem.fr\/wp-content\/uploads\/2014\/02\/Rambouillet-Palais-Roi-Rome-1843-maquette-Arch-Tact-300x225.jpg 300w, https:\/\/www.sitem.fr\/wp-content\/uploads\/2014\/02\/Rambouillet-Palais-Roi-Rome-1843-maquette-Arch-Tact-587x440.jpg 587w, https:\/\/www.sitem.fr\/wp-content\/uploads\/2014\/02\/Rambouillet-Palais-Roi-Rome-1843-maquette-Arch-Tact-80x60.jpg 80w, https:\/\/www.sitem.fr\/wp-content\/uploads\/2014\/02\/Rambouillet-Palais-Roi-Rome-1843-maquette-Arch-Tact.jpg 600w\" sizes=\"auto, (max-width: 300px) 100vw, 300px\" \/><\/a><p id=\"caption-attachment-2636\" class=\"wp-caption-text\">Le Palais du Roi de Rome (Rambouillet) en 1843. Maquette tactile d\u00e9montable \u00a9 Archi-Tact.<\/p><\/div>\n<p>La maquette tactile r\u00e9alis\u00e9e par Archi-Tact (\u00e9chelle 1,5 cm pour 1 m) est d\u00e9montable pour pr\u00e9senter deux \u00e9tats du palais :<\/p>\n<p>&#8211; En 1813, avec le b\u00e2timent central et les ailes basses encadrant la cour.<\/p>\n<p>&#8211; En 1843, sans la partie centrale, d\u00e9truite pour \u00e9tablir deux b\u00e2timents distincts flanqu\u00e9s de deux frontons. Les ailes basses ont \u00e9taient prolong\u00e9es de deux m\u00e8tres jusqu&#8217;\u00e0 la rue.<\/p>\n<p>Le Palais du Roi de Rome, pour moiti\u00e9, abrite d\u00e9sormais des expositions temporaires et le Mus\u00e9e du jeu de l\u2019oie de la ville de Rambouillet.<\/p>\n<p>La maquette, expos\u00e9e les 28-29-30 janvier 2014 au salon SimeSitem, sur le stand d&#8217;Archi-Tact, est d\u00e9sormais pr\u00e9sent\u00e9e sous cloche et utilis\u00e9e en atelier.<\/p>\n<p><a href=\"http:\/\/www.archi-tact.com\" target=\"_blank\">www.archi-tact.com<\/a><\/p>\n<p><a href=\"http:\/\/www.rambouillet.fr\/-Palais-du-roi-de-Rome-.html\" target=\"_blank\">www.rambouillet.fr\/-Palais-du-roi-de-Rome-.html<\/a><\/p>\n<p><strong>Consultez la Fiche Annuaire d\u2019ARCHI-TACT : <\/strong><br \/>\n<a href=\"http:\/\/www.museumexperts.com\/annuaire\/prestataire\/215\" target=\"_blank\">www.museumexperts.com\/annuaire\/prestataire\/215<\/a><\/p>\n","protected":false},"excerpt":{"rendered":"Le Palais du Roi de Rome \u00e9tait \u00e0 l&#8217;origine un h\u00f4tel particulier (l&#8217;H\u00f4tel du Gouvernement) command\u00e9 par Louis XVI \u00e0 l&#8217;architecte Jacques-Jean Th\u00e9venin pour le gouverneur de la ville, le comte d&#8217;Angiviller. Saccag\u00e9 durant la R\u00e9volution Fran\u00e7aise, il a \u00e9t\u00e9 reconstruit\u00a0\u00e0 la demande de Napol\u00e9on 1er. L&#8217;Empereur voulait faire de cette demeure attenante au parc&#8230; <br><a class=\"readm\" href=\"https:\/\/www.sitem.fr\/en\/archi-tact-maquette-tactile-palais-roi-rome-rambouillet\/\">Read more<\/a>","protected":false},"author":2,"featured_media":2636,"comment_status":"open","ping_status":"open","sticky":false,"template":"","format":"standard","meta":{"_acf_changed":false,"footnotes":""},"categories":[1],"tags":[9,10],"class_list":["post-2624","post","type-post","status-publish","format-standard","has-post-thumbnail","hentry","category-non-classifiee","tag-archi-tact","tag-maquette-tactile"],"acf":[],"_links":{"self":[{"href":"https:\/\/www.sitem.fr\/en\/wp-json\/wp\/v2\/posts\/2624","targetHints":{"allow":["GET"]}}],"collection":[{"href":"https:\/\/www.sitem.fr\/en\/wp-json\/wp\/v2\/posts"}],"about":[{"href":"https:\/\/www.sitem.fr\/en\/wp-json\/wp\/v2\/types\/post"}],"author":[{"embeddable":true,"href":"https:\/\/www.sitem.fr\/en\/wp-json\/wp\/v2\/users\/2"}],"replies":[{"embeddable":true,"href":"https:\/\/www.sitem.fr\/en\/wp-json\/wp\/v2\/comments?post=2624"}],"version-history":[{"count":17,"href":"https:\/\/www.sitem.fr\/en\/wp-json\/wp\/v2\/posts\/2624\/revisions"}],"predecessor-version":[{"id":2765,"href":"https:\/\/www.sitem.fr\/en\/wp-json\/wp\/v2\/posts\/2624\/revisions\/2765"}],"wp:featuredmedia":[{"embeddable":true,"href":"https:\/\/www.sitem.fr\/en\/wp-json\/wp\/v2\/media\/2636"}],"wp:attachment":[{"href":"https:\/\/www.sitem.fr\/en\/wp-json\/wp\/v2\/media?parent=2624"}],"wp:term":[{"taxonomy":"category","embeddable":true,"href":"https:\/\/www.sitem.fr\/en\/wp-json\/wp\/v2\/categories?post=2624"},{"taxonomy":"post_tag","embeddable":true,"href":"https:\/\/www.sitem.fr\/en\/wp-json\/wp\/v2\/tags?post=2624"}],"curies":[{"name":"wp","href":"https:\/\/api.w.org\/{rel}","templated":true}]}}